{"id":214011,"date":"2025-11-02T07:27:10","date_gmt":"2025-11-02T07:27:10","guid":{"rendered":"https:\/\/www.europesays.com\/es\/214011\/"},"modified":"2025-11-02T07:27:10","modified_gmt":"2025-11-02T07:27:10","slug":"dia-de-todos-los-fieles-difuntos","status":"publish","type":"post","link":"https:\/\/www.europesays.com\/es\/214011\/","title":{"rendered":"D\u00cdA DE TODOS LOS FIELES DIFUNTOS"},"content":{"rendered":"<p>El 2 de noviembre posee un significado especial dentro del calendario de la Iglesia Cat\u00f3lica, ya que se celebra el D\u00eda de los Fieles Difuntos, una fecha dedicada a la oraci\u00f3n y recuerdo de las almas que a\u00fan est\u00e1n en proceso de purificaci\u00f3n antes de entrar al Cielo. <\/p>\n<p>En esta jornada, las oraciones se dirigen a honrar a quienes nos han precedido, ofreciendo tributo a su vida y legado. Es un tiempo de reflexi\u00f3n y conexi\u00f3n espiritual para los fieles cat\u00f3licos, en memoria de los seres queridos que han partido de este mundo.<\/p>\n<p>El arzobispo de Sevilla, <strong>Jos\u00e9 \u00c1ngel Saiz Meneses<\/strong>, hizo referencia a los fieles difuntos, por los que la Iglesia reza especialmente este d\u00eda: <strong>\u201cpara los creyentes, aquello que da fuerza y sentido a este recuerdo es sobre todo nuestra fe. Esta fe se expresa en una gran confianza en el Dios que es Amor y Bondad infinita, a cuyo amor y bondad confiamos a nuestros queridos difuntos\u201d.<\/strong><\/p>\n","protected":false},"excerpt":{"rendered":"El 2 de noviembre posee un significado especial dentro del calendario de la Iglesia Cat\u00f3lica, ya que se&hellip;\n","protected":false},"author":2,"featured_media":214012,"comment_status":"","ping_status":"","sticky":false,"template":"","format":"standard","meta":{"footnotes":""},"categories":[5],"tags":[29269,17,18,3860,3861,3862,57287,57650,25,24,57651,13,14,57652,11,19,20,57653,9,10,15,16,23,12,21,22],"class_list":{"0":"post-214011","1":"post","2":"type-post","3":"status-publish","4":"format-standard","5":"has-post-thumbnail","7":"category-titulares","8":"tag-arzobispo-de-sevilla","9":"tag-breaking-news","10":"tag-breakingnews","11":"tag-cabildo-catedral","12":"tag-cabildo-catedral-de-sevilla","13":"tag-cabildo-metropolitano","14":"tag-capilla-real","15":"tag-conmemoracion-fieles-difuntos","16":"tag-es","17":"tag-espana","18":"tag-eucaristia-fieles-difuntos","19":"tag-featured-news","20":"tag-featurednews","21":"tag-fieles-difiuntos","22":"tag-headlines","23":"tag-latest-news","24":"tag-latestnews","25":"tag-misa-fieles-difuntos-catedral-sevilla","26":"tag-news","27":"tag-noticias","28":"tag-noticias-destacadas","29":"tag-noticiasdestacadas","30":"tag-spain","31":"tag-titulares","32":"tag-ultimas-noticias","33":"tag-ultimasnoticias"},"share_on_mastodon":{"url":"https:\/\/pubeurope.com\/@es\/115478924030315605","error":""},"_links":{"self":[{"href":"https:\/\/www.europesays.com\/es\/wp-json\/wp\/v2\/posts\/214011","targetHints":{"allow":["GET"]}}],"collection":[{"href":"https:\/\/www.europesays.com\/es\/wp-json\/wp\/v2\/posts"}],"about":[{"href":"https:\/\/www.europesays.com\/es\/wp-json\/wp\/v2\/types\/post"}],"author":[{"embeddable":true,"href":"https:\/\/www.europesays.com\/es\/wp-json\/wp\/v2\/users\/2"}],"replies":[{"embeddable":true,"href":"https:\/\/www.europesays.com\/es\/wp-json\/wp\/v2\/comments?post=214011"}],"version-history":[{"count":0,"href":"https:\/\/www.europesays.com\/es\/wp-json\/wp\/v2\/posts\/214011\/revisions"}],"wp:featuredmedia":[{"embeddable":true,"href":"https:\/\/www.europesays.com\/es\/wp-json\/wp\/v2\/media\/214012"}],"wp:attachment":[{"href":"https:\/\/www.europesays.com\/es\/wp-json\/wp\/v2\/media?parent=214011"}],"wp:term":[{"taxonomy":"category","embeddable":true,"href":"https:\/\/www.europesays.com\/es\/wp-json\/wp\/v2\/categories?post=214011"},{"taxonomy":"post_tag","embeddable":true,"href":"https:\/\/www.europesays.com\/es\/wp-json\/wp\/v2\/tags?post=214011"}],"curies":[{"name":"wp","href":"https:\/\/api.w.org\/{rel}","templated":true}]}}