{"id":214046,"date":"2025-11-02T07:56:14","date_gmt":"2025-11-02T07:56:14","guid":{"rendered":"https:\/\/www.europesays.com\/es\/214046\/"},"modified":"2025-11-02T07:56:14","modified_gmt":"2025-11-02T07:56:14","slug":"matt-beers-y-axelle-dubau-prevot-se-coronan-campeones-del-nedbank-gravel-burn-tras-una-remontada-epica-de-la-francesa","status":"publish","type":"post","link":"https:\/\/www.europesays.com\/es\/214046\/","title":{"rendered":"Matt Beers y Axelle Dubau-Prevot se coronan campeones del Nedbank Gravel Burn tras una remontada \u00e9pica de la francesa"},"content":{"rendered":"<p>Matt Beers se convierte en el primer campe\u00f3n del Nedbank Gravel Burn tras dominar de principio a fin las siete etapas del Great Karoo. Travis Stedman gana la \u00faltima jornada y el equipo Specialized Off-Road Toyota celebra un doble \u00e9xito.<\/p>\n<blockquote class=\"quote-card lateral\">\n<p>Beers, primer campe\u00f3n del Nedbank Gravel Burn tras siete d\u00edas de dominio absoluto<\/p>\n<\/blockquote>\n<p>El sudafricano Matt Beers (Specialized Off-Road Toyota) se ha coronado como el primer campe\u00f3n absoluto del Nedbank Gravel Burn, tras siete exigentes etapas que recorrieron los paisajes duros y salvajes del Great Karoo. Beers se impuso en la clasificaci\u00f3n general con autoridad, consolidando su victoria final en la \u00faltima jornada, donde su compa\u00f1ero Travis Stedman se llev\u00f3 el triunfo parcial en la meta final de Shamwari Private Game Reserve.<\/p>\n<p>\t Contin\u00faa tras los patrocinadores<\/p>\n<blockquote class=\"quote-card lateral\">\n<p>Una semana de control, estrategia y fortaleza en el terreno m\u00e1s duro del Karoo<\/p>\n<\/blockquote>\n<p>El ciclista local complet\u00f3 una semana casi perfecta, en la que demostr\u00f3 por qu\u00e9 es uno de los referentes mundiales del gravel y del MTB de resistencia. Desde la primera etapa, Beers tom\u00f3 el control de la carrera y mantuvo el liderato hasta el final, combinando potencia, regularidad y una gran capacidad para gestionar el terreno extremo y las condiciones cambiantes del Karoo.<\/p>\n<p>El \u00fanico momento de incertidumbre lleg\u00f3 en la quinta etapa, cuando sufri\u00f3 un pinchazo en los primeros kil\u00f3metros de la jornada reina, aquella en la que <a href=\"https:\/\/esmtb.com\/tom-pidcock-vuela-y-gana-en-el-final-mas-duro-de-la-gravel-burn\/\" target=\"_blank\" rel=\"noopener nofollow\">Tom Pidcock (Q36.5 Pro Cycling) se impuso tras un ataque demoledor en el Swaershoek Pass<\/a>. Beers, sin embargo, mostr\u00f3 sangre fr\u00eda y una gran fortaleza mental para remontar posiciones y minimizar las p\u00e9rdidas, salvando su liderato por escasos segundos ante el suizo Simon Pellaud (Tudor Pro Cycling).<\/p>\n<p><a href=\"https:\/\/www.europesays.com\/es\/wp-content\/uploads\/2025\/10\/gravel-burn-05.jpg\"><img fetchpriority=\"high\" decoding=\"async\" class=\"size-full wp-image-157171 \" src=\"https:\/\/www.europesays.com\/es\/wp-content\/uploads\/2025\/10\/gravel-burn-05.jpg\" alt=\"\" width=\"1024\" height=\"683\"  \/><\/a><\/p>\n<p class=\"wp-caption-text\">Matt Beersbeer<\/p>\n<blockquote class=\"quote-card lateral\">\n<p>Beers solo ha tenido \u00abproblemas\u00bb con el pinchazo de hace 2 d\u00edas<\/p>\n<\/blockquote>\n<p>La etapa 6 <a href=\"https:\/\/esmtb.com\/la-etapa-reina-del-nedbank-gravel-burn-neutralizada-por-condiciones-meteorologicas-extremas\/\" target=\"_blank\" rel=\"noopener nofollow\">fue neutralizada por el fuerte viento<\/a> y las altas temperaturas, manteniendo inalteradas las diferencias antes del \u00faltimo d\u00eda. En la s\u00e9ptima y \u00faltima jornada, disputada entre Gwanishi y Shamwari Private Game Reserve (112 km), Beers defendi\u00f3 su posici\u00f3n con solvencia, mientras su joven compa\u00f1ero Travis Stedman se llev\u00f3 una merecida victoria parcial que cerr\u00f3 el doblete del equipo Specialized Off-Road Toyota.<\/p>\n<p>El Nedbank Gravel Burn 2025 deja as\u00ed a Beers como el primer nombre grabado en el palmar\u00e9s de la prueba, que en su estreno ha reunido a algunos de los mejores especialistas internacionales del gravel, como Pidcock, Pellaud, Drechou o Baum. Una carrera que ha combinado etapas r\u00e1pidas, ascensiones de alta monta\u00f1a y tramos de aut\u00e9ntico desierto, consolid\u00e1ndose como una de las grandes citas del calendario internacional.<\/p>\n<p><a href=\"https:\/\/esmtb.com\/wp-content\/uploads\/2025\/10\/gravel-burn-03-1.jpg\" rel=\"nofollow noopener\" target=\"_blank\"><img loading=\"lazy\" decoding=\"async\" class=\"size-large wp-image-157226 \" src=\"https:\/\/www.europesays.com\/es\/wp-content\/uploads\/2025\/11\/gravel-burn-03-1-1024x683.jpg\" alt=\"\" width=\"1024\" height=\"683\"  \/><\/a><\/p>\n<p class=\"wp-caption-text\">Axelle Dubau-Pr\u00e9vot<\/p>\n<p>Giro inesperado en la general femenina<\/p>\n<blockquote class=\"quote-card lateral\">\n<p>Moolman-Pasio perdi\u00f3 casi 20 minutos y vio escapar el t\u00edtulo en la \u00faltima etapa<\/p>\n<\/blockquote>\n<p>En la categor\u00eda femenina, la \u00faltima etapa dio un vuelco total a la clasificaci\u00f3n. Axelle Dubau-Prevot firm\u00f3 una actuaci\u00f3n brillante, atacando desde los primeros compases y cruzando la meta en solitario con un tiempo de 3:52:40, m\u00e1s de cuatro minutos por delante de Lauren Stephens (Aegis Cycling Foundation) y Hayley Preen (ChemChamp Honeycomb 226ers).<\/p>\n<p>La francesa, que part\u00eda cuarta en la general antes de la jornada final, aprovech\u00f3 los problemas de Ashleigh Moolman-Pasio para recuperar m\u00e1s de diez minutos y hacerse con el triunfo absoluto. Moolman-Pasio, que lideraba con claridad, sufri\u00f3 un grave contratiempo -posiblemente un pinchazo o una aver\u00eda mec\u00e1nica- que le hizo perder casi 20 minutos y con ello toda opci\u00f3n de victoria, cayendo hasta la quinta plaza final.<\/p>\n<p>Melisa Rollins (Liv Racing Collective), constante durante toda la semana, complet\u00f3 el podio final en segunda posici\u00f3n, mientras que la sudafricana Hayley Preen cerr\u00f3 la general en tercer lugar.<\/p>\n<p>El Nedbank Gravel Burn cierra su primera edici\u00f3n con un \u00e9xito rotundo de participaci\u00f3n y organizaci\u00f3n, dejando im\u00e1genes espectaculares y un mensaje claro: el gravel en Sud\u00e1frica ha alcanzado un nuevo nivel.<\/p>\n<p>Clasificaci\u00f3n etapa 7 \u2013 hombres<\/p>\n<tr>\nPos.<br \/>\nNombre<br \/>\nTiempo<br \/>\n<\/tr>\n<tr>\n<td>1<\/td>\n<td>Travis Stedman (Team Toyota Specialized)<\/td>\n<td>3:14:14<\/td>\n<\/tr>\n<tr>\n<td>2<\/td>\n<td>Matthew Beers (Specialized Off-Road Toyota)<\/td>\n<td>+7<\/td>\n<\/tr>\n<tr>\n<td>3<\/td>\n<td>Tristan Nortje (Imbuko ChemChamp)<\/td>\n<td>+15<\/td>\n<\/tr>\n<tr>\n<td>4<\/td>\n<td>Lukas P\u00f6stlberger (Rose Racing Circle)<\/td>\n<td>+1:29<\/td>\n<\/tr>\n<tr>\n<td>5<\/td>\n<td>Lukas Baum (Orbea x Leatt Speed Company)<\/td>\n<td>+2:20<\/td>\n<\/tr>\n<tr>\n<td>6<\/td>\n<td>Hugo Drechou (Num\u00e9ro31.cc \/ Pinarello)<\/td>\n<td>+2:21<\/td>\n<\/tr>\n<tr>\n<td>7<\/td>\n<td>Lawrence Naesen (Next Level Racing: Rapha \u2013 Orbea)<\/td>\n<td>+3:04<\/td>\n<\/tr>\n<tr>\n<td>8<\/td>\n<td>Lodewyk Wilhelm Goosen (Imbuko ChemChamp)<\/td>\n<td>+4:59<\/td>\n<\/tr>\n<tr>\n<td>9<\/td>\n<td>Simon Pellaud (Tudor Pro Cycling)<\/td>\n<td>+5:00<\/td>\n<\/tr>\n<tr>\n<td>10<\/td>\n<td>Johan van Zyl (Toyota Specialized)<\/td>\n<td>+5:01<\/td>\n<\/tr>\n<p>Clasificaci\u00f3n general final \u2013 hombres<\/p>\n<tr>\nPos.<br \/>\nNombre<br \/>\nTiempo<br \/>\n<\/tr>\n<tr>\n<td>1<\/td>\n<td>Matthew Beers (Specialized Off-Road Toyota)<\/td>\n<td>19:01:03<\/td>\n<\/tr>\n<tr>\n<td>2<\/td>\n<td>Simon Pellaud (Tudor Pro Cycling)<\/td>\n<td>+5:26<\/td>\n<\/tr>\n<tr>\n<td>3<\/td>\n<td>Hugo Drechou (Num\u00e9ro31.cc \/ Pinarello)<\/td>\n<td>+8:56<\/td>\n<\/tr>\n<tr>\n<td>4<\/td>\n<td>Tristan Nortje (Imbuko ChemChamp)<\/td>\n<td>+9:27<\/td>\n<\/tr>\n<tr>\n<td>5<\/td>\n<td>Lukas Baum (Orbea x Leatt Speed Company)<\/td>\n<td>+10:41<\/td>\n<\/tr>\n<tr>\n<td>6<\/td>\n<td>Travis Stedman (Team Toyota Specialized)<\/td>\n<td>+11:12<\/td>\n<\/tr>\n<tr>\n<td>7<\/td>\n<td>Marco Willie Joubert (Imbuko ChemChamp Specialized)<\/td>\n<td>+22:39<\/td>\n<\/tr>\n<tr>\n<td>8<\/td>\n<td>Andreas Seewald (Singer KTM Racing)<\/td>\n<td>+38:14<\/td>\n<\/tr>\n<tr>\n<td>9<\/td>\n<td>Johan van Zyl (Toyota Specialized)<\/td>\n<td>+46:37<\/td>\n<\/tr>\n<tr>\n<td>10<\/td>\n<td>Lukas P\u00f6stlberger (Rose Racing Circle)<\/td>\n<td>+52:07<\/td>\n<\/tr>\n<p>Clasificaci\u00f3n etapa 7 \u2013 mujeres<\/p>\n<tr>\nPos.<br \/>\nNombre<br \/>\nTiempo<br \/>\n<\/tr>\n<tr>\n<td>1<\/td>\n<td>Axelle Dubau-Prevot (Num\u00e9ro 31 par Caf\u00e9 du Cycliste \/ Pinarello)<\/td>\n<td>3:52:40<\/td>\n<\/tr>\n<tr>\n<td>2<\/td>\n<td>Lauren Stephens (Aegis Cycling Foundation)<\/td>\n<td>+4:37<\/td>\n<\/tr>\n<tr>\n<td>3<\/td>\n<td>Hayley Preen (ChemChamp Honeycomb 226ers)<\/td>\n<td>+4:38<\/td>\n<\/tr>\n<tr>\n<td>4<\/td>\n<td>Clara Koppenburg<\/td>\n<td>+4:39<\/td>\n<\/tr>\n<tr>\n<td>5<\/td>\n<td>Melisa Rollins (Liv Racing Collective)<\/td>\n<td>+6:41<\/td>\n<\/tr>\n<tr>\n<td>11<\/td>\n<td>Ashleigh Moolman-Pasio (AG Insurance Soudal)<\/td>\n<td>+19:35<\/td>\n<\/tr>\n<p>Clasificaci\u00f3n general final \u2013 mujeres<\/p>\n<tr>\nPos.<br \/>\nNombre<br \/>\nTiempo<br \/>\n<\/tr>\n<tr>\n<td>1<\/td>\n<td>Axelle Dubau-Prevot (Num\u00e9ro 31 par Caf\u00e9 du Cycliste \/ Pinarello)<\/td>\n<td>23:40:55<\/td>\n<\/tr>\n<tr>\n<td>2<\/td>\n<td>Melisa Rollins (Liv Racing Collective)<\/td>\n<td>+2:07<\/td>\n<\/tr>\n<tr>\n<td>3<\/td>\n<td>Hayley Preen (ChemChamp Honeycomb 226ers)<\/td>\n<td>+2:15<\/td>\n<\/tr>\n<tr>\n<td>4<\/td>\n<td>Lauren Stephens (Aegis Cycling Foundation)<\/td>\n<td>+2:44<\/td>\n<\/tr>\n<tr>\n<td>5<\/td>\n<td>Ashleigh Moolman-Pasio (AG Insurance Soudal)<\/td>\n<td>+10:41<\/td>\n<\/tr>\n","protected":false},"excerpt":{"rendered":"Matt Beers se convierte en el primer campe\u00f3n del Nedbank Gravel Burn tras dominar de principio a fin&hellip;\n","protected":false},"author":2,"featured_media":214047,"comment_status":"","ping_status":"","sticky":false,"template":"","format":"standard","meta":{"footnotes":""},"categories":[273],"tags":[313,312,168,25,24,18236,54416,23,167],"class_list":{"0":"post-214046","1":"post","2":"type-post","3":"status-publish","4":"format-standard","5":"has-post-thumbnail","7":"category-ciclismo","8":"tag-ciclismo","9":"tag-cycling","10":"tag-deportes","11":"tag-es","12":"tag-espana","13":"tag-gravel","14":"tag-gravel-burn","15":"tag-spain","16":"tag-sports"},"share_on_mastodon":{"url":"https:\/\/pubeurope.com\/@es\/115479038121578868","error":""},"_links":{"self":[{"href":"https:\/\/www.europesays.com\/es\/wp-json\/wp\/v2\/posts\/214046","targetHints":{"allow":["GET"]}}],"collection":[{"href":"https:\/\/www.europesays.com\/es\/wp-json\/wp\/v2\/posts"}],"about":[{"href":"https:\/\/www.europesays.com\/es\/wp-json\/wp\/v2\/types\/post"}],"author":[{"embeddable":true,"href":"https:\/\/www.europesays.com\/es\/wp-json\/wp\/v2\/users\/2"}],"replies":[{"embeddable":true,"href":"https:\/\/www.europesays.com\/es\/wp-json\/wp\/v2\/comments?post=214046"}],"version-history":[{"count":0,"href":"https:\/\/www.europesays.com\/es\/wp-json\/wp\/v2\/posts\/214046\/revisions"}],"wp:featuredmedia":[{"embeddable":true,"href":"https:\/\/www.europesays.com\/es\/wp-json\/wp\/v2\/media\/214047"}],"wp:attachment":[{"href":"https:\/\/www.europesays.com\/es\/wp-json\/wp\/v2\/media?parent=214046"}],"wp:term":[{"taxonomy":"category","embeddable":true,"href":"https:\/\/www.europesays.com\/es\/wp-json\/wp\/v2\/categories?post=214046"},{"taxonomy":"post_tag","embeddable":true,"href":"https:\/\/www.europesays.com\/es\/wp-json\/wp\/v2\/tags?post=214046"}],"curies":[{"name":"wp","href":"https:\/\/api.w.org\/{rel}","templated":true}]}}