{"id":214086,"date":"2025-11-02T08:24:11","date_gmt":"2025-11-02T08:24:11","guid":{"rendered":"https:\/\/www.europesays.com\/es\/214086\/"},"modified":"2025-11-02T08:24:11","modified_gmt":"2025-11-02T08:24:11","slug":"el-nuevo-pinole-con-seis-salas-abiertas-y-luz-cenital-acogera-unas-cien-obras","status":"publish","type":"post","link":"https:\/\/www.europesays.com\/es\/214086\/","title":{"rendered":"El nuevo Pi\u00f1ole, con seis salas abiertas y luz cenital, acoger\u00e1 unas cien obras"},"content":{"rendered":"<p class=\"ft-text ft-helper-closenews\">El proyecto para el nuevo Museo Nicanor Pi\u00f1ole en su futura ubicaci\u00f3n junto a Tabacalera se dise\u00f1ar\u00e1 en torno a seis salas abiertas que, se calcula, permitir\u00e1 albergar unas cien obras al mismo tiempo. Se nutrir\u00e1n en gran parte de los fondos del pintor en manos municipales pero, tambi\u00e9n, de piezas en pr\u00e9stamo que, seg\u00fan el gobierno local, \u00abhasta ahora eran dif\u00edciles de conseguir por las condiciones del antiguo Asilo Pola\u00bb. Mientras avanza la licitaci\u00f3n del Centro de Arte de Tabacalera, proyecto en el que se enmarca la construcci\u00f3n del nuevo museo, el \u00e1rea de Cultura trabaja con la previsi\u00f3n de dise\u00f1ar un programa expositivo y de actividades similar al del actual espacio \u2013que acoge con frecuencia excursiones escolares, por ejemplo\u2013, pero con la intenci\u00f3n de que la nueva ubicaci\u00f3n permita \u00abofrecer una programaci\u00f3n m\u00e1s variada\u00bb.<\/p>\n<p class=\"ft-text\">Se\u00f1alaba la concejala de Cultura, Montserrat L\u00f3pez Moro, en una entrevista a este peri\u00f3dico el pasado septiembre, que el museo actual tiene unas 80 obras en exposici\u00f3n. Los fondos municipales cuentan con 6.153 piezas: la mayor\u00eda son dibujos y bocetos y unas 200 son obra pict\u00f3rica como tal. Si prospera la idea del gobierno de la anunciada exposici\u00f3n en el Revillagigedo, para el palacete se proyecta exponer tambi\u00e9n un centenar de oras.<\/p>\n<p class=\"ft-text\">El enfoque para el nuevo museo es similar al que se proyecta para los dos bloques de nueva construcci\u00f3n, que quieren servirse del dise\u00f1o de las cubiertas para crear espacios di\u00e1fanos con luz natural. En los pliegos de la licitaci\u00f3n se menciona la posibilidad de \u00abdar forma a los nuevos edificios creando unos vol\u00famenes tallados que se inclinan y fragmentan en su coronaci\u00f3n a semejanza de las cubiertas tradicionales del entorno pero proporcionando un uso lum\u00ednico a los espacios que cubren\u00bb.<\/p>\n<p class=\"ft-text\">En las infograf\u00edas que manejan por ahora los t\u00e9cnicos, el nuevo Pi\u00f1ole luce con un dise\u00f1o de concepto abierto, paredes claras y una luz cenital y central como principal foco lum\u00ednico. En las im\u00e1genes figuran tambi\u00e9n ventanales con vistas el resto del centro de arte. Ese concepto abierto se replica en la comunicaci\u00f3n entre las salas, que es el formato que a juicio del Ayuntamiento permitir\u00eda dar con propuestas expositivas m\u00e1s variadas que las que permite la infraestructura actual<\/p>\n<p class=\"ft-text\"><strong>Fuera de circuito<\/strong><\/p>\n<p class=\"ft-text\">La obra de Tabacalera, ahora en licitaci\u00f3n, sali\u00f3 a concurso p\u00fablico por 21,44 millones de euros de presupuesto y con un plazo de ejecuci\u00f3n de hasta 42 meses, pero se estima que la ejecuci\u00f3n del edificio de nueva construcci\u00f3n que albergar\u00e1 el museo del pintor gijon\u00e9s ser\u00e1 una de las tareas que primero se culminen. Las \u00faltimas previsiones conocidas del gobierno local es que la actuaci\u00f3n en la vieja f\u00e1brica de tabacos eche a andar en la primavera del pr\u00f3ximo a\u00f1o y que la construcci\u00f3n del nuevo bloque sea una realidad en unos 21 meses, con la fecha de finales de 2027 como plazo estimado de fin de obra.<\/p>\n<p class=\"ft-text\">La comisi\u00f3n del Pi\u00f1ole ya ha se\u00f1alado que el traslado del museo hasta Tabacalera \u00abest\u00e1 fuera de toda duda\u00bb y que no tienen ning\u00fan reparo en ello. Con el traslado se cumple, de hecho, con un acuerdo cerrado por el Ayuntamiento \u2013con Paz Fern\u00e1ndez Felgueroso entonces como regidora\u2013 con la propia comisi\u00f3n en 2008. Ambas partes entienden que como el nuevo recinto muse\u00edstico se configura como un espacio propio \u2013en las salas del Pi\u00f1ole no se albergar\u00e1n a otros artistas ni se aceptar\u00e1 otros usos\u2013 las condiciones de donaci\u00f3n pactadas en su d\u00eda con la familia se siguen cumpliendo.<\/p>\n<p class=\"ft-text\">La idea tambi\u00e9n es que, de paso, el traslado ayude a solventar un problema que ya se atisbaba en 2008: la afluencia. El actual museo en su ubicaci\u00f3n en la plaza de Europa se considera que est\u00e1 \u00abfuera de circuito\u00bb y que pese a estar en un espacio transitado no ha logrado integrarse en la ruta cultural de la ciudad. El Pi\u00f1ole tuvo 13.000 visitas y la Casa Natal de Jovellanos, que por sus caracter\u00edsticas es el inmueble m\u00e1s comparable, tuvo 56.000.<\/p>\n<p data-close=\"closedContent\" class=\"subscribeHideForDisplay\">Suscr\u00edbete para seguir leyendo<\/p>\n","protected":false},"excerpt":{"rendered":"El proyecto para el nuevo Museo Nicanor Pi\u00f1ole en su futura ubicaci\u00f3n junto a Tabacalera se dise\u00f1ar\u00e1 en&hellip;\n","protected":false},"author":2,"featured_media":214087,"comment_status":"","ping_status":"","sticky":false,"template":"","format":"standard","meta":{"footnotes":""},"categories":[173],"tags":[3127,229,233,231,230,5297,232,234,146,147,25,10558,24,1875,524,474,32544,23168,1139,23],"class_list":{"0":"post-214086","1":"post","2":"type-post","3":"status-publish","4":"format-standard","5":"has-post-thumbnail","7":"category-arte-y-diseno","8":"tag-abiertas","9":"tag-arte","10":"tag-arte-y-diseno","11":"tag-arts","12":"tag-arts-and-design","13":"tag-construccion","14":"tag-design","15":"tag-diseno","16":"tag-entertainment","17":"tag-entretenimiento","18":"tag-es","19":"tag-espacio","20":"tag-espana","21":"tag-luz","22":"tag-nuevo","23":"tag-obras","24":"tag-pinole","25":"tag-salas","26":"tag-seis","27":"tag-spain"},"share_on_mastodon":{"url":"https:\/\/pubeurope.com\/@es\/115479148139829298","error":""},"_links":{"self":[{"href":"https:\/\/www.europesays.com\/es\/wp-json\/wp\/v2\/posts\/214086","targetHints":{"allow":["GET"]}}],"collection":[{"href":"https:\/\/www.europesays.com\/es\/wp-json\/wp\/v2\/posts"}],"about":[{"href":"https:\/\/www.europesays.com\/es\/wp-json\/wp\/v2\/types\/post"}],"author":[{"embeddable":true,"href":"https:\/\/www.europesays.com\/es\/wp-json\/wp\/v2\/users\/2"}],"replies":[{"embeddable":true,"href":"https:\/\/www.europesays.com\/es\/wp-json\/wp\/v2\/comments?post=214086"}],"version-history":[{"count":0,"href":"https:\/\/www.europesays.com\/es\/wp-json\/wp\/v2\/posts\/214086\/revisions"}],"wp:featuredmedia":[{"embeddable":true,"href":"https:\/\/www.europesays.com\/es\/wp-json\/wp\/v2\/media\/214087"}],"wp:attachment":[{"href":"https:\/\/www.europesays.com\/es\/wp-json\/wp\/v2\/media?parent=214086"}],"wp:term":[{"taxonomy":"category","embeddable":true,"href":"https:\/\/www.europesays.com\/es\/wp-json\/wp\/v2\/categories?post=214086"},{"taxonomy":"post_tag","embeddable":true,"href":"https:\/\/www.europesays.com\/es\/wp-json\/wp\/v2\/tags?post=214086"}],"curies":[{"name":"wp","href":"https:\/\/api.w.org\/{rel}","templated":true}]}}