{"id":214088,"date":"2025-11-02T08:26:12","date_gmt":"2025-11-02T08:26:12","guid":{"rendered":"https:\/\/www.europesays.com\/es\/214088\/"},"modified":"2025-11-02T08:26:12","modified_gmt":"2025-11-02T08:26:12","slug":"os-llevo-en-el-alma","status":"publish","type":"post","link":"https:\/\/www.europesays.com\/es\/214088\/","title":{"rendered":"Os llevo en el alma"},"content":{"rendered":"<p class=\"article-text\">\n        <strong>Sue\u00f1os de libertad<\/strong><strong> <\/strong>se ha despedido oficialmente de una de sus actrices este viernes, 31 de octubre. La serie de<strong> Antena 3<\/strong> ha compartido un emotivo v\u00eddeo en el que <strong>Ana Labordeta<\/strong> dec\u00eda adi\u00f3s a los espectadores, dejando de interpretar a <strong>Irene Carpena <\/strong>casi un a\u00f1o despu\u00e9s de su primera intervenci\u00f3n. Como no pod\u00eda ser de otro modo, se ha dirigido tanto a sus compa\u00f1eros de reparto con un emotivo mensaje: \u201c<strong>Os llevo en el alma<\/strong>\u201d.\n    <\/p>\n<p>    <a href=\"https:\/\/www.eldiario.es\/vertele\/noticias\/suenos-libertad-suma-nuevo-fichaje-personaje-sacudira-matrimonio-protagonistas_1_12721848.html\" data-mrf-recirculation=\"saber-mas\" data-dl-event=\"saber-mas\" rel=\"nofollow noopener\" target=\"_blank\"><\/p>\n<p class=\"know-more__title\">&#8216;Sue\u00f1os de libertad&#8217; suma un nuevo fichaje con un personaje que sacudir\u00e1 el matrimonio de dos protagonistas<\/p>\n<p>            <img decoding=\"async\" class=\"lazy\" loading=\"lazy\" data-src=\"https:\/\/static.eldiario.es\/clip\/d39dd3eb-1b71-4635-b3ab-9cdbf0ee1acd_16-9-aspect-ratio_default_0.jpg\" src=\"data:image\/svg+xml,%3Csvg xmlns=\" http:=\"\" viewbox=\"0 0 880 495\" alt=\"'Sue\u00f1os de libertad' suma un nuevo fichaje con un personaje que sacudir\u00e1 el matrimonio de dos protagonistas\"\/><\/p>\n<p>                        <\/a><\/p>\n<p class=\"article-text\">\n        Labordeta lleg\u00f3 al serial de Atresmedia para interpretar a la <strong>hermana de don Pedro<\/strong> en enero de 2025. De hecho, se convirti\u00f3 en su principal apoyo tras la tr\u00e1gica muerte tanto de su hijo Mateo como de su esposa do\u00f1a In\u00e9s. Desde entonces, muchas han sido las tramas que han envuelto al personaje, hasta que tom\u00f3 una importante decisi\u00f3n:<strong> marcharse a Madrid<\/strong> para empezar una nueva vida con el que siempre fue su amor.\n    <\/p>\n<p class=\"article-text\">\n        A consecuencia del nuevo destino de Irene, la actriz que le dio vida en Sue\u00f1os de libertad ha compartido un <strong>mensaje <\/strong>a trav\u00e9s de las redes sociales oficiales de la serie: \u201c<strong>Ha llegado el d\u00eda. \u00a1C\u00f3mo pasa el tiempo!<\/strong> Esos camerinos, esos pasillos, esos madrugones, ese estudiar, ese compartir\u2026\u201d. Como no pod\u00eda ser de otro modo, la int\u00e9rprete ha mostrado un enorme agradecimiento con sus compa\u00f1eros: \u201c<strong>Hab\u00e9is sido un tesoro <\/strong>y es un tesoro haber podido trabajar con cada uno de vosotros\u201d.\n    <\/p>\n<p class=\"article-text\">\n        \u201c<strong>Os llevo en el alma y en el coraz\u00f3n<\/strong>. Espero que la vida nos vuelva a reunir porque os quiero mucho\u201d, ha continuado. Ana Labordeta tambi\u00e9n se ha dirigido a todas las personas que trabajan diariamente detr\u00e1s de las c\u00e1maras antes de concluir: \u201cY al <strong>equipo t\u00e9cnico<\/strong>, pues much\u00edsimas <strong>gracias por vuestro respeto<\/strong>, vuestro cuidado, por lo bonito que lo hac\u00e9is todo. Os deseo suerte en la vida\u201d.\n    <\/p>\n<p>    <a href=\"https:\/\/www.eldiario.es\/vertele\/analisis\/dime-tu-nombre-serie-terror-amazon-prime-video-michelle-jenner-dario-grandinetti-elena-rivera_1_12728124.html\" data-mrf-recirculation=\"saber-mas-abajo\" data-dl-event=\"saber-mas-abajo\" rel=\"nofollow noopener\" target=\"_blank\"><\/p>\n<p class=\"know-more__title\">&#8216;Dime tu nombre&#8217;: la nueva serie de Prime Video aterra con su met\u00e1fora sobre los demonios de nuestra sociedad<\/p>\n<p>            <img decoding=\"async\" class=\"lazy\" loading=\"lazy\" data-src=\"https:\/\/static.eldiario.es\/clip\/0858f990-71ed-4bf5-845f-2509681923c4_16-9-aspect-ratio_default_0.jpg\" src=\"data:image\/svg+xml,%3Csvg xmlns=\" http:=\"\" viewbox=\"0 0 880 495\" alt=\"'Dime tu nombre': la nueva serie de Prime Video aterra con su met\u00e1fora sobre los demonios de nuestra sociedad\"\/><\/p>\n<p>                        <\/a><\/p>\n<blockquote class=\"twitter-tweet\" data-lang=\"es\"><p><a href=\"https:\/\/twitter.com\/X\/status\/1984213764120420663?ref_src=twsrc%5Etfw\" rel=\"nofollow noopener\" target=\"_blank\"><\/p><\/blockquote>\n<p>    &#8216;Sue\u00f1os de libertad&#8217; desliza un posible regreso en el futuro<\/p>\n<p class=\"article-text\">\n        Aunque el personaje que interpreta se marche a Madrid para encontrar una nueva vida, Sue\u00f1os de libertad ha dejado la <strong>puerta abierta a un regreso<\/strong> en un futuro: \u201cAna Labordeta tiene un mensaje para todos sus compa\u00f1eros. Aunque puede que Irene haga alguna visitilla a la colonia, \u00bfno?\u201d, reza el texto que acompa\u00f1a el v\u00eddeo de despedida. A partir de ahora, la serie continuar\u00e1 explorando la venganza de <strong>Gabriel<\/strong>, quien har\u00e1 todo lo posible para acabar con la vida de <strong>Andr\u00e9s <\/strong>tras la <a href=\"https:\/\/www.eldiario.es\/vertele\/videos\/actualidad\/suenos-libertad-resolvio-tragica-explosion-muerte-coma-protagonistas-antena-3_7_12701733.html\" target=\"_blank\" data-mrf-recirculation=\"links-noticia\" class=\"link\" rel=\"nofollow noopener\">tr\u00e1gica explosi\u00f3n<\/a> que lo llev\u00f3 al hospital y provoc\u00f3 una muerte.\n    <\/p>\n<p>                                <script async src=\"https:\/\/platform.twitter.com\/widgets.js\" charset=\"utf-8\"><\/script><\/p>\n","protected":false},"excerpt":{"rendered":"Sue\u00f1os de libertad se ha despedido oficialmente de una de sus actrices este viernes, 31 de octubre. La&hellip;\n","protected":false},"author":2,"featured_media":214089,"comment_status":"","ping_status":"","sticky":false,"template":"","format":"standard","meta":{"footnotes":""},"categories":[171],"tags":[1015,6831,10512,4040,6193,19640,146,147,25,24,5085,1689,8079,23,12108,214],"class_list":{"0":"post-214088","1":"post","2":"type-post","3":"status-publish","4":"format-standard","5":"has-post-thumbnail","7":"category-tv","8":"tag-actrices","9":"tag-adios","10":"tag-alma","11":"tag-antena-3","12":"tag-despide","13":"tag-emotivo","14":"tag-entertainment","15":"tag-entretenimiento","16":"tag-es","17":"tag-espana","18":"tag-libertad","19":"tag-llevo","20":"tag-mensaje","21":"tag-spain","22":"tag-suenos","23":"tag-tv"},"share_on_mastodon":{"url":"https:\/\/pubeurope.com\/@es\/115479156061713217","error":""},"_links":{"self":[{"href":"https:\/\/www.europesays.com\/es\/wp-json\/wp\/v2\/posts\/214088","targetHints":{"allow":["GET"]}}],"collection":[{"href":"https:\/\/www.europesays.com\/es\/wp-json\/wp\/v2\/posts"}],"about":[{"href":"https:\/\/www.europesays.com\/es\/wp-json\/wp\/v2\/types\/post"}],"author":[{"embeddable":true,"href":"https:\/\/www.europesays.com\/es\/wp-json\/wp\/v2\/users\/2"}],"replies":[{"embeddable":true,"href":"https:\/\/www.europesays.com\/es\/wp-json\/wp\/v2\/comments?post=214088"}],"version-history":[{"count":0,"href":"https:\/\/www.europesays.com\/es\/wp-json\/wp\/v2\/posts\/214088\/revisions"}],"wp:featuredmedia":[{"embeddable":true,"href":"https:\/\/www.europesays.com\/es\/wp-json\/wp\/v2\/media\/214089"}],"wp:attachment":[{"href":"https:\/\/www.europesays.com\/es\/wp-json\/wp\/v2\/media?parent=214088"}],"wp:term":[{"taxonomy":"category","embeddable":true,"href":"https:\/\/www.europesays.com\/es\/wp-json\/wp\/v2\/categories?post=214088"},{"taxonomy":"post_tag","embeddable":true,"href":"https:\/\/www.europesays.com\/es\/wp-json\/wp\/v2\/tags?post=214088"}],"curies":[{"name":"wp","href":"https:\/\/api.w.org\/{rel}","templated":true}]}}