{"id":214090,"date":"2025-11-02T08:28:07","date_gmt":"2025-11-02T08:28:07","guid":{"rendered":"https:\/\/www.europesays.com\/es\/214090\/"},"modified":"2025-11-02T08:28:07","modified_gmt":"2025-11-02T08:28:07","slug":"nancy-spielberg-a-veces-me-siento-mas-segura-en-israel-que-en-nueva-york-es-aterrador","status":"publish","type":"post","link":"https:\/\/www.europesays.com\/es\/214090\/","title":{"rendered":"Nancy Spielberg: \u201cA veces me siento m\u00e1s segura en Israel que en Nueva York, es aterrador\u201d"},"content":{"rendered":"<p><img alt=\"Nancy Spielberg, de 69 a\u00f1os,\" class=\"global-image\" decoding=\"async\" fetchpriority=\"high\" height=\"1080\" loading=\"eager\" src=\"https:\/\/www.europesays.com\/es\/wp-content\/uploads\/2025\/11\/PQNE3XZKDFHUTAXH2TRIRWEYJE.jpg\" width=\"1920\"\/>Nancy Spielberg, de 69 a\u00f1os, durante la entrevista con Infobae en Buenos Aires. El documental se presentar\u00e1 en noviembre en el Festival de Mar del Plata: \u00abEs una historia argentina. Pertenece aqu\u00ed\u00bb (Adri\u00e1n Escandar\/Infobae)<\/p>\n<p class=\"paragraph\"><b>Nancy Spielberg<\/b> recibe a <b>Infobae <\/b>en el hotel Alvear de Buenos Aires. De mirada azul intensa y gesto en\u00e9rgico, la productora cinematogr\u00e1fica de 69 a\u00f1os ha forjado una carrera propia lejos de la sombra de su hermano Steven, dedicada a documentar historias jud\u00edas e israel\u00edes. Su \u00faltimo trabajo, <b>A Letter to David<\/b> (Una carta para David), que se proyectar\u00e1 en noviembre en el <b>Festival Internacional de Cine de Mar del Plata<\/b>, es quiz\u00e1s su proyecto m\u00e1s desgarrador: una carta cinematogr\u00e1fica a <b>David Cunio<\/b>, argentino-israel\u00ed que hace una d\u00e9cada protagoniz\u00f3 la \u00f3pera prima del director <b>Tom Shoval<\/b> y que fue secuestrado por Hamas el 7 de octubre de 2023.<\/p>\n<p class=\"paragraph\">La cruel iron\u00eda que atraviesa el documental es dif\u00edcil de procesar: en Youth (2013), David y su hermano gemelo Eitan interpretaron a dos hermanos que secuestran a una joven para resolver sus problemas econ\u00f3micos. Una d\u00e9cada despu\u00e9s, <b>David <\/b>y su hermano menor <b>Ariel <\/b>fueron arrancados del <b>kibutz Nir Oz<\/b> y llevados a <b>Gaza<\/b>, donde permanecieron cautivos durante m\u00e1s de dos a\u00f1os. <b>Shoval<\/b>, devastado, rescat\u00f3 el material de archivo de aquella pel\u00edcula \u2014audiciones, tomas descartadas, momentos detr\u00e1s de c\u00e1mara\u2014 para construir una <b>meditaci\u00f3n sobre los v\u00ednculos entre cine y realidad, memoria y trauma<\/b>. <b>Nancy Spielberg<\/b>, quien produjo el documental, vio en el proyecto una forma de <b>mantener el foco en la humanidad de los rehenes<\/b> cuando el mundo parec\u00eda mirar hacia otro lado.<\/p>\n<p>Una Carta para David &#8211; Tr\u00e1iler <\/p>\n<p class=\"paragraph\">El filme, que se estren\u00f3 en el<b> Festival de Berl\u00edn<\/b> en febrero y gan\u00f3 el <b>premio Weil Bloch<\/b> a la mejor pel\u00edcula sobre \u201csociedad compartida\u201d en Israel, <b>no muestra ni una sola imagen de la violencia del 7 de octubre<\/b>. Una decisi\u00f3n deliberada en tiempos de saturaci\u00f3n de contenido gr\u00e1fico. \u201cAl sacarlo del espectro pol\u00edtico y enfocarnos sobre la humanidad, la pel\u00edcula cumple su prop\u00f3sito\u201d, explica Spielberg. \u201c<b>Miras a David y piensas: \u2018Es un chico tan agradable\u2019. Me gustar\u00eda pasar tiempo con \u00e9l<\/b>\u201d. <a href=\"https:\/\/www.infobae.com\/america\/mundo\/2025\/10\/13\/el-grupo-terrorista-hamas-libera-a-los-rehenes-israelies-tras-mas-de-dos-anos-secuestrados-en-gaza\/\" target=\"_blank\" rel=\"noreferrer nofollow noopener\" title=\"https:\/\/www.infobae.com\/america\/mundo\/2025\/10\/13\/el-grupo-terrorista-hamas-libera-a-los-rehenes-israelies-tras-mas-de-dos-anos-secuestrados-en-gaza\/\">David y Ariel Cunio fueron finalmente liberados el 13 de octubre de 2025<\/a>, junto con otros 18 rehenes vivos, tras m\u00e1s de dos a\u00f1os secuestrados en Gaza. La pel\u00edcula tendr\u00e1 ahora un nuevo final. <\/p>\n<p class=\"paragraph\"><b>\u2014Estaba en Jerusal\u00e9n el 7 de octubre. \u00bfC\u00f3mo vivi\u00f3 ese d\u00eda?<\/b><\/p>\n<p class=\"paragraph\">\u2014Mi hija vive en Tel Aviv y hab\u00eda tenido nuestro primer nieto tres meses antes. Tenemos casa en Jerusal\u00e9n. Ella me llam\u00f3 temprano y dijo: \u201c\u00bfEntiendes lo que est\u00e1 pasando?\u201d Respond\u00ed: \u201cEstoy durmiendo, \u00bfqu\u00e9 quieres decir?\u201d. Y me dijo: \u201cTerroristas infiltraron el pa\u00eds, est\u00e1n entrando a las casas y masacrando gente. Necesitas encontrar un arma e ir al cuarto seguro.\u201d Ese fue mi despertar. Durante tres d\u00edas nos quedamos en el departamento cerca del cuarto seguro porque nadie sab\u00eda qu\u00e9 estaba pasando. Empezamos a ver las noticias, las im\u00e1genes que Hamas difundi\u00f3, que eran horribles.<\/p>\n<p><img alt=\"Spielberg fue evacuada de Israel\" class=\"global-image\" decoding=\"async\" fetchpriority=\"low\" height=\"1080\" loading=\"lazy\" src=\"https:\/\/www.europesays.com\/es\/wp-content\/uploads\/2025\/11\/7Z6MT4N4RZAULFOV7MEIMAIMHA.jpg\" width=\"1920\"\/>Spielberg fue evacuada de Israel nueve d\u00edas despu\u00e9s del ataque de Hamas: \u00abForc\u00e9 a mi hija a venir con el beb\u00e9 porque estaba sola. Eso inici\u00f3 este ciclo de dos a\u00f1os yendo y viniendo\u00bb  (Adri\u00e1n Escandar\/Infobae)<\/p>\n<p class=\"paragraph\"><b>\u2014La pel\u00edcula no muestra ninguna escena de violencia. \u00bfFue una decisi\u00f3n consciente?<\/b><\/p>\n<p class=\"paragraph\">\u2014Cuando Jake Paltrow [cineasta y amigo de la familia] me conect\u00f3 con Tom Shoval, la idea de Tom era literalmente una carta a David usando metraje que hab\u00eda tomado y olvidado de la pel\u00edcula \u201cYouth\u201d, sin usar ning\u00fan material violento. Me encant\u00f3 eso y supe que pod\u00eda manejarlo. No significa que no fuera doloroso, pero no era lo mismo que ver todo el horrible material de Hamas que circulaba.<\/p>\n<p class=\"paragraph\"><b>\u2014\u00bfQu\u00e9 le atrajo de Tom como director? Mencion\u00f3 que al conocerlo le record\u00f3 a su hermano Steven.<\/b><\/p>\n<p class=\"paragraph\">\u2014S\u00ed, porque Tom es s\u00faper sensible, y mi hermano tambi\u00e9n tiene ese lado sensible. Tom es cuidadoso. No ser\u00eda el tipo de cineasta que mete la c\u00e1mara en la cara de una familia que est\u00e1 pasando por algo terrible. Trabaj\u00f3 cuidadosa y lentamente con ellos para que a su ritmo pudieran contar su historia. La forma en que lo manej\u00f3 con sensibilidad es como mi hermano tambi\u00e9n trabaja. Y adem\u00e1s, Tom es muy inteligente visualmente. La pel\u00edcula es hermosa. Y mi hermano&#8230; bueno, \u00e9l tambi\u00e9n hace cosas bonitas, \u00bfno? (risas).<\/p>\n<p><img alt=\"Tom [Shoval] me record\u00f3 a\" class=\"global-image\" decoding=\"async\" fetchpriority=\"low\" height=\"1080\" loading=\"lazy\" src=\"https:\/\/www.europesays.com\/es\/wp-content\/uploads\/2025\/11\/IPMSXQPWBBCF7OVEBA7U5JF4K4.jpg\" width=\"1920\"\/>Tom [Shoval] me record\u00f3 a mi hermano. Es muy sensible y trabaj\u00f3 con la familia con cuidado, para que a su ritmo pudieran contar su historia\u00bb, explica sobre el director del documental (Adri\u00e1n Escandar\/Infobae)<\/p>\n<p class=\"paragraph\"><b>\u2014Lo m\u00e1s impactante del filme es esa cruel iron\u00eda: en la primera pel\u00edcula actuaron como secuestradores y luego David fue secuestrado.<\/b><\/p>\n<p class=\"paragraph\">\u2014Fue una locura. Tom hab\u00eda filmado el detr\u00e1s de escena de ense\u00f1ar a estos dos hermanos gemelos a actuar para Youth. No eran actores. Cuando empez\u00f3 a buscar gemelos que pudieran interpretar hermanos tan cercanos que terminan las frases del otro, encontr\u00f3 a Eitan y David. Cuando los ves, son una sola persona. Hay cosas que me impactaron. Por ejemplo, hay una escena donde forcejean con la reh\u00e9n, la encierran y ella grita: \u201cNo, no, no\u201d y luego \u201cNo me dejen\u201d. Pens\u00e9: esa es la dependencia de estos rehenes de sus captores. Su comida, su agua, su vida est\u00e1 en manos de estas personas. La iron\u00eda era incre\u00edble.<\/p>\n<p class=\"paragraph\"><b>\u2014Hay una escena donde David filma el kibutz y hace zoom hacia Gaza diciendo: \u201cMira qu\u00e9 cerca estamos\u201d.<\/b><\/p>\n<p class=\"paragraph\">\u2014Y luego dice: \u201cAh\u00ed est\u00e1 la luz al final del t\u00fanel\u201d. La gente no entiende c\u00f3mo era vivir en esos kibutzim. Hay muchos argentinos en el sur. Pero Nir Oz era la Tierra de Oz. Era esta vida maravillosa donde j\u00f3venes de veintitantos dec\u00edan: \u201cAqu\u00ed hago mis asados. Aqu\u00ed tomo la mejor naranja del \u00e1rbol\u201d. Apreciaban las cosas simples de la vida, sacaban lo mejor de un peligro que estaba en su puerta. Siempre hubo cohetes, pero nada como esto.<\/p>\n<p><img alt=\"&quot;En Jerusal\u00e9n hay muchos \u00e1rabes\" class=\"global-image\" decoding=\"async\" fetchpriority=\"low\" height=\"2880\" loading=\"lazy\" src=\"https:\/\/www.europesays.com\/es\/wp-content\/uploads\/2025\/11\/NVXMTORZBJHQLDUGJ4ZAWX3KAI.jpg\" width=\"1920\"\/>\u00abEn Jerusal\u00e9n hay muchos \u00e1rabes y jud\u00edos viviendo lado a lado. Despu\u00e9s del 7 de octubre se escondieron, estaban avergonzados de c\u00f3mo actu\u00f3 Hamas. Pero nadie habla de ellos. Hay buena gente en todos lados\u00bb.(Adri\u00e1n Escandar\/Infobae)<\/p>\n<p class=\"paragraph\"><b>\u2014\u00bfC\u00f3mo apoy\u00f3 al director Tom Shoval en el proceso de volver a ese material en circunstancias tan tr\u00e1gicas?<\/b><\/p>\n<p class=\"paragraph\">\u2014Sent\u00ed que mi rol m\u00e1s importante era ser un par de ojos que no fueran israel\u00edes. Que la historia llevara ese poder fuera de Israel. En Israel todos est\u00e1n muy traumatizados. La menci\u00f3n de <a href=\"https:\/\/www.infobae.com\/sociedad\/2025\/02\/19\/la-historia-de-los-bibas-la-familia-argentina-secuestrada-y-asesinada-por-hamas-la-vida-en-el-kibutz-y-el-momento-de-la-captura\/\" target=\"_blank\" rel=\"noreferrer nofollow noopener\" title=\"https:\/\/www.infobae.com\/sociedad\/2025\/02\/19\/la-historia-de-los-bibas-la-familia-argentina-secuestrada-y-asesinada-por-hamas-la-vida-en-el-kibutz-y-el-momento-de-la-captura\/\">la familia Bibas<\/a> tiene a todos llorando. Pero una vez mostr\u00e9 el primer corte a alguien y dijeron: \u201c\u00bfQui\u00e9n es esta gente Bibas que sigues mostrando?\u201d As\u00ed de desconectado est\u00e1 el resto del mundo. No entienden que dos beb\u00e9s fueron tomados, que fueron estrangulados por terroristas. Necesitaba que entendieran la gravedad del horror. El foco cambi\u00f3 muy r\u00e1pido hacia los palestinos en Gaza. Hab\u00eda que mantener el ojo en el 7 de octubre, en los civiles e inocentes asesinados. No perder ese contexto.<\/p>\n<p class=\"paragraph\"><b>\u2014Es el mismo enfoque de las pel\u00edculas que produjo sobre el Holocausto.<\/b><\/p>\n<p class=\"paragraph\">\u2014S\u00ed. El Holocausto se vuelve un n\u00famero. Seis millones. \u00bfQu\u00e9 significa? Es tan est\u00e9ril. La gente no comprende qu\u00e9 significa un n\u00famero as\u00ed, pero si te detienes y miras a cada persona y dices \u201cse parece a alguien que conozco, pude haber sido yo\u201d, lo trae de vuelta a ese nivel donde puedes encontrar empat\u00eda.<\/p>\n<p><img alt=\"&quot;Uso una Estrella de David\" class=\"global-image\" decoding=\"async\" fetchpriority=\"low\" height=\"1080\" loading=\"lazy\" src=\"https:\/\/www.europesays.com\/es\/wp-content\/uploads\/2025\/11\/JMCZRXPC2JFGXORNZYMNWN2HHQ.jpg\" width=\"1920\"\/>\u00abUso una Estrella de David y a veces siento que tengo que esconderla en el metro de Nueva York. Nunca pens\u00e9 que dir\u00eda esto en mi vida\u00bb, confiesa la productora (Adri\u00e1n Escandar\/Infobae)<\/p>\n<p class=\"paragraph\"><b>\u2014Los padres de David dicen en la pel\u00edcula: \u201cEl tiempo se detuvo. Estamos viviendo en el 7 de octubre\u201d. \u00bfVe similitudes con el trauma del Holocausto?<\/b><\/p>\n<p class=\"paragraph\">\u2014S\u00ed. Me gustar\u00eda pensar que antes del 7 de octubre, lo que pas\u00f3 en el Holocausto nunca podr\u00eda volver a pasar. El antisemitismo nunca podr\u00eda ser tan malo. Y tristemente, las cosas han empeorado mucho. Todav\u00eda estamos viviendo en el ahora de este trauma. Esto no es estr\u00e9s postraum\u00e1tico. Es solo estr\u00e9s traum\u00e1tico. El antisemitismo lo siento como jud\u00eda en Estados Unidos. Uso una estrella de David y a veces siento que tengo que esconderla. Me subo al metro y hay mucha gente joven muy pro-palestina, usan keffiyehs, lo cual est\u00e1 bien, solo que no sean pro-Hamas.<\/p>\n<p class=\"paragraph\"><b>\u2014\u00bfY esto en una ciudad tan abierta como Nueva York?<\/b><\/p>\n<p class=\"paragraph\">\u2014Nueva York tiene la mayor poblaci\u00f3n jud\u00eda fuera de Israel. Hay gente que esta siendo golpeada por usar una kip\u00e1. Por ser abiertamente jud\u00edo, eres atacado. Es aterrador. Mi apellido termina en Berg. Suena jud\u00edo. Mi apellido de casada es Katz. Nunca pens\u00e9 que dir\u00eda esto: soy tan estadounidense. Al crecer siempre me consider\u00e9 primero estadounidense. Pero ahora siento que primero soy jud\u00eda, nacida en Estados Unidos. Es raro. Tengo que lidiar con eso.<\/p>\n<p><img alt=\"&quot;'Una carta para David' gan\u00f3\" class=\"global-image\" decoding=\"async\" fetchpriority=\"low\" height=\"1080\" loading=\"lazy\" src=\"https:\/\/www.europesays.com\/es\/wp-content\/uploads\/2025\/11\/NCLLXTEBGNCAXPG2W2I3HP2X5U.jpg\" width=\"1920\"\/>\u00ab&#8216;Una carta para David&#8217; gan\u00f3 el premio a mejor pel\u00edcula sobre &#8216;sociedad compartida&#8217; en Israel. \u00abAl sacarlo del espectro pol\u00edtico y hacerlo sobre la humanidad, cumple su prop\u00f3sito\u00bb, dice Spielberg (Adri\u00e1n Escandar\/Infobae)<\/p>\n<p class=\"paragraph\"><b>\u2014\u00bfLe preocupa la <\/b><a href=\"https:\/\/www.infobae.com\/america\/the-new-york-times\/2025\/06\/25\/quien-es-zohran-mamdani-la-nueva-figura-politica-que-aspira-a-ser-alcalde-de-nueva-york\/\" target=\"_blank\" rel=\"noreferrer nofollow noopener\" title=\"https:\/\/www.infobae.com\/america\/the-new-york-times\/2025\/06\/25\/quien-es-zohran-mamdani-la-nueva-figura-politica-que-aspira-a-ser-alcalde-de-nueva-york\/\"><b>posible elecci\u00f3n de Zohran Mamdani<\/b><\/a><b> como alcalde?<\/b><\/p>\n<p class=\"paragraph\">\u2014Estoy aterrada, te digo la verdad. No tiene experiencia, no sabe lo que est\u00e1 haciendo. Eso es una cosa, sin mencionar su postura sobre Israel. Hace 10 a\u00f1os la gente dec\u00eda: \u201cEl antisionismo no es antisemitismo\u201d. Pero ahora alguien tir\u00f3 la cortina. Anti-Israel es antisemitismo. Se desquitan con jud\u00edos caminando por la calle que no tienen nada que ver con Israel. He visto publicaciones de Mamdani que instan a \u201cglobalizar la intifada\u201d. Da miedo que alguien siquiera repita las palabras. Es un llamado a la violencia. Vivimos en la Ciudad de Nueva York, as\u00ed que estuvimos hablando: \u201c\u00bfDeber\u00edamos quedarnos?\u201d No puedo creer que est\u00e9 diciendo eso. \u00bfA d\u00f3nde voy a ir? \u00bfVoy a ir a Israel? \u00bfEstoy m\u00e1s segura en Israel? De hecho me siento m\u00e1s segura en Israel a veces que en Nueva York. \u00bfNo es una locura? Da miedo. Creo que Mamdani va a ganar tambi\u00e9n. Y estoy tratando de encontrar el lado positivo ah\u00ed. No lo s\u00e9. Siento que abrieron la puerta a que est\u00e1 bien odiar abiertamente, y est\u00e1 bien atacar a otra gente.<\/p>\n<p class=\"paragraph\"><b>\u2014La pel\u00edcula gan\u00f3 el premio por mejor filme sobre \u201csociedad compartida\u201d en Israel, concepto que busca igualdad y respeto mutuo. \u00bfC\u00f3mo contribuye el documental a eso?<\/b><\/p>\n<p class=\"paragraph\">\u2014Al sacarlo del espectro pol\u00edtico y enfocarse en la humanidad. Miras a David y dices: \u201cEs un chico tan agradable\u201d. Ni siquiera pod\u00eda actuar violento cuando trataron de ense\u00f1arle. Viv\u00ed en un kibutz cuando era joven. Cuando ves el material que David film\u00f3, todos pasando tiempo juntos, yo sol\u00eda hacer eso. Me puse en esa situaci\u00f3n y pens\u00e9: si la gente pudiera ver esto como una persona, no un israel\u00ed, no un \u201ccolonizador genocida\u201d, solo un buen tipo, tal vez el mundo podr\u00eda sanar un poco. Las cosas est\u00e1n tan polarizadas.<\/p>\n<p><img alt=\"&quot;Tom dijo: 'Desear\u00eda que mi\" class=\"global-image\" decoding=\"async\" fetchpriority=\"low\" height=\"1080\" loading=\"lazy\" src=\"https:\/\/www.europesays.com\/es\/wp-content\/uploads\/2025\/11\/XRVEJWAB7VESBALSAIZVJCSYGE.jpg\" width=\"1920\"\/>\u00abTom dijo: &#8216;Desear\u00eda que mi pel\u00edcula se volviera irrelevante, porque David vuelve a casa&#8217;. Ahora vamos a filmar un nuevo final\u00bb, cuenta la productora sobre la liberaci\u00f3n de los hermanos Cunio en octubre (Adri\u00e1n Escandar\/Infobae)<\/p>\n<p class=\"paragraph\"><b>\u2014Mucha gente en los kibutz trabajaba por la coexistencia pacifica con los palestinos y fueron las v\u00edctimas m\u00e1s atacadas.<\/b><\/p>\n<p class=\"paragraph\">\u2014Fueron las v\u00edctimas. Fui al foro de familias de rehenes despu\u00e9s del 7 de octubre. Ten\u00edan la Plaza de los Rehenes con campa\u00f1as para traerlos a casa. Era toda la gente que promov\u00eda la paz, que dec\u00eda: \u201cPodemos tener una soluci\u00f3n de dos estados. Trabajamos juntos. Llevamos ni\u00f1os a Israel para quimioterapia\u201d. Estaban rotos. Su esp\u00edritu estaba roto. Creo que realmente perdieron la esperanza de que pudiera haber paz. [El ataque del 7 de octubre] Lo retras\u00f3 por d\u00e9cadas.<\/p>\n<p class=\"paragraph\"><b> \u2014\u00bfHa pensado en c\u00f3mo esta pel\u00edcula podr\u00eda ser vista por audiencias palestinas? \u00bfCree que hay espacio para la empat\u00eda mutua a trav\u00e9s del cine?<\/b><\/p>\n<p class=\"paragraph\">\u2014Espero que s\u00ed. Cada pueblo est\u00e1 compuesto de todo tipo de personas. Hay tantos palestinos hartos de la situaci\u00f3n. En Jerusal\u00e9n hay muchos \u00e1rabes y jud\u00edos viviendo lado a lado. Los conozco, est\u00e1n en mi casa. Despu\u00e9s del 7 de octubre se escondieron, ten\u00edan miedo de salir, estaban avergonzados de c\u00f3mo actu\u00f3 Hamas. Pero nadie est\u00e1 hablando de ellos. Hay buena gente en todos lados. Tambi\u00e9n hubo un giro en la narrativa donde Hamas, en vez de ser una organizaci\u00f3n terrorista, fue llamado luchadores por la libertad en redes sociales. Si eres un luchador por la libertad, ir tras beb\u00e9s y mujeres es rid\u00edculo.<\/p>\n<p class=\"paragraph\"><b>\u2014La directora del Festival de Berl\u00edn sostuvo una foto de David en la alfombra roja diciendo que era una historia sobre personas, no pol\u00edtica. \u00bfEs posible separar ambas?<\/b><\/p>\n<p class=\"paragraph\"><b> <\/b>\u2014Espero que s\u00ed. La temperatura est\u00e1 muy alta. Todos est\u00e1n muy enojados. Es muy dif\u00edcil encontrar la verdad en las noticias. Pero hay mucha gente racional y abierta. Lo que Tricia Tuttle [la directora del Festival de Berlin] hizo fue maravilloso. Estableci\u00f3 el tono para Berl\u00edn. \u201cYouth\u201d, donde David actu\u00f3, se estren\u00f3 en Berl\u00edn. Reconocer que un actor que estuvo en su alfombra roja estaba retenido como reh\u00e9n fue una gran forma de establecer el tono. Pero en IDFA (Festival Internacional de Cine Documental de \u00c1msterdam), en Suecia, no hay pel\u00edculas jud\u00edas. Si tomaste fondos del gobierno israel\u00ed te bloquean. Hay un boicot.<\/p>\n<p><img alt=\"Duzen Tekkal, Christian Berkel, Andrea\" class=\"global-image\" decoding=\"async\" fetchpriority=\"low\" height=\"4000\" loading=\"lazy\" src=\"https:\/\/www.europesays.com\/es\/wp-content\/uploads\/2025\/11\/75DUCJG6UVIXV2MUUETWWFAGS4.jpg\" width=\"6000\"\/>Duzen Tekkal, Christian Berkel, Andrea Sawatzki, Ulrich Matthes y Tricia Tuttle (con abrigo rojo) sostienen fotos del reh\u00e9n israel\u00ed David Cunio en la alfombra roja de la gala inaugural de la 75\u00b0 Berlinale. Berl\u00edn, 13 de febrero de 2025 (REUTERS\/Annegret Hilse)<\/p>\n<p class=\"paragraph\"><b>\u2014En un festival del Reino Unido la pel\u00edcula fue prohibida.<\/b><\/p>\n<p class=\"paragraph\">\u2014S\u00ed. Fuimos invitados y luego desinvitados por razones que realmente se trataban de ceder al terror. Ten\u00edan miedo de perder financiamiento, de que su teatro fuera da\u00f1ado. Afortunadamente Mar del Plata nos quiere, porque es tambi\u00e9n una historia argentina. Pertenece aqu\u00ed. Dijimos: vamos a superar los obst\u00e1culos y lograr que la pel\u00edcula sea vista en tantos lugares como sea posible. Voy al Reino Unido ahora para el Festival de Cine Jud\u00edo. No s\u00e9 qu\u00e9 me espera. Usar\u00e9 una armadura por si acaso (risas).<\/p>\n<p class=\"paragraph\"><b>\u2014David y Ariel fueron liberados el 13 de octubre. \u00bfC\u00f3mo cambi\u00f3 eso el significado de la pel\u00edcula?<\/b><\/p>\n<p class=\"paragraph\">\u2014Tom dijo algo que un director nunca dir\u00eda sobre su filme: \u201cDesear\u00eda que mi pel\u00edcula se volviera irrelevante, porque David vuelve a casa y ya no importa\u201d. Por supuesto que importa. Pero Tom dec\u00eda: \u201cCuando David vuelva, vamos a poner el final apropiado\u201d. Vamos a hacerlo. Estamos esperando a que David vea la pel\u00edcula y luego filmaremos un nuevo final, lo cual es genial, porque fue muy dif\u00edcil c\u00f3mo terminarla.<\/p>\n<p><img alt=\"El ex reh\u00e9n israel\u00ed David\" class=\"global-image\" decoding=\"async\" fetchpriority=\"low\" height=\"3667\" loading=\"lazy\" src=\"https:\/\/www.europesays.com\/es\/wp-content\/uploads\/2025\/11\/FXJ2HKTLKVBVLILMUPOCLNIQJ4.JPG\" width=\"5500\"\/>El ex reh\u00e9n israel\u00ed David Cunio regresa a su hogar en Yavne, Israel, tras ser liberado de su cautiverio en Gaza y recibir el alta hospitalaria. 19 de octubre de 2025. (REUTERS\/Hannah McKay)<\/p>\n<p class=\"paragraph\"><b>\u2014\u00bfQu\u00e9 espera que le quede a la gente al salir del cine?<\/b><\/p>\n<p class=\"paragraph\">\u2014Es un testimonio del desgarre de una familia. Estos gemelos sol\u00edan decir: \u201cNunca estaremos separados\u201d. Eitan sent\u00eda que no pod\u00eda respirar sin saber d\u00f3nde est\u00e1 David. Es la crueldad de desgarrar una familia. Espero que la gente piense sobre la futilidad de los actos de guerra. Los seres humanos son lentos para aprender. Siempre dicen: \u201cSi no aprendes del pasado, est\u00e1s condenado a repetirlo\u201d, pero seguimos repitiendo el pasado. Solo espero que se mantenga como una pel\u00edcula que honra las relaciones familiares y tal vez intente enfocarse en la humanidad. Mirarse unos a otros y dejar la pol\u00edtica a un lado.<\/p>\n<p><img alt=\"Spielberg fund\u00f3 con su hermano\" class=\"global-image\" decoding=\"async\" fetchpriority=\"low\" height=\"1080\" loading=\"lazy\" src=\"https:\/\/www.europesays.com\/es\/wp-content\/uploads\/2025\/11\/IPLG2C5LYVGNXPW5DXWD5RXHZ4.jpg\" width=\"1920\"\/>Spielberg fund\u00f3 con su hermano Steven el fondo Jewish Story Partners para financiar historias jud\u00edas a trav\u00e9s del cine: \u00abSe trata de crear empat\u00eda, tolerancia y entendimiento\u00bb (Adri\u00e1n Escandar\/Infobae)<\/p>\n<p class=\"paragraph\">Nancy Spielberg (Phoenix, 1956) es productora cinematogr\u00e1fica y hermana menor de Steven Spielberg. Especializada en documentales sobre historia jud\u00eda e israel\u00ed, dirige Playmount Productions y ha producido filmes como \u201cAbove and Beyond\u201d (2014), \u201cWho Will Write Our History\u201d (2017) y \u201cVishniac\u201d (2023). Cofund\u00f3 con su hermano la organizaci\u00f3n Jewish Story Partners para apoyar a cineastas que cuentan historias jud\u00edas.<\/p>\n<p class=\"paragraph\">Estudi\u00f3 escritura en Sarah Lawrence College y The New School. Casada con Shimon Katz, tiene dos hijas y divide su residencia entre Riverdale, Nueva York, y Jerusal\u00e9n. Se identifica como jud\u00eda ortodoxa moderna.<\/p>\n<p class=\"paragraph\">Trabaj\u00f3 como consultora en \u201cThe Fabelmans\u201d (2022), la pel\u00edcula semiautobiogr\u00e1fica de su hermano Steven sobre la infancia de la familia Spielberg.<\/p>\n<p><img alt=\"Eitan Cunio junto a una\" class=\"global-image\" decoding=\"async\" fetchpriority=\"low\" height=\"1080\" loading=\"lazy\" src=\"https:\/\/www.europesays.com\/es\/wp-content\/uploads\/2025\/11\/BD34VPG6OJDT7OZAD4QGCL4N6A.jpg\" width=\"1920\"\/>Eitan Cunio junto a una foto de su hermano David, secuestrado por Hamas, en una escena del documental (Captura de pantalla)<\/p>\n<p class=\"paragraph\">Documental de 74 minutos dirigido por Tom Shoval y producido por Nancy Spielberg que narra la historia de David Cunio, secuestrado por Hamas del kibutz Nir Oz el 7 de octubre de 2023. Diez a\u00f1os antes, David y su hermano gemelo Eitan protagonizaron \u201cYouth\u201d, la primera pel\u00edcula de Shoval, interpretando a dos secuestradores.<\/p>\n<p class=\"paragraph\">La pel\u00edcula utiliza material in\u00e9dito detr\u00e1s de c\u00e1maras de \u201cYouth\u201d para crear una \u201ccarta cinematogr\u00e1fica\u201d a David, sin mostrar im\u00e1genes de violencia del 7 de octubre. Estrenada en el Festival de Berl\u00edn 2025, gan\u00f3 el premio Weil Bloch por filme sobre sociedad compartida en Israel. Se presentar\u00e1 en el <a href=\"https:\/\/mardelplatafilmfest.com\/40\/es\/\" target=\"_blank\" rel=\"noreferrer nofollow noopener\" title=\"https:\/\/mardelplatafilmfest.com\/40\/es\/\">Festival de Mar del Plata<\/a> (6-16 de noviembre de 2025).<\/p>\n<p class=\"paragraph\">David Cunio y su hermano Ariel, ambos argentino-israel\u00edes, fueron liberados el 13 de octubre de 2025 tras m\u00e1s de 700 d\u00edas de cautiverio. Los productores planean filmar un nuevo final tras la liberaci\u00f3n.<\/p>\n","protected":false},"excerpt":{"rendered":"Nancy Spielberg, de 69 a\u00f1os, durante la entrevista con Infobae en Buenos Aires. El documental se presentar\u00e1 en&hellip;\n","protected":false},"author":2,"featured_media":214091,"comment_status":"","ping_status":"","sticky":false,"template":"","format":"standard","meta":{"footnotes":""},"categories":[169],"tags":[177,47211,3675,47212,146,147,25,24,176,2148,175,36667,23],"class_list":{"0":"post-214090","1":"post","2":"type-post","3":"status-publish","4":"format-standard","5":"has-post-thumbnail","7":"category-cine","8":"tag-cine","9":"tag-civil-conflict","10":"tag-civil-unrest","11":"tag-demonstrations","12":"tag-entertainment","13":"tag-entretenimiento","14":"tag-es","15":"tag-espana","16":"tag-film","17":"tag-middle-east","18":"tag-movies","19":"tag-riots","20":"tag-spain"},"share_on_mastodon":{"url":"https:\/\/pubeurope.com\/@es\/115479165638628064","error":""},"_links":{"self":[{"href":"https:\/\/www.europesays.com\/es\/wp-json\/wp\/v2\/posts\/214090","targetHints":{"allow":["GET"]}}],"collection":[{"href":"https:\/\/www.europesays.com\/es\/wp-json\/wp\/v2\/posts"}],"about":[{"href":"https:\/\/www.europesays.com\/es\/wp-json\/wp\/v2\/types\/post"}],"author":[{"embeddable":true,"href":"https:\/\/www.europesays.com\/es\/wp-json\/wp\/v2\/users\/2"}],"replies":[{"embeddable":true,"href":"https:\/\/www.europesays.com\/es\/wp-json\/wp\/v2\/comments?post=214090"}],"version-history":[{"count":0,"href":"https:\/\/www.europesays.com\/es\/wp-json\/wp\/v2\/posts\/214090\/revisions"}],"wp:featuredmedia":[{"embeddable":true,"href":"https:\/\/www.europesays.com\/es\/wp-json\/wp\/v2\/media\/214091"}],"wp:attachment":[{"href":"https:\/\/www.europesays.com\/es\/wp-json\/wp\/v2\/media?parent=214090"}],"wp:term":[{"taxonomy":"category","embeddable":true,"href":"https:\/\/www.europesays.com\/es\/wp-json\/wp\/v2\/categories?post=214090"},{"taxonomy":"post_tag","embeddable":true,"href":"https:\/\/www.europesays.com\/es\/wp-json\/wp\/v2\/tags?post=214090"}],"curies":[{"name":"wp","href":"https:\/\/api.w.org\/{rel}","templated":true}]}}