{"id":214096,"date":"2025-11-02T08:31:10","date_gmt":"2025-11-02T08:31:10","guid":{"rendered":"https:\/\/www.europesays.com\/es\/214096\/"},"modified":"2025-11-02T08:31:10","modified_gmt":"2025-11-02T08:31:10","slug":"kelly-reichardt-y-lav-diaz-comparten-la-espiga-de-oro-en-la-70a-seminci-el-pais-expres","status":"publish","type":"post","link":"https:\/\/www.europesays.com\/es\/214096\/","title":{"rendered":"Kelly Reichardt y Lav Diaz comparten la Espiga de Oro en la 70\u00aa Seminci | El PA\u00cdS Expr\u00e9s"},"content":{"rendered":"<p><img fetchpriority=\"high\" decoding=\"auto\" class=\"_re  a_m-h\" height=\"414\"  width=\"414\"  src=\"https:\/\/www.europesays.com\/es\/wp-content\/uploads\/2025\/11\/S3XBKN5XONDOFIQQI5RSHVBSSU.jpg\" loading=\"eager\"\/>Espiga de oro antes de la gala de clausura de la 70\u00aa edici\u00f3n de la SEMINCI, en el Teatro Calder\u00f3n, a 1 de noviembre de 2025, en Valladolid, Castilla y Le\u00f3n (Espa\u00f1a). La Semana Internacional de Cine de Valladolid (Seminci) se ha consolidado como uno de los festivales m\u00e1s prestigiosos de Europa, un escaparate donde se dan cita autores consolidados y nuevas promesas de distintas latitudes.&#13;<br \/>\n01 NOVIEMBRE 2025;SEMINCI;CINE;GALA;CULTURA;ESPIGA DE ORO;CLAUSURA;DIRECTORES;PEL\u00cdCULA;ACTORES;ACTRICES;ESPIGA;PREMIOS DE CINE&#13;<br \/>\nPhotogenic\/Claudia Alba \/ Europa Press&#13;<br \/>\n01\/11\/2025Foto: Claudia Alba (Europa Press)<\/p>\n<p class=\"\">Dos formas de entender el cine comparten un mismo podio. The Mastermind, de la estadounidense Kelly Reichardt, y Magallanes, del filipino Lav Diaz, han ganado ex aequo la Espiga de oro a la mejor pel\u00edcula de la 70\u00aa edici\u00f3n de la Seminci, el festival de cine de Valladolid.<\/p>\n<p class=\"\"><b>\u00bfQu\u00e9 ha destacado el jurado?<\/b> La mirada \u00edntima de Reichardt, capaz de transformar un robo en un retrato sobre la fragilidad humana. <\/p>\n<ul>\n<li>Y la ambici\u00f3n narrativa de Diaz, que convierte la historia de Magallanes en una reflexi\u00f3n sobre la colonizaci\u00f3n y la memoria.<\/li>\n<\/ul>\n<p class=\"\"><b>\u00bfQui\u00e9nes completan el palmar\u00e9s?<\/b><\/p>\n<ul>\n<li><b>Espiga de Plata:<\/b> Silent Friend, de Ildik\u00f3 Enyedi (Hungr\u00eda).<\/li>\n<li><b>Mejor direcci\u00f3n:<\/b> La noche est\u00e1 march\u00e1ndose ya, de Ezequiel Salinas y Ramiro Sonzini (Argentina).<\/li>\n<li><b>Mejor actor:<\/b> Harry Melling, por Pillion.<\/li>\n<li><b>Mejor actriz:<\/b> Eva Victor, por Sorry, Baby.<\/li>\n<li><b>Premio Miguel Delibes al mejor guion: <\/b>Subsuelo, de Fernando Franco y Bego\u00f1a Arostegui.<\/li>\n<li><b>Espiga Verde: <\/b>Silent Friend, de Ildik\u00f3 Enyedi.<\/li>\n<li><b>Espiga Arcoiris:<\/b> Between Dreams and Hope, de Farnoosh Samadi (Ir\u00e1n).<\/li>\n<li><b>Premio Fipresci de la cr\u00edtica internacional:<\/b> Dos fiscales, de Serguei Loznitsa.<\/li>\n<li><b>Premio Pilar Mir\u00f3 a la mejor direcci\u00f3n espa\u00f1ola debutante: <\/b>Forastera, de Luc\u00eda Ale\u00f1ar Iglesias.<\/li>\n<li><b>Premio del p\u00fablico:<\/b> <b>Hamnet<\/b>, de Chlo\u00e9 Zhao.<\/li>\n<\/ul>\n<p class=\"\">\u00a9Foto: Claudia Alba (Europa Press)<\/p>\n<p class=\"\"><a href=\"https:\/\/elpais.com\/cultura\/cine\/2025-11-01\/the-mastermind-y-magallanes-ganan-ex-aequo-la-espiga-de-oro-de-la-70-seminci-de-valladolid.html\" target=\"_self\" rel=\"nofollow noopener\" title=\"https:\/\/elpais.com\/cultura\/cine\/2025-11-01\/the-mastermind-y-magallanes-ganan-ex-aequo-la-espiga-de-oro-de-la-70-seminci-de-valladolid.html\">Si quieres saber m\u00e1s, puedes leer aqu\u00ed.<\/a><\/p>\n","protected":false},"excerpt":{"rendered":"Espiga de oro antes de la gala de clausura de la 70\u00aa edici\u00f3n de la SEMINCI, en el&hellip;\n","protected":false},"author":2,"featured_media":214097,"comment_status":"","ping_status":"","sticky":false,"template":"","format":"standard","meta":{"footnotes":""},"categories":[91],"tags":[505,177,209,9265,146,147,25,24,34251,23],"class_list":{"0":"post-214096","1":"post","2":"type-post","3":"status-publish","4":"format-standard","5":"has-post-thumbnail","7":"category-entretenimiento","8":"tag-artistas","9":"tag-cine","10":"tag-cultura","11":"tag-directores-cine","12":"tag-entertainment","13":"tag-entretenimiento","14":"tag-es","15":"tag-espana","16":"tag-premios-cine","17":"tag-spain"},"share_on_mastodon":{"url":"https:\/\/pubeurope.com\/@es\/115479176050684898","error":""},"_links":{"self":[{"href":"https:\/\/www.europesays.com\/es\/wp-json\/wp\/v2\/posts\/214096","targetHints":{"allow":["GET"]}}],"collection":[{"href":"https:\/\/www.europesays.com\/es\/wp-json\/wp\/v2\/posts"}],"about":[{"href":"https:\/\/www.europesays.com\/es\/wp-json\/wp\/v2\/types\/post"}],"author":[{"embeddable":true,"href":"https:\/\/www.europesays.com\/es\/wp-json\/wp\/v2\/users\/2"}],"replies":[{"embeddable":true,"href":"https:\/\/www.europesays.com\/es\/wp-json\/wp\/v2\/comments?post=214096"}],"version-history":[{"count":0,"href":"https:\/\/www.europesays.com\/es\/wp-json\/wp\/v2\/posts\/214096\/revisions"}],"wp:featuredmedia":[{"embeddable":true,"href":"https:\/\/www.europesays.com\/es\/wp-json\/wp\/v2\/media\/214097"}],"wp:attachment":[{"href":"https:\/\/www.europesays.com\/es\/wp-json\/wp\/v2\/media?parent=214096"}],"wp:term":[{"taxonomy":"category","embeddable":true,"href":"https:\/\/www.europesays.com\/es\/wp-json\/wp\/v2\/categories?post=214096"},{"taxonomy":"post_tag","embeddable":true,"href":"https:\/\/www.europesays.com\/es\/wp-json\/wp\/v2\/tags?post=214096"}],"curies":[{"name":"wp","href":"https:\/\/api.w.org\/{rel}","templated":true}]}}