{"id":214104,"date":"2025-11-02T08:35:14","date_gmt":"2025-11-02T08:35:14","guid":{"rendered":"https:\/\/www.europesays.com\/es\/214104\/"},"modified":"2025-11-02T08:35:14","modified_gmt":"2025-11-02T08:35:14","slug":"primer-golpe-mision-cumplida","status":"publish","type":"post","link":"https:\/\/www.europesays.com\/es\/214104\/","title":{"rendered":"Primer golpe. Misi\u00f3n cumplida"},"content":{"rendered":"<p class=\"voc-p\" style=\"\">Cuando se califica como excesivas las salidas de la Misi\u00f3n de la Esperanza de Triana es que no se conoce a una hermandad que ha hecho de la exuberancia su se\u00f1a de identidad. Hoy por hoy, tener personalidad es asumir un riesgo a veces incomprendido  &#8230; por quienes le profesan devoci\u00f3n a la uniformidad. La hermandad del Traspaso lo hizo cuando le encarg\u00f3 a Juan de Mesa el Gran Poder, o la Macarena cuando se puso en manos de Rodr\u00edguez Ojeda. En estos d\u00edas Las Penas ha arriesgado hasta el l\u00edmite en hacer una exposici\u00f3n antol\u00f3gica que es ejemplo para las que vengan. La Misi\u00f3n de la Esperanza tambi\u00e9n ten\u00eda sus riesgos. Se trataba de trasladar a la hermandad entera a una tierra donde abunda la exclusi\u00f3n y la marginalidad. Lo mismo que en su Misi\u00f3n el Gran Poder fue fiel a su estilo, la Esperanza tambi\u00e9n lo ha sido. En todo. Y dicen ahora \u00bfqu\u00e9 queda de lo hecho en este mes que se termin\u00f3 ayer con la salida de la Virgen en paso de gloria? Probablemente habr\u00e1 que preguntarles no a los vecinos de las 3000, que tambi\u00e9n, sino a los hermanos de la Esperanza. Adem\u00e1s de la memorable homil\u00eda ante la dolorosa del salesiano Alfonso Francia, el pensamiento m\u00e1s claro al respecto lo ha escrito un chaval. Se llama Andr\u00e9s Gonz\u00e1lez Dur\u00e1n. Es voluntario en la parroquia de Jes\u00fas Obrero. \u00abLo que damos es solo la m\u00ednima parte de lo que recibimos. Como dijo Jes\u00fas: hay m\u00e1s alegr\u00eda en dar que en recibir\u00bb Misi\u00f3n cumplida.<\/p>\n<p><img loading=\"lazy\" decoding=\"async\" width=\"530\" height=\"64\" class=\"logo-premium\" src=\"data:image\/gif;base64,R0lGODlhAQABAAAAACH5BAEKAAEALAAAAAABAAEAAAICTAEAOw==\" alt=\"ABC Premium\"\/><br \/>\nL\u00edmite de sesiones alcanzadas<\/p>\n<ul class=\"listado\">\n<li>El acceso al contenido Premium est\u00e1 abierto por cortes\u00eda del establecimiento donde te encuentras, pero ahora mismo hay demasiados usuarios conectados a la vez. Por favor, int\u00e9ntalo pasados unos minutos.<\/li>\n<\/ul>\n<p>Volver a intentar<\/p>\n<p><img loading=\"lazy\" decoding=\"async\" width=\"530\" height=\"64\" class=\"logo-premium\" src=\"data:image\/gif;base64,R0lGODlhAQABAAAAACH5BAEKAAEALAAAAAABAAEAAAICTAEAOw==\" alt=\"ABC Premium\"\/><br \/>\nHas superado el l\u00edmite de sesiones<\/p>\n<ul class=\"listado\">\n<li>S\u00f3lo puedes tener tres sesiones iniciadas a la vez. Hemos cerrado la sesi\u00f3n m\u00e1s antigua para que sigas navegando sin l\u00edmites en el resto.<\/li>\n<\/ul>\n<p>Sigue navegando<\/p>\n<p>\nArt\u00edculo solo para suscriptores\n<\/p>\n<p>Reportar un error<\/p>\n","protected":false},"excerpt":{"rendered":"Cuando se califica como excesivas las salidas de la Misi\u00f3n de la Esperanza de Triana es que no&hellip;\n","protected":false},"author":2,"featured_media":214105,"comment_status":"","ping_status":"","sticky":false,"template":"","format":"standard","meta":{"footnotes":""},"categories":[8],"tags":[17,18,25,24,13,14,13654,11,19,20,9,10,15,16,12190,977,23,26679,12,21,22],"class_list":{"0":"post-214104","1":"post","2":"type-post","3":"status-publish","4":"format-standard","5":"has-post-thumbnail","7":"category-espana","8":"tag-breaking-news","9":"tag-breakingnews","10":"tag-es","11":"tag-espana","12":"tag-featured-news","13":"tag-featurednews","14":"tag-golpe","15":"tag-headlines","16":"tag-latest-news","17":"tag-latestnews","18":"tag-news","19":"tag-noticias","20":"tag-noticias-destacadas","21":"tag-noticiasdestacadas","22":"tag-otono","23":"tag-primer","24":"tag-spain","25":"tag-sublime","26":"tag-titulares","27":"tag-ultimas-noticias","28":"tag-ultimasnoticias"},"share_on_mastodon":{"url":"https:\/\/pubeurope.com\/@es\/115479191512129790","error":""},"_links":{"self":[{"href":"https:\/\/www.europesays.com\/es\/wp-json\/wp\/v2\/posts\/214104","targetHints":{"allow":["GET"]}}],"collection":[{"href":"https:\/\/www.europesays.com\/es\/wp-json\/wp\/v2\/posts"}],"about":[{"href":"https:\/\/www.europesays.com\/es\/wp-json\/wp\/v2\/types\/post"}],"author":[{"embeddable":true,"href":"https:\/\/www.europesays.com\/es\/wp-json\/wp\/v2\/users\/2"}],"replies":[{"embeddable":true,"href":"https:\/\/www.europesays.com\/es\/wp-json\/wp\/v2\/comments?post=214104"}],"version-history":[{"count":0,"href":"https:\/\/www.europesays.com\/es\/wp-json\/wp\/v2\/posts\/214104\/revisions"}],"wp:featuredmedia":[{"embeddable":true,"href":"https:\/\/www.europesays.com\/es\/wp-json\/wp\/v2\/media\/214105"}],"wp:attachment":[{"href":"https:\/\/www.europesays.com\/es\/wp-json\/wp\/v2\/media?parent=214104"}],"wp:term":[{"taxonomy":"category","embeddable":true,"href":"https:\/\/www.europesays.com\/es\/wp-json\/wp\/v2\/categories?post=214104"},{"taxonomy":"post_tag","embeddable":true,"href":"https:\/\/www.europesays.com\/es\/wp-json\/wp\/v2\/tags?post=214104"}],"curies":[{"name":"wp","href":"https:\/\/api.w.org\/{rel}","templated":true}]}}