{"id":214106,"date":"2025-11-02T08:36:10","date_gmt":"2025-11-02T08:36:10","guid":{"rendered":"https:\/\/www.europesays.com\/es\/214106\/"},"modified":"2025-11-02T08:36:10","modified_gmt":"2025-11-02T08:36:10","slug":"estas-son-las-comunidades-autonomas-mas-afectadas","status":"publish","type":"post","link":"https:\/\/www.europesays.com\/es\/214106\/","title":{"rendered":"estas son las comunidades aut\u00f3nomas m\u00e1s afectadas"},"content":{"rendered":"<p class=\"c-paragraph\"><b>Las temperaturas descender\u00e1n <\/b>este domingo 2 de noviembre en la mayor parte de la Pen\u00ednsula y los cielos permanecer\u00e1n nubosos con precipitaciones d\u00e9biles y dispersas, seg\u00fan la predicci\u00f3n de la Agencia Estatal de Meteorolog\u00eda (Aemet).<\/p>\n<p class=\"c-paragraph\">Las m\u00e1ximas bajar\u00e1n en el cuadrante nordeste peninsular, Sistema Central y B\u00e9ticas orientales, llegando a <b>descensos notables<\/b> en puntos del Pirineo. Tambi\u00e9n caer\u00e1n las m\u00ednimas en la mitad noroeste peninsular y Baleares, con un descenso m\u00e1s notable en zonas de Extremadura, Castilla y Le\u00f3n y La Rioja.<\/p>\n<p class=\"c-paragraph\">Mientras, <b>en Canarias<\/b>, los term\u00f3metros subir\u00e1n y podr\u00e1n alcanzar localmente los 30 grados, En el resto, se mantendr\u00e1n con pocos cambios, seg\u00fan la predicci\u00f3n.<\/p>\n<p class=\"c-paragraph\">Un frente poco activo acabar\u00e1 de recorrer la Pen\u00ednsula y Baleares, dejando cielos nubosos o cubiertos a su paso y<b> abundante nubosidad alta tras \u00e9l<\/b>. Se dar\u00e1n precipitaciones, en general d\u00e9biles y dispersas, en el cuadrante nordeste peninsular, zonas del Levante, Andaluc\u00eda occidental y meseta Sur y este de la Norte, sin descartarse de forma aislada en Baleares.<\/p>\n<p class=\"c-paragraph\">No obstante, a lo largo del d\u00eda, <b>ir\u00e1n abri\u00e9ndose cada vez m\u00e1s claros<\/b> a excepci\u00f3n de en el extremo norte peninsular, donde el paso de un segundo frente mantendr\u00e1 la nubosidad, con precipitaciones d\u00e9biles en Galicia y, algo m\u00e1s abundantes, en el Cant\u00e1brico oriental.<\/p>\n<p class=\"c-paragraph\">Durante la <b>segunda mitad del d\u00eda <\/b>tambi\u00e9n se esperan chubascos en litorales y nordeste de Catalu\u00f1a y con baja probabilidad en el entorno del cabo de la Nao e islas Pitiusas. Mientras, en Canarias, los cielos estar\u00e1n despejados o con intervalos de nubes altas.<\/p>\n<p class=\"c-paragraph\">Adem\u00e1s, la <b>cota de nieve <\/b>se situar\u00e1 por encima de los 2.000 metros en el Pirineo y podr\u00edan registrarse bancos de niebla matinales en los principales entornos de monta\u00f1a y en puntos de ambas mesetas.<\/p>\n<p class=\"c-paragraph\">El viento soplar\u00e1 moderado de componente este en Canarias, con vientos de <b>componente oeste<\/b> en el resto; moderados en litorales, Baleares, Ebro e interior este peninsular, con intervalos fuertes en el Cant\u00e1brico, y con probables rachas muy fuertes en el bajo Ebro. A su vez, tender\u00e1 a arreciar la tramontana en Baleares y podr\u00edan registrarse intervalos fuertes en Ampurd\u00e1n.<\/p>\n<p>Predicci\u00f3n por comunidades aut\u00f3nomas<\/p>\n<p class=\"c-paragraph\">&#8211; <b>GALICIA<\/b>: Predominio de nuboso o cubierto, con probables lluvias y chubascos d\u00e9biles en el litoral, m\u00e1s frecuentes en el nordeste de A Coru\u00f1a, y sin descartarlos en el resto de la Comunidad. No se descartan brumas o nieblas locales en zonas del interior.<\/p>\n<p class=\"c-paragraph\">Temperaturas con pocos cambios o en ligero descenso, m\u00e1s acusado en el caso de las m\u00e1ximas del sureste. Viento flojo de oeste y suroeste, que ser\u00e1 moderado en el litoral norte, tendiendo por la tarde a flojo variable en todo el territorio.<\/p>\n<p class=\"c-paragraph\">&#8211; <b>ASTURIAS<\/b>: Intervalos nubosos, con posibles brumas en zonas de monta\u00f1a. Lluvias d\u00e9biles dispersas en la Cordillera. Temperaturas en ligero descenso. Viento de oeste y suroeste, moderado en el litoral y flojo en el interior, amainando al final a flojo del sur en todo el territorio.<\/p>\n<p class=\"c-paragraph\">&#8211; <b>CANTABRIA<\/b>: Nuboso o cubierto, disminuyendo al final la nubosidad. Probables precipitaciones, que ser\u00e1n m\u00e1s probables en la mitad occidental, especialmente en zonas pr\u00f3ximas al litoral y menos probables en Cantabria del Ebro. Temperaturas en descenso. En el litoral, viento moderado del oeste. En el interior, flojo variable.<\/p>\n<p class=\"c-paragraph\">&#8211; <b>PA\u00cdS VASCO<\/b>: Nuboso o cubierto, disminuyendo al final. Probables lluvias d\u00e9biles por la tarde en el litoral. Temperaturas en descenso. En el litoral, viento moderado del oeste. En el interior, flojo variable tendiendo a oeste y noroeste durante las horas centrales.<\/p>\n<p class=\"c-paragraph\">&#8211;<b> CASTILLA Y LE\u00d3N<\/b>: Intervalos nubosos. No se descartan algunas precipitaciones d\u00e9biles y dispersas por el sureste y en la Cant\u00e1brica al inicio del d\u00eda. Temperaturas m\u00ednimas en descenso que puede ser notable y m\u00e1ximas en descenso o sin cambios. Heladas d\u00e9biles en zonas de monta\u00f1a. Viento de componente oeste girando a noroeste y norte, flojo en general.<\/p>\n<p class=\"c-paragraph\">&#8211; <b>NAVARRA<\/b>: Predominio de nuboso o cubierto. Probables lluvias y chubascos en el este al principio, y en el tercio norte por la tarde. Temperaturas en descenso. Viento flojo de noroeste y oeste, con intervalos de moderado durante las horas centrales del d\u00eda.<\/p>\n<p class=\"c-paragraph\">&#8211; <b>LA RIOJA<\/b>: Intervalos nubosos, con probabilidad de algunas precipitaciones por la ma\u00f1ana. Temperaturas en descenso, sin descartar alguna helada d\u00e9bil en la sierra. Viento del noroeste y norte, flojo.<\/p>\n<p class=\"c-paragraph\">&#8211; <b>ARAG\u00d3N<\/b>: Cielo nuboso, disminuyendo por la tarde a intervalos nubosos en el Pirineo y a cielo poco nuboso con nubes altas en el resto. Se esperan precipitaciones d\u00e9biles en el Pirineo a primeras horas, que ser\u00e1n probables en el resto de forma m\u00e1s dispersa; en la divisoria del Pirineo, las precipitaciones d\u00e9biles y dispersas podr\u00e1n continuar hasta el final de la jornada.<\/p>\n<p class=\"c-paragraph\">Cota de nieve en el Pirineo en torno a los 1900-2100 m. Las temperaturas m\u00ednimas se esperan al final del d\u00eda e ir\u00e1n en descenso en la mitad oeste y en ligero ascenso o sin cambios en el resto; m\u00e1ximas en descenso generalizado. Viento del noroeste, moderado ocasionalmente fuerte en la depresi\u00f3n del Ebro, mitad sur de Huesca y Bajo Arag\u00f3n de Teruel, y flojo en el resto.<\/p>\n<p class=\"c-paragraph\">&#8211; <b>CATALU\u00d1A<\/b>: Cielo muy nuboso, disminuyendo la segunda mitad del d\u00eda a cielo nuboso en la mitad oriental y el Pirineo y a cielo poco nuboso con intervalos de nubes altas en el resto. Posibles brumas o bancos de niebla en zonas del norte de la depresi\u00f3n central por la ma\u00f1ana. Precipitaciones d\u00e9biles durante la jornada en el Valle de Ar\u00e1n, que ser\u00e1n probables en el resto m\u00e1s dispersa a primeras horas; por la tarde se esperan chubascos ocasionales en la mitad oriental. Cota de nieve en el Pirineo en torno a los 1900-2100 metros.<\/p>\n<p class=\"c-paragraph\">Temperaturas m\u00ednimas en descenso en el Pirineo y con pocos cambios en el resto, produci\u00e9ndose al final del d\u00eda; m\u00e1ximas en descenso. Viento flojo de componente oeste; por la tarde tender\u00e1 a norte moderado en el Ampurd\u00e1n, y a oeste y noroeste moderado en la mitad sur, y se producir\u00e1n intervalos de nordeste moderado en el litoral central; en zonas expuestas del sur de Tarragona no se descartan rachas muy fuertes.<\/p>\n<p class=\"c-paragraph\">&#8211; <b>EXTREMADURA<\/b>: Intervalos nubosos con probabilidad de precipitaciones d\u00e9biles. Temperaturas en descenso m\u00e1s acentuado en las m\u00ednimas. Viento de componente oeste girando a norte, flojo en general.<\/p>\n<p class=\"c-paragraph\">&#8211; <b>COMUNIDAD DE MADRID<\/b>: Cielos nubosos o cubiertos de madrugada, disminuyendo durante la ma\u00f1ana a poco nuboso con intervalos de nubes altas. Por la ma\u00f1ana, tendiendo a intervalos nubosos de nubes altas a partir de mediod\u00eda. Probabilidad de alguna lluvia d\u00e9bil y dispersa al principio en la Sierra principalmente.<\/p>\n<p class=\"c-paragraph\">Temperaturas m\u00ednimas en descenso y m\u00e1ximas sin cambios, esper\u00e1ndose las m\u00ednimas al final del d\u00eda. De madrugada, viento de componente sur, girando enseguida a componente norte.<\/p>\n<p class=\"c-paragraph\">&#8211; <b>CASTILLA-LA MANCHA<\/b>: Nuboso o cubierto al principio, con probables lluvias y chubascos durante la madrugada, especialmente en zonas de monta\u00f1a, que tender\u00edan a remitir por la ma\u00f1ana. Temperaturas m\u00ednimas en descenso, especialmente en la mitad norocidental, que puede ser localmente notable y se esperan al final del d\u00eda, y con pocos cambios en el sur. M\u00e1ximas sin cambios o con cambios ligeros. Viento, flojo a moderado, del suroeste al principio, girando enseguida a noroeste y a norte al final.<\/p>\n<p class=\"c-paragraph\">&#8211; <b>COMUNIDAD VALENCIANA<\/b>: Intervalos nubosos, m\u00e1s abundantes la primera mitad del d\u00eda. Probables precipitaciones d\u00e9biles y dispersas en la mitad norte a primeras horas y al final del d\u00eda en el litoral sur de Valencia y norte de Alicante. Temperaturas m\u00ednimas en ligero ascenso o sin cambios; m\u00e1ximas en descenso en el interior de Castell\u00f3n y con pocos cambios en el resto.<\/p>\n<p class=\"c-paragraph\">Viento del oeste, flojo ocasionalmente moderado; la segunda mitad del d\u00eda tender\u00e1 a noroeste moderado en el norte de Castell\u00f3n, sin descartar rachas muy fuertes en zonas expuestas, y se dar\u00e1n intervalos de este y nordeste moderado en el litoral central.<\/p>\n<p class=\"c-paragraph\">&#8211; <b>REGI\u00d3N DE MURCIA<\/b>: Cielos nubosos, sin descartar precipitaciones d\u00e9biles y ocasionales de madrugada en las sierras. Temperaturas con pocos cambios. Vientos flojos del noroeste, ocasionalmente moderados.<\/p>\n<p class=\"c-paragraph\">&#8211;<b>ISLAS BALEARES<\/b>: Intervalos nubosos con probabilidad de alguna precipitaci\u00f3n d\u00e9bil a partir de la ma\u00f1ana. Brumas matinales. Temperaturas con pocos cambios. Viento entre flojo y moderado del oeste y suroeste girando a componente norte por la tarde.<\/p>\n<p class=\"c-paragraph\">&#8211; <b>ANDALUC\u00cdA<\/b>: Cielos nubosos, con precipitaciones en la vertiente atl\u00e1ntica en la primera mitad del d\u00eda, en general d\u00e9biles, tendiendo a disminuir la nubosidad y a remitir las precipitaciones por la tarde. Temperaturas en descenso en el extremo noroeste de la comunidad; el resto, sin cambios o en descenso. Vientos de componente oeste, flojos en el interior y moderados en el litoral, tendiendo durante la tarde a componente norte en el interior.<\/p>\n<p class=\"c-paragraph\">&#8211; <b>CANARIAS<\/b>: Predominio de los cielos poco nubosos o despejados, salvo intervalos de nubes medias en la provincia occidental durante la primera mitad del d\u00eda, as\u00ed como por algunos intervalos de nubes altas en general. Temperaturas en ligero a moderado ascenso, que podr\u00e1 ser notable en las m\u00ednimas de cumbres de las islas centrales, as\u00ed como en las m\u00e1ximas de cumbres de La Palma.<\/p>\n<p class=\"c-paragraph\">No se descarta alcanzar los 30 \u00baC en median\u00edas del sur de las islas centrales y zonas de interior de Fuerteventura. Viento moderado de componente este en zonas baja y flojo de direcci\u00f3n variable en median\u00edas. En cumbres, moderado de componente oeste amainando en la segunda mitad del d\u00eda.<\/p>\n","protected":false},"excerpt":{"rendered":"Las temperaturas descender\u00e1n este domingo 2 de noviembre en la mayor parte de la Pen\u00ednsula y los cielos&hellip;\n","protected":false},"author":2,"featured_media":214107,"comment_status":"","ping_status":"","sticky":false,"template":"","format":"standard","meta":{"footnotes":""},"categories":[5],"tags":[24451,17,18,25,24,13,14,11,19,20,5012,1479,9,10,15,16,23,6195,12,21,22,20877],"class_list":{"0":"post-214106","1":"post","2":"type-post","3":"status-publish","4":"format-standard","5":"has-post-thumbnail","7":"category-titulares","8":"tag-bajada","9":"tag-breaking-news","10":"tag-breakingnews","11":"tag-es","12":"tag-espana","13":"tag-featured-news","14":"tag-featurednews","15":"tag-headlines","16":"tag-latest-news","17":"tag-latestnews","18":"tag-llega","19":"tag-lluvia","20":"tag-news","21":"tag-noticias","22":"tag-noticias-destacadas","23":"tag-noticiasdestacadas","24":"tag-spain","25":"tag-temperaturas","26":"tag-titulares","27":"tag-ultimas-noticias","28":"tag-ultimasnoticias","29":"tag-una"},"share_on_mastodon":{"url":"https:\/\/pubeurope.com\/@es\/115479195365668336","error":""},"_links":{"self":[{"href":"https:\/\/www.europesays.com\/es\/wp-json\/wp\/v2\/posts\/214106","targetHints":{"allow":["GET"]}}],"collection":[{"href":"https:\/\/www.europesays.com\/es\/wp-json\/wp\/v2\/posts"}],"about":[{"href":"https:\/\/www.europesays.com\/es\/wp-json\/wp\/v2\/types\/post"}],"author":[{"embeddable":true,"href":"https:\/\/www.europesays.com\/es\/wp-json\/wp\/v2\/users\/2"}],"replies":[{"embeddable":true,"href":"https:\/\/www.europesays.com\/es\/wp-json\/wp\/v2\/comments?post=214106"}],"version-history":[{"count":0,"href":"https:\/\/www.europesays.com\/es\/wp-json\/wp\/v2\/posts\/214106\/revisions"}],"wp:featuredmedia":[{"embeddable":true,"href":"https:\/\/www.europesays.com\/es\/wp-json\/wp\/v2\/media\/214107"}],"wp:attachment":[{"href":"https:\/\/www.europesays.com\/es\/wp-json\/wp\/v2\/media?parent=214106"}],"wp:term":[{"taxonomy":"category","embeddable":true,"href":"https:\/\/www.europesays.com\/es\/wp-json\/wp\/v2\/categories?post=214106"},{"taxonomy":"post_tag","embeddable":true,"href":"https:\/\/www.europesays.com\/es\/wp-json\/wp\/v2\/tags?post=214106"}],"curies":[{"name":"wp","href":"https:\/\/api.w.org\/{rel}","templated":true}]}}