{"id":21411,"date":"2025-08-02T21:12:22","date_gmt":"2025-08-02T21:12:22","guid":{"rendered":"https:\/\/www.europesays.com\/es\/21411\/"},"modified":"2025-08-02T21:12:22","modified_gmt":"2025-08-02T21:12:22","slug":"echenique-maria-nelo-divorcio-la-mujer-de-pablo-echenique-confirma-su-separacion-tras-12-anos-casados-ya-era-hora-de-pensar-en-mi","status":"publish","type":"post","link":"https:\/\/www.europesays.com\/es\/21411\/","title":{"rendered":"ECHENIQUE MARIA NELO DIVORCIO | La mujer de Pablo Echenique confirma su separaci\u00f3n tras 12 a\u00f1os casados: \u00abYa era hora de pensar en m\u00ed\u00bb"},"content":{"rendered":"<p class=\"ft-text\"><strong>Mar\u00eda Nelo<\/strong> ha anunciado que se ha<strong> divorciado de Pablo Echenique <\/strong>tras 12 a\u00f1os de matrimonio. Todav\u00eda est\u00e1n cerrando el acuerdo, pero ella<strong> vive en un piso compartido<\/strong> tras haber pactado separaci\u00f3n de bienes, ya que la vivienda era propiedad del pol\u00edtico. Aunque su ya exmujer ha asegurado que<strong> \u00abnos llevamos bien y tenemos una relaci\u00f3n de amistad\u00bb<\/strong>, tambi\u00e9n ha querido aclarar los <strong>motivos de su separaci\u00f3n <\/strong>en una entrevista en &#8216;The Objective&#8217;.<strong> <\/strong><\/p>\n<p class=\"ft-text\">Ya hace muchas semanas que est\u00e1n separados. \u00abLo <strong>llevaba pensando un a\u00f1o, <\/strong>la verdad, pero se lo dije hace unos meses. Me fren\u00f3 dar el paso antes porque no estaba segura de si parte de mi deseo de separarme era fruto de mis problemas psicol\u00f3gicos\u00bb. Mar\u00eda <strong>sufre ansiedad social y psicosis aguda, <\/strong>por lo que no ha sido una relaci\u00f3n f\u00e1cil, especialmente en los \u00faltimos a\u00f1os. \u00abSi no tomase la medicaci\u00f3n tendr\u00eda alucinaciones todo el tiempo, estar\u00eda desconectada del mundo\u00bb, explica.<\/p>\n<p class=\"ft-text\">El divorcio fue una sorpresa para Echenique. \u00abSe puso triste. Creo que no se lo esperaba para nada\u00bb, ha afirmado su exmujer. . \u00abTras tantos a\u00f1os de cuidados, en los que<strong> tienes que estar muy pendiente de esa persona, <\/strong>me preocupaba dejarle un poco desamparado. Pero a la vez, pensando en m\u00ed y siendo ego\u00edsta, tambi\u00e9n<strong> sent\u00eda que necesitaba m\u00e1s libertad.<\/strong> Ya era hora de pensar en m\u00ed <strong>despu\u00e9s de tantos a\u00f1os dedicada a atenderlo\u00bb,<\/strong> ha a\u00f1adido en la entrevista.<\/p>\n<p class=\"ft-text\">Nelo ha explicado que<strong> \u00ablo puse en un primer plano a \u00e9l\u00bb y \u00abme qued\u00e9 en un segundo lugar\u00bb.<\/strong> Ahora est\u00e1 intentando rehacer su vida profesional tras haberse dedicado durante muchos a\u00f1os a cuidarlo, ya que los cuidados eran muy caros y no pod\u00edan permit\u00edrselo. \u00abDebo recalcar que \u00e9l tambi\u00e9n cuidaba de m\u00ed porque yo<strong> tambi\u00e9n soy una persona con discapacidad. Digamos que nos cuid\u00e1bamos mutuamente, como pod\u00edamos, con nuestras limitaciones\u00bb,<\/strong> ha confesado.<\/p>\n<p class=\"ft-text\">Su exmujer, pese al divorcio, ha reconocido que \u00ab<strong>fue el amor de mi vida y que va a seguir si\u00e9ndolo siempre.<\/strong> Dif\u00edcilmente creo que me enamore de otra persona\u00bb, pero \u00abla relaci\u00f3n no es la que era. Adem\u00e1s, la<strong> vida al lado de un pol\u00edtico no es sencilla,<\/strong> porque Pablo, por ejemplo, es una persona muy entregada a su trabajo\u00bb.<\/p>\n","protected":false},"excerpt":{"rendered":"Mar\u00eda Nelo ha anunciado que se ha divorciado de Pablo Echenique tras 12 a\u00f1os de matrimonio. Todav\u00eda est\u00e1n&hellip;\n","protected":false},"author":2,"featured_media":21412,"comment_status":"","ping_status":"","sticky":false,"template":"","format":"standard","meta":{"footnotes":""},"categories":[5],"tags":[4228,17,18,12703,12701,25,24,13,14,11,19,20,12702,12408,9,10,15,16,618,12704,23,12,21,22],"class_list":{"0":"post-21411","1":"post","2":"type-post","3":"status-publish","4":"format-standard","5":"has-post-thumbnail","7":"category-titulares","8":"tag-ansiedad","9":"tag-breaking-news","10":"tag-breakingnews","11":"tag-divorcio","12":"tag-echenique","13":"tag-es","14":"tag-espana","15":"tag-featured-news","16":"tag-featurednews","17":"tag-headlines","18":"tag-latest-news","19":"tag-latestnews","20":"tag-maria-nelo","21":"tag-motivos","22":"tag-news","23":"tag-noticias","24":"tag-noticias-destacadas","25":"tag-noticiasdestacadas","26":"tag-pablo","27":"tag-separacion","28":"tag-spain","29":"tag-titulares","30":"tag-ultimas-noticias","31":"tag-ultimasnoticias"},"share_on_mastodon":{"url":"","error":""},"_links":{"self":[{"href":"https:\/\/www.europesays.com\/es\/wp-json\/wp\/v2\/posts\/21411","targetHints":{"allow":["GET"]}}],"collection":[{"href":"https:\/\/www.europesays.com\/es\/wp-json\/wp\/v2\/posts"}],"about":[{"href":"https:\/\/www.europesays.com\/es\/wp-json\/wp\/v2\/types\/post"}],"author":[{"embeddable":true,"href":"https:\/\/www.europesays.com\/es\/wp-json\/wp\/v2\/users\/2"}],"replies":[{"embeddable":true,"href":"https:\/\/www.europesays.com\/es\/wp-json\/wp\/v2\/comments?post=21411"}],"version-history":[{"count":0,"href":"https:\/\/www.europesays.com\/es\/wp-json\/wp\/v2\/posts\/21411\/revisions"}],"wp:featuredmedia":[{"embeddable":true,"href":"https:\/\/www.europesays.com\/es\/wp-json\/wp\/v2\/media\/21412"}],"wp:attachment":[{"href":"https:\/\/www.europesays.com\/es\/wp-json\/wp\/v2\/media?parent=21411"}],"wp:term":[{"taxonomy":"category","embeddable":true,"href":"https:\/\/www.europesays.com\/es\/wp-json\/wp\/v2\/categories?post=21411"},{"taxonomy":"post_tag","embeddable":true,"href":"https:\/\/www.europesays.com\/es\/wp-json\/wp\/v2\/tags?post=21411"}],"curies":[{"name":"wp","href":"https:\/\/api.w.org\/{rel}","templated":true}]}}