{"id":214114,"date":"2025-11-02T08:46:15","date_gmt":"2025-11-02T08:46:15","guid":{"rendered":"https:\/\/www.europesays.com\/es\/214114\/"},"modified":"2025-11-02T08:46:15","modified_gmt":"2025-11-02T08:46:15","slug":"sus-tours-y-visitas-a-restaurantes-de-lujo","status":"publish","type":"post","link":"https:\/\/www.europesays.com\/es\/214114\/","title":{"rendered":"sus &#8216;tours&#8217; y visitas a restaurantes de lujo"},"content":{"rendered":"<p class=\"paragraph\" id=\"paragraph_1\"><strong><a cmp-ltrk=\"links-parrafos\" cmp-ltrk-idx=\"1\" data-mrf-link=\"https:\/\/www.elespanol.com\/corazon\/casas-reales\/20250602\/descubrimos-manuel-filiberto-saboya-adriana-abascal-filipinas-exclusivo-resort-eco-hospedan\/1003743784909_0.html\" data-mrf-recirculation-id=\"links-parrafos_1\" href=\"https:\/\/www.elespanol.com\/corazon\/casas-reales\/20250602\/descubrimos-manuel-filiberto-saboya-adriana-abascal-filipinas-exclusivo-resort-eco-hospedan\/1003743784909_0.html?utm_cmp_rs=linksinline\" mrfobservableid=\"606321ec-4d32-45d8-b50a-7f1df4c6bb73\" rel=\"nofollow noopener\" target=\"_blank\">Adriana Abascal<\/a><\/strong> (55 a\u00f1os) y <a cmp-ltrk=\"links-parrafos\" cmp-ltrk-idx=\"1\" data-mrf-link=\"https:\/\/www.elespanol.com\/corazon\/famosos\/20250506\/adriana-abascal-manuel-filiberto-saboya-acaparan-todas-miradas-noche-pescaito\/1003743744028_3.html\" data-mrf-recirculation-id=\"links-parrafos_1\" href=\"https:\/\/www.elespanol.com\/corazon\/famosos\/20250506\/adriana-abascal-manuel-filiberto-saboya-acaparan-todas-miradas-noche-pescaito\/1003743744028_3.html?utm_cmp_rs=linksinline\" mrfobservableid=\"8d7a204c-69a9-41c9-a0f3-9289b065e438\" rel=\"nofollow noopener\" target=\"_blank\"><strong>Manuel Filiberto de Saboya<\/strong><\/a> (53) han hecho las maletas y han puesto rumbo a <strong>Bangkok<\/strong>, en <strong>Tailandia<\/strong>, donde disfrutan de unas rom\u00e1nticas vacaciones. <\/p>\n<p class=\"paragraph\" id=\"paragraph_2\">La empresaria y exmodelo mexicana y el jefe de la Casa de Saboya se han trasladado al pa\u00eds del sudeste asi\u00e1tico apenas unos d\u00edas despu\u00e9s de celebrar juntos, y en compa\u00f1\u00eda de un grupo de amigos, el <strong>55 cumplea\u00f1os<\/strong> de ella.<\/p>\n<p class=\"paragraph\" id=\"paragraph_3\">Durante su estancia en el pa\u00eds del sudeste asi\u00e1tico, la pareja ha tenido ocasi\u00f3n de visitar <strong>los lugares m\u00e1s emblem\u00e1ticos<\/strong> de la capital, as\u00ed como algunos de los <strong>establecimientos culinarios<\/strong> m\u00e1s exclusivos.<\/p>\n<p><img loading=\"lazy\" decoding=\"async\" alt=\"Adriana Abascal, en una imagen de sus redes sociales.\" height=\"180\" src=\"https:\/\/www.europesays.com\/es\/wp-content\/uploads\/2025\/11\/1003743994794_259691489_320x180.jpg\" width=\"320\" data-lazy-status=\"processed\" data-lazy-info=\"remove loading item 1\"\/><\/p>\n<p><img decoding=\"async\" alt=\"Adriana Abascal y Manuel Filiberto de Saboya, durante sus vacaciones en Tailandia.\" data-imgm=\"true\" height=\"1152\" loading=\"lazy\"  src=\"https:\/\/www.europesays.com\/es\/wp-content\/uploads\/2025\/11\/1003743995925_259705957_960x1706.jpg\"  width=\"648\"\/><\/p>\n<p>                                                            Adriana Abascal y Manuel Filiberto de Saboya, durante sus vacaciones en Tailandia.<\/p>\n<p>                    Instagram<\/p>\n<p>Visitas a lugares de inter\u00e9s<\/p>\n<p class=\"paragraph\" id=\"paragraph_4\">Uno de los espacios que han recorrido juntos es el <strong>templo What Pho, <\/strong>especialmente conocido por tener en su interior al gran <strong>Buda Reclinado<\/strong> que, con sus 46 metros de largo y 15 metros de altura, es la estatua de Buda reclinado m\u00e1s grande de Tailandia.<\/p>\n<p class=\"paragraph\" id=\"paragraph_5\">Asimismo, han visitado el <strong>Gran Palacio Real de Bangkok<\/strong>, un enorme recinto entre muros blancos, con varias edificaciones en su interior, que sirvi\u00f3 como <strong>residencia real<\/strong> para la dinast\u00eda tailandesa durante dos siglos, hasta <strong>1925<\/strong>.<\/p>\n<p class=\"paragraph\" id=\"paragraph_6\">Entre los principales atractivos abiertos al p\u00fablico destaca el <strong>Wat Phra Kaew, <\/strong>conocido popularmente como el<strong> Templo del Buda Esmeralda<\/strong>, debido a una peque\u00f1a<strong> figura de Buda (de apenas 45 cent\u00edmetros) <\/strong>fabricada en<strong> jade verde<\/strong> y motivos dorados.<\/p>\n<p><img decoding=\"async\" alt=\"Manuel Filiberto de Saboya mantiene una relaci\u00f3n sentimental con Adriana Abascal\" height=\"180\" loading=\"lazy\" width=\"320\" data-lazy-status=\"processed\" id=\"b641104531\" src=\"https:\/\/www.elespanol.com\/corazon\/celebrities\/20251101\/romantico-viaje-adriana-abascal-manuel-filiberto-saboya-tailandia-tours-visitas-restaurantes-lujo\/[\" https:=\"\" data-lazy-info=\"changed src\"\/><\/p>\n<p><img decoding=\"async\" alt=\"Adriana Abascal y Manuel Filiberto de Saboya han compartido en sus respectivas redes sociales im\u00e1genes de su viaje a Tailandia.\" data-imgm=\"true\" height=\"180\" loading=\"lazy\"  src=\"https:\/\/www.europesays.com\/es\/wp-content\/uploads\/2025\/11\/1003743995928_259705997_1024x576.jpg\"  width=\"320\"\/><\/p>\n<p>                                                            Adriana Abascal y Manuel Filiberto de Saboya han compartido en sus respectivas redes sociales im\u00e1genes de su viaje a Tailandia.<\/p>\n<p>                    Instagram<\/p>\n<p>Manuel, \u00abun ser extraordinario\u00bb<\/p>\n<p class=\"paragraph\" id=\"paragraph_7\">Al otro lado del r\u00edo<strong> Chao Phraya<\/strong>, el<strong> Wat Arun<\/strong>, m\u00e1s conocido como Templo del Amanecer, ha cerrado el tri\u00e1ngulo de sus visitastur\u00edsticas en Bangkok.<\/p>\n<p class=\"paragraph\" id=\"paragraph_8\">Desde este lugar, que destaca por su empinada y preciosa estupa central, ambos <strong>han posado juntos <\/strong>en im\u00e1genes que han publicado a trav\u00e9s de Stories en <strong>Instagram<\/strong>.<\/p>\n<p class=\"paragraph\" id=\"paragraph_9\">Adriana Abascal y Manuel Filiberto de Saboya han compartido im\u00e1genes de su viaje en sus respectivas redes sociales. En ellas se han mostrado sonrientes y visiblemente felices.<\/p>\n<p><img decoding=\"async\" alt=\"Adriana Abascal y Manuel Filiberto de Saboya, en una imagen de sus redes sociales.\" data-imgm=\"true\" height=\"1152\" loading=\"lazy\"  src=\"https:\/\/www.europesays.com\/es\/wp-content\/uploads\/2025\/11\/1003743995932_259706058_960x1706.jpg\"  width=\"648\"\/><\/p>\n<p>                                                            Adriana Abascal y Manuel Filiberto de Saboya, en una imagen de sus redes sociales.<\/p>\n<p>                    Instagram<\/p>\n<p class=\"paragraph\" id=\"paragraph_11\">Y es que, ya lo confes\u00f3 la mexicana recientemente. Su historia de amor con el royal italiano va viento en popa. Al hablar de \u00e9l, lo describe como<strong> \u00abun ser humano extraordinario, dotado de grandes cualidades\u00bb.<\/strong><\/p>\n<p class=\"paragraph\" id=\"paragraph_12\">As\u00ed lo explic\u00f3 la fundadora de la firma de calzado Skorpios en una entrevista con la revista mexicana Qui\u00e9n.<strong> <\/strong><\/p>\n<p class=\"paragraph\" id=\"paragraph_13\"><strong>\u00abEntre nosotros hay un respeto y una admiraci\u00f3n mutuos<\/strong> que lo impregna todo, as\u00ed como una complicidad que hace que las cosas m\u00e1s sencillas y las m\u00e1s grandiosas vivan con la misma intensidad\u00bb, ha destacado.<\/p>\n<p><img decoding=\"async\" alt=\"Adriana Abascal y Manuel Filiberto de Saboya, en una fotograf\u00eda de sus redes sociales.\" height=\"180\" loading=\"lazy\" width=\"320\" data-lazy-status=\"processed\" id=\"a8a533fb34\" src=\"https:\/\/www.elespanol.com\/corazon\/celebrities\/20251101\/romantico-viaje-adriana-abascal-manuel-filiberto-saboya-tailandia-tours-visitas-restaurantes-lujo\/[\" https:=\"\" data-lazy-info=\"changed src\"\/><\/p>\n<p><img decoding=\"async\" alt=\"Adriana Abascal y Manuel Filiberto de Saboya, durante su viaje a Bangkok, en Tailandia.\" data-imgm=\"true\" height=\"1152\" loading=\"lazy\"  src=\"https:\/\/www.europesays.com\/es\/wp-content\/uploads\/2025\/11\/1003743995927_259705978_960x1706.jpg\"  width=\"648\"\/><\/p>\n<p>                                                            Adriana Abascal y Manuel Filiberto de Saboya, durante su viaje a Bangkok, en Tailandia.<\/p>\n<p>                    Instagram<\/p>\n<p>\u00abAprecio su naturalidad\u00bb<\/p>\n<p class=\"paragraph\" id=\"paragraph_14\"><strong>\u00abCon \u00e9l, disfruto tanto yendo a la panader\u00eda o al supermercado<\/strong> como asistiendo a una gala de la Orden Din\u00e1stica de la Casa de Saboya en Italia o a un evento oficial en el Parlamento de Roma\u00bb, han sido sus palabras al describir a su pareja.<\/p>\n<p class=\"paragraph\" id=\"paragraph_15\">Otra de las cualidades que destaca del italiano es su sencillez: <strong>\u00abAprecio enormemente su naturalidad\u00bb.<\/strong><\/p>\n<p class=\"paragraph\" id=\"paragraph_16\">No cabe duda de que su idilio los hace estar viviendo una etapa especialmente dulce. La relaci\u00f3n entre ellos se conoci\u00f3<strong> a principios de enero de 2025<\/strong>.<\/p>\n<p class=\"paragraph\" id=\"paragraph_17\">Su primera aparici\u00f3n p\u00fablica como pareja fue en el desfile de la dise\u00f1adora <strong>Roc\u00edo Peralta<\/strong> en <strong>Sevilla<\/strong>. Desde entonces han aparecido juntos en diversos eventos.<\/p>\n<p class=\"paragraph\" id=\"paragraph_18\">Y aunque inicialmente llevaron la relaci\u00f3n con la mayor <strong>discreci\u00f3n<\/strong> posible, tras oficializarla no esconden lo que sienten el uno por el otro.<\/p>\n<p><img decoding=\"async\" alt=\"El chef italiano Umberto Bombana, en Cannubi, su restaurante de Bangkok.\" data-imgm=\"true\" height=\"1152\" loading=\"lazy\"  src=\"https:\/\/www.europesays.com\/es\/wp-content\/uploads\/2025\/11\/1003743995924_259705936_960x1706.jpg\"  width=\"648\"\/><\/p>\n<p>                                                            El chef italiano Umberto Bombana, en Cannubi, su restaurante de Bangkok.<\/p>\n<p>                    Instagram<\/p>\n<p>Restaurante italiano de lujo<\/p>\n<p class=\"paragraph\" id=\"paragraph_19\">En estos meses de relaci\u00f3n, ambos han descubierto que tienen muchas pasiones en com\u00fan. Una de ellas es la <strong>gastronom\u00eda<\/strong>. Por eso han visitado uno de los locales de referencia de Bangkok, que ha abierto sus puertas el pasado mes de octubre.<\/p>\n<p class=\"paragraph\" id=\"paragraph_20\">Se trata del restaurante del chef italiano <strong>Umberto Bombana,<\/strong>situado en 98 Rama IV Rd, Silom, Bangrak, en la capital.<\/p>\n<p class=\"paragraph\" id=\"paragraph_21\">El establecimiento se llama <strong>Cannubi de Umberto Bombana,<\/strong>y destaca por su ambiente refinado y moderno, con atenci\u00f3n al detalle en cada plato y un enfoque en productos italianos de temporada, especialmente<strong> la trufa blanca.<\/strong><strong\/><\/p>\n<p class=\"paragraph\" id=\"paragraph_22\">El negocio del prestigioso chef, al que la pareja ha agradecido sus servicios en las redes, ofrece <strong>alta cocina italiana<\/strong> y a pesar de su reciente apertura ya se ha convertido en un <strong>punto de referencia culinario<\/strong> en la ciudad.\u200b<\/p>\n<p class=\"paragraph\" id=\"paragraph_23\">El men\u00fa, dise\u00f1ado por el propio chef Bombana y el chef ejecutivo<strong> Andrea Susto, <\/strong>incluye cl\u00e1sicos como<strong> pastas caseras, mariscos y carnes<\/strong> de primer nivel. Todo ello acompa\u00f1ado por una selecci\u00f3n curada de vinos italianos y globales.<\/p>\n<p class=\"paragraph\" id=\"paragraph_24\">El precio estimado de un <strong>men\u00fa degustaci\u00f3n<\/strong> en Cannubi de Umberto Bombana oscila entre 4.000 y 6.000 bahts, lo que equivale a aproximadamente entre<strong> 100 a 150 euros por persona<\/strong>.<\/p>\n<p><img decoding=\"async\" alt=\"Adriana Abascal y Manuel Filiberto de Saboya, en la gala de la Orden Din\u00e1stica de la Real Casa de Saboya.\" data-imgm=\"true\" height=\"240\" loading=\"lazy\"  src=\"https:\/\/www.europesays.com\/es\/wp-content\/uploads\/2025\/11\/1003743995940_259706152_854x640.jpg\"  width=\"320\"\/><\/p>\n<p>                                                            Adriana Abascal y Manuel Filiberto de Saboya, en la gala de la Orden Din\u00e1stica de la Real Casa de Saboya.<\/p>\n<p>                    Instagram<\/p>\n<p>Los tres matrimonios de Adriana<\/p>\n<p class=\"paragraph\" id=\"paragraph_25\">Cabe recordar cu\u00e1l fue la \u00faltima gran cita de la pareja entre la alta sociedad. Hace apenas unos d\u00edas celebraron, junto a un nutrido grupo de amigos, el<strong> 55 cumplea\u00f1os<\/strong> de la empresaria.<\/p>\n<p class=\"paragraph\" id=\"paragraph_26\">A finales del pasado mes de septiembre, Adriana Abascal acompa\u00f1\u00f3 al pretendiente al trono italiano a la entrega de las <strong>\u00d3rdenes Din\u00e1sticas de la Casa de Saboya<\/strong>. Una ceremonia que tuvo lugar en Roma, entre la <strong>bas\u00edlica de San Juan de Letr\u00e1n<\/strong> y el <strong>Pante\u00f3n<\/strong>, y tras la cual se celebr\u00f3 una gran <strong>cena de gala.<\/strong><\/p>\n<p class=\"paragraph\" id=\"paragraph_27\">Manuel, <strong>pr\u00edncipe de Venecia y Piamonte<\/strong>, es hijo de<strong> V\u00edctor Manuel de Saboya<\/strong> (hijo del \u00faltimo rey de Italia, <strong>Umberto II)<\/strong> y Marina Doria.<\/p>\n<p class=\"paragraph\" id=\"paragraph_28\">Est\u00e1 separado de la actriz francesa <strong>Clotilde Courau<\/strong> (56), con la que contrajo <strong>matrimonio<\/strong> el 25 de septiembre de <strong>2003<\/strong>. Ambos son padres de dos hijas: <strong>Vittoria Cristina<\/strong> (21) y <strong>Luisa de Saboya<\/strong> (19).<\/p>\n<p class=\"paragraph\" id=\"paragraph_29\">Adriana Abascal, por su parte, <strong>se ha casado tres veces<\/strong>.\u200b Su primer marido fue el magnate de la televisi\u00f3n mexicana <strong>Emilio Azc\u00e1rraga<\/strong>, 40 a\u00f1os mayor que ella, y fallecido en 1997.<\/p>\n<p class=\"paragraph\" id=\"paragraph_30\">Su<strong> segundo marido<\/strong> fue el empresario espa\u00f1ol <strong>Juan Villalonga<\/strong>, con el que tuvo tres hijos: <strong>Paulina <\/strong>(25),<strong> Diego <\/strong>(21)<strong> y Jimena <\/strong>(18).\u200b<\/p>\n<p class=\"paragraph\" id=\"paragraph_31\">Su tercer matrimonio fue con el empresario franc\u00e9s<strong> Emmanuel Schreder<\/strong>; del que se separ\u00f3 en enero de <strong>2022<\/strong>.<\/p>\n","protected":false},"excerpt":{"rendered":"Adriana Abascal (55 a\u00f1os) y Manuel Filiberto de Saboya (53) han hecho las maletas y han puesto rumbo&hellip;\n","protected":false},"author":2,"featured_media":214115,"comment_status":"","ping_status":"","sticky":false,"template":"","format":"standard","meta":{"footnotes":""},"categories":[174],"tags":[255,146,147,25,24,256,28655,23,2066,226],"class_list":{"0":"post-214114","1":"post","2":"type-post","3":"status-publish","4":"format-standard","5":"has-post-thumbnail","7":"category-famosos","8":"tag-celebrities","9":"tag-entertainment","10":"tag-entretenimiento","11":"tag-es","12":"tag-espana","13":"tag-famosos","14":"tag-royals","15":"tag-spain","16":"tag-tailandia","17":"tag-viajes"},"share_on_mastodon":{"url":"https:\/\/pubeurope.com\/@es\/115479235071526847","error":""},"_links":{"self":[{"href":"https:\/\/www.europesays.com\/es\/wp-json\/wp\/v2\/posts\/214114","targetHints":{"allow":["GET"]}}],"collection":[{"href":"https:\/\/www.europesays.com\/es\/wp-json\/wp\/v2\/posts"}],"about":[{"href":"https:\/\/www.europesays.com\/es\/wp-json\/wp\/v2\/types\/post"}],"author":[{"embeddable":true,"href":"https:\/\/www.europesays.com\/es\/wp-json\/wp\/v2\/users\/2"}],"replies":[{"embeddable":true,"href":"https:\/\/www.europesays.com\/es\/wp-json\/wp\/v2\/comments?post=214114"}],"version-history":[{"count":0,"href":"https:\/\/www.europesays.com\/es\/wp-json\/wp\/v2\/posts\/214114\/revisions"}],"wp:featuredmedia":[{"embeddable":true,"href":"https:\/\/www.europesays.com\/es\/wp-json\/wp\/v2\/media\/214115"}],"wp:attachment":[{"href":"https:\/\/www.europesays.com\/es\/wp-json\/wp\/v2\/media?parent=214114"}],"wp:term":[{"taxonomy":"category","embeddable":true,"href":"https:\/\/www.europesays.com\/es\/wp-json\/wp\/v2\/categories?post=214114"},{"taxonomy":"post_tag","embeddable":true,"href":"https:\/\/www.europesays.com\/es\/wp-json\/wp\/v2\/tags?post=214114"}],"curies":[{"name":"wp","href":"https:\/\/api.w.org\/{rel}","templated":true}]}}