{"id":214125,"date":"2025-11-02T08:54:29","date_gmt":"2025-11-02T08:54:29","guid":{"rendered":"https:\/\/www.europesays.com\/es\/214125\/"},"modified":"2025-11-02T08:54:29","modified_gmt":"2025-11-02T08:54:29","slug":"su-paseo-por-el-viso-disfrazada-con-sus-tres-hijos","status":"publish","type":"post","link":"https:\/\/www.europesays.com\/es\/214125\/","title":{"rendered":"su paseo por El Viso disfrazada con sus tres hijos"},"content":{"rendered":"<p class=\"paragraph\" id=\"paragraph_1\"><a href=\"https:\/\/www.elespanol.com\/personajes\/amber_heard\/?utm_cmp_rs=linksinline\" rel=\"nofollow noopener\" target=\"_blank\"><strong>Amber Heard<\/strong><\/a> (38 a\u00f1os), se ha convertido hace unas horas en la protagonista de la noche de <strong>Halloween<\/strong> de <strong>Madrid<\/strong>. El pasado viernes, 31 de octubre, la actriz ha sido vista junto a su hija <strong>Oonagh Paige<\/strong> (3 a\u00f1os) y sus mellizos, <strong>Agnes<\/strong> y <strong>Ocean<\/strong>, participando en una salida nocturna por las calles cercanas a su casa.<\/p>\n<p class=\"paragraph\" id=\"paragraph_2\">Vestida con un llamativo <strong>disfraz de bruja<\/strong>, con vestido negro y sombrero de pico, la que fuera mujer de <a href=\"https:\/\/www.elespanol.com\/personajes\/johnny_depp\/?utm_cmp_rs=linksinline\" rel=\"nofollow noopener\" target=\"_blank\"><strong>Johnny Depp<\/strong> <\/a>(62), ha celebrado con sus peque\u00f1os esta tradicional fiesta en las calles pr\u00f3ximas a su residencia, en el exclusivo barrio de <strong>El Viso.<\/strong><\/p>\n<p class=\"paragraph\" id=\"paragraph_3\">En su paseo nocturno no ha estado sola. La acompa\u00f1aban otros ni\u00f1os y j\u00f3venes vecinos de la zona residencial en la capital en la que se instal\u00f3 hace tres a\u00f1os.<\/p>\n<p><img loading=\"lazy\" decoding=\"async\" alt=\"Amber Heard durante el juicio contra Johnny Depp.\" height=\"180\" src=\"https:\/\/www.europesays.com\/es\/wp-content\/uploads\/2025\/11\/762434030_233009763_320x180.jpg\" width=\"320\" data-lazy-status=\"processed\" data-lazy-info=\"remove loading item 1\"\/><\/p>\n<p><img decoding=\"async\" alt=\"Amber Heard, el pasado viernes 31 de octubre, celebrando Halloween en el barrio de El Viso.\" data-imgm=\"true\" height=\"1152\" loading=\"lazy\"  src=\"https:\/\/www.europesays.com\/es\/wp-content\/uploads\/2025\/11\/1003743995631_259702248_960x1706.jpg\"  width=\"648\"\/><\/p>\n<p>                                                            Amber Heard, el pasado viernes 31 de octubre, celebrando Halloween en el barrio de El Viso.<\/p>\n<p>                    EL ESPA\u00d1OL.<\/p>\n<p>Truco o trato<\/p>\n<p class=\"paragraph\" id=\"paragraph_4\">Como una vecina m\u00e1s, Amber Heard y su prole han recorrido la urbanizaci\u00f3n y han llamado a las puertas de algunas residencias en busca de<strong>l trick or treat,<\/strong> o &#8216;truco o trato&#8217;, en la que los ni\u00f1os de todo el mundo ans\u00edan recoger <strong>caramelos<\/strong> en su cesta.<\/p>\n<p class=\"paragraph\" id=\"paragraph_5\">Visiblemente relajada y sonriente, la estadounidense se ha mostrado risue\u00f1a en su paseo. Incluso ha sonre\u00eddo al toparse con las c\u00e1maras de <a href=\"https:\/\/www.elespanol.com\/corazon\/?utm_cmp_rs=linksinline\" target=\"_blank\" rel=\"nofollow noopener\"><strong>EL ESPA\u00d1OL<\/strong><\/a> durante su recorrido.<\/p>\n<p class=\"paragraph\" id=\"paragraph_6\">No cabe duda de que su nueva etapa en Espa\u00f1a le est\u00e1 sentando de maravilla. Tras poner fin a su medi\u00e1tica etapa en <strong>Hollywood<\/strong> y cerrar la dura batalla legal con Johnny Depp, al que a<\/p>\n<p><img decoding=\"async\" alt=\"Johnny Depp, en la Semana de la Moda de Par\u00eds.\" height=\"180\" loading=\"lazy\" width=\"320\" data-lazy-status=\"processed\" id=\"cc410eb1fd\" src=\"https:\/\/www.elespanol.com\/corazon\/celebrities\/20251101\/amber-heard-ex-johnny-depp-revoluciona-madrid-halloween-paseo-viso-disfrazada-hijos\/[\" https:=\"\" data-lazy-info=\"changed src\"\/><\/p>\n<p><img decoding=\"async\" alt=\"Amber Heard disfruta de la fiesta de Halloween cerca de su casa, en el madrile\u00f1o barrio de El Viso.\" data-imgm=\"true\" height=\"180\" loading=\"lazy\"  src=\"https:\/\/www.europesays.com\/es\/wp-content\/uploads\/2025\/11\/1003743995645_259702417_1024x576.jpg\"  width=\"320\"\/><\/p>\n<p>                                                            Amber Heard disfruta de la fiesta de Halloween cerca de su casa, en el madrile\u00f1o barrio de El Viso.<\/p>\n<p>                    EL ESPA\u00d1OL<\/p>\n<p>Paseo con sus tres hijos<\/p>\n<p class=\"paragraph\" id=\"paragraph_7\">En <strong>2022<\/strong>,<strong> Heard se estableci\u00f3 en Madrid<\/strong> en busca de estabilidad, privacidad y de un entorno m\u00e1s tranquilo para criar a sus hijos.<\/p>\n<p class=\"paragraph\" id=\"paragraph_8\">En la actualidad lleva una vida discreta y alejada del foco medi\u00e1tico en el distrito de <strong>Chamart\u00edn<\/strong>, una zona residencial de \u00e9lite donde comparte su vida con la directora de fotograf\u00eda estadounidense<strong> Bianca Butti.<\/strong><\/p>\n<p class=\"paragraph\" id=\"paragraph_9\">El romance entre ellas comenz\u00f3, de manera p\u00fablica en enero de <strong>2020<\/strong>. Ese a\u00f1o fueron fotografiadas compartiendo un beso en <strong>Palm Springs<\/strong>,<strong> California<\/strong>. Pero ha sido en la capital de Espa\u00f1a donde su relaci\u00f3n ha madurado.<\/p>\n<p class=\"paragraph\" id=\"paragraph_10\"><strong><\/p>\n<p><img decoding=\"async\" alt=\"Amber Heard, en el barrio de El Viso, en Madrid, celebrando la noche de Halloween.\" data-imgm=\"true\" height=\"1152\" loading=\"lazy\"  src=\"https:\/\/www.europesays.com\/es\/wp-content\/uploads\/2025\/11\/1003743995651_259702482_960x1706.jpg\"  width=\"648\"\/><\/p>\n<p>                                                            Amber Heard, en el barrio de El Viso, en Madrid, celebrando la noche de Halloween.<\/p>\n<p>                    EL ESPA\u00d1OL<\/p>\n<p><\/strong><\/p>\n<p>Madre por gestaci\u00f3n subrogada<\/p>\n<p class=\"paragraph\" id=\"paragraph_11\">Durante esta etapa en la capital, Amber Heard lleva una vida discreta. Sus rutinas son tan comunes como dar paseos o asistir a clases de tenis en el <strong>Centro Deportivo La Elipa<\/strong>. <\/p>\n<p class=\"paragraph\" id=\"paragraph_12\">Su hija mayor,<strong> Oonagh Paige,<\/strong> naci\u00f3 en abril de <strong>2021<\/strong> mediante<strong> gestaci\u00f3n subrogada<\/strong>. En <strong>mayo de 2025<\/strong>, coincidiendo con el D\u00eda de la Madre en Estados Unidos, nacieron sus mellizos <strong>Agnes y Ocean.<\/strong><\/p>\n<p class=\"paragraph\" id=\"paragraph_13\">Los dos peque\u00f1os, -con sendos disfraces de <strong>ara\u00f1a<\/strong> y <strong>calabaza-<\/strong>, la han acompa\u00f1ado en la noche de <strong>Halloween<\/strong>, que tiene su origen en las celebraciones celtas de <strong>Samhain<\/strong>, en Irlanda, Escocia y otras regiones del Reino Unido, y que marcaban el final de la cosecha y el inicio del invierno. En ellas se ten\u00eda la costumbre de encender <strong>hogueras<\/strong>, realizar banquetes y usar disfraces para ahuyentar a los esp\u00edritus malignos.<\/p>\n<p><img decoding=\"async\" alt=\"Amber Heard, en Madrid, el pasado 31 de octubre.\" data-imgm=\"true\" height=\"1152\" loading=\"lazy\"  src=\"https:\/\/www.europesays.com\/es\/wp-content\/uploads\/2025\/11\/1003743995646_259702440_960x1706.jpg\"  width=\"648\"\/><\/p>\n<p>                                                            Amber Heard, en Madrid, el pasado 31 de octubre.<\/p>\n<p>                    EL ESPA\u00d1OL<\/p>\n<p>\u00abMadre sola\u00bb<\/p>\n<p class=\"paragraph\" id=\"paragraph_14\">Sobre el nacimiento de sus mellizos, por cierto, apenas ha ofrecido detalles. Eso s\u00ed, se define a s\u00ed misma como <strong>\u00abmadre soltera\u00bb,<\/strong> lo que deja fuera de la ecuaci\u00f3n familiar a su pareja, Bianca,<\/p>\n<p class=\"paragraph\" id=\"paragraph_15\">\u00ab<strong>Convertirme en madre sola y en mis propios t\u00e9rminos<\/strong>, <strong>a pesar de mis propios problemas de fertilidad, ha sido la experiencia m\u00e1s humilde de mi vida<\/strong>. Estoy eternamente agradecida de haber podido elegir esto con responsabilidad y consideraci\u00f3n\u00bb, expres\u00f3 el pasado mes de mayo, en el post de Instagram con el que anunci\u00f3 la llegada de sus peque\u00f1os.<\/p>\n<p class=\"paragraph\" id=\"paragraph_16\">\u00abCuando tuve <strong>mi primera ni\u00f1a Oonagh<\/strong> hace cuatro a\u00f1os, mi mundo cambi\u00f3 para siempre. Pens\u00e9 que no podr\u00eda estallar de m\u00e1s alegr\u00eda. Bueno, \u00a1ahora estoy estallando tres veces!\u00bb, reconoc\u00eda entonces.<\/p>\n<p class=\"paragraph\" id=\"paragraph_17\">Ahora, como una vecina m\u00e1s, se lo ha pasado en grande en la noche m\u00e1s &#8216;terror\u00edfica&#8217; del a\u00f1o. Feliz, rodeada de sus ni\u00f1os y de otros vecinos del barrio.<\/p>\n","protected":false},"excerpt":{"rendered":"Amber Heard (38 a\u00f1os), se ha convertido hace unas horas en la protagonista de la noche de Halloween&hellip;\n","protected":false},"author":2,"featured_media":214126,"comment_status":"","ping_status":"","sticky":false,"template":"","format":"standard","meta":{"footnotes":""},"categories":[91],"tags":[41150,255,146,147,25,24,45315,6553,23],"class_list":{"0":"post-214125","1":"post","2":"type-post","3":"status-publish","4":"format-standard","5":"has-post-thumbnail","7":"category-entretenimiento","8":"tag-amber-heard","9":"tag-celebrities","10":"tag-entertainment","11":"tag-entretenimiento","12":"tag-es","13":"tag-espana","14":"tag-halloween","15":"tag-johnny-depp","16":"tag-spain"},"share_on_mastodon":{"url":"https:\/\/pubeurope.com\/@es\/115479266642676105","error":""},"_links":{"self":[{"href":"https:\/\/www.europesays.com\/es\/wp-json\/wp\/v2\/posts\/214125","targetHints":{"allow":["GET"]}}],"collection":[{"href":"https:\/\/www.europesays.com\/es\/wp-json\/wp\/v2\/posts"}],"about":[{"href":"https:\/\/www.europesays.com\/es\/wp-json\/wp\/v2\/types\/post"}],"author":[{"embeddable":true,"href":"https:\/\/www.europesays.com\/es\/wp-json\/wp\/v2\/users\/2"}],"replies":[{"embeddable":true,"href":"https:\/\/www.europesays.com\/es\/wp-json\/wp\/v2\/comments?post=214125"}],"version-history":[{"count":0,"href":"https:\/\/www.europesays.com\/es\/wp-json\/wp\/v2\/posts\/214125\/revisions"}],"wp:featuredmedia":[{"embeddable":true,"href":"https:\/\/www.europesays.com\/es\/wp-json\/wp\/v2\/media\/214126"}],"wp:attachment":[{"href":"https:\/\/www.europesays.com\/es\/wp-json\/wp\/v2\/media?parent=214125"}],"wp:term":[{"taxonomy":"category","embeddable":true,"href":"https:\/\/www.europesays.com\/es\/wp-json\/wp\/v2\/categories?post=214125"},{"taxonomy":"post_tag","embeddable":true,"href":"https:\/\/www.europesays.com\/es\/wp-json\/wp\/v2\/tags?post=214125"}],"curies":[{"name":"wp","href":"https:\/\/api.w.org\/{rel}","templated":true}]}}