{"id":214131,"date":"2025-11-02T08:57:10","date_gmt":"2025-11-02T08:57:10","guid":{"rendered":"https:\/\/www.europesays.com\/es\/214131\/"},"modified":"2025-11-02T08:57:10","modified_gmt":"2025-11-02T08:57:10","slug":"sube-a-35-el-numero-de-muertos-por-inundaciones-en-vietnam","status":"publish","type":"post","link":"https:\/\/www.europesays.com\/es\/214131\/","title":{"rendered":"Sube a 35 el n\u00famero de muertos por inundaciones en Vietnam"},"content":{"rendered":"<p>    <img src=\"https:\/\/www.europesays.com\/es\/wp-content\/uploads\/2025\/11\/2025-11-02T063A053A05Z-90264824.jpg\" width=\"1024\" height=\"682\" alt=\"\" loading=\"eager\" decoding=\"sync\" fetchpriority=\"high\"\/><\/p>\n<p>            afp_tickers        <\/p>\n<p>        Este contenido fue publicado en    <\/p>\n<p>        02 noviembre 2025 &#8211; 07:05\n<\/p>\n<p>Lluvias r\u00e9cord e inundaciones esta semana en el centro de Vietnam mataron a 35 personas y otras cinco contin\u00faan desaparecidas, informaron el domingo las autoridades de manejo de desastres.<\/p>\n<p>Las provincias costeras de Vietnam han sido azotadas por lluvias r\u00e9cord de 1,7 metros en 24 horas entre domingo y lunes.<\/p>\n<p>Las 35 muertes se dieron en las provincias de Hue, Da Nang, Lam Dong y Quang Tri, indic\u00f3 en un informe la Autoridad Vietnamita de Manejo de Desastres y Represas.<\/p>\n<p>En la ciudad hist\u00f3rica de Hoi An, patrimonio mundial de la Unesco, el agua subi\u00f3 a la altura de la cintura y los pobladores utilizaron lanchas de madera para desplazarse luego de que se desbord\u00f3 un r\u00edo.<\/p>\n<p>M\u00e1s de 16.500 casas se inundaron en la zona y m\u00e1s de 40.000 animales de crianza fueron arrastrados por la corriente, mientras m\u00e1s de 5.300 hect\u00e1reas de cultivos quedaron sumergidas.<\/p>\n<p>lam\/jts\/tc\/mas\/sag<\/p>\n","protected":false},"excerpt":{"rendered":"afp_tickers Este contenido fue publicado en 02 noviembre 2025 &#8211; 07:05 Lluvias r\u00e9cord e inundaciones esta semana en&hellip;\n","protected":false},"author":2,"featured_media":214132,"comment_status":"","ping_status":"","sticky":false,"template":"","format":"standard","meta":{"footnotes":""},"categories":[42],"tags":[17,18,756,13,14,11,61,62,63,64,19,20,9,10,15,16,90,12,21,22,15537,65,66,67],"class_list":{"0":"post-214131","1":"post","2":"type-post","3":"status-publish","4":"format-standard","5":"has-post-thumbnail","7":"category-internacional","8":"tag-breaking-news","9":"tag-breakingnews","10":"tag-environment","11":"tag-featured-news","12":"tag-featurednews","13":"tag-headlines","14":"tag-internacional","15":"tag-international","16":"tag-international-news","17":"tag-internationalnews","18":"tag-latest-news","19":"tag-latestnews","20":"tag-news","21":"tag-noticias","22":"tag-noticias-destacadas","23":"tag-noticiasdestacadas","24":"tag-ticker","25":"tag-titulares","26":"tag-ultimas-noticias","27":"tag-ultimasnoticias","28":"tag-weather","29":"tag-world","30":"tag-world-news","31":"tag-worldnews"},"share_on_mastodon":{"url":"https:\/\/pubeurope.com\/@es\/115479278115183280","error":""},"_links":{"self":[{"href":"https:\/\/www.europesays.com\/es\/wp-json\/wp\/v2\/posts\/214131","targetHints":{"allow":["GET"]}}],"collection":[{"href":"https:\/\/www.europesays.com\/es\/wp-json\/wp\/v2\/posts"}],"about":[{"href":"https:\/\/www.europesays.com\/es\/wp-json\/wp\/v2\/types\/post"}],"author":[{"embeddable":true,"href":"https:\/\/www.europesays.com\/es\/wp-json\/wp\/v2\/users\/2"}],"replies":[{"embeddable":true,"href":"https:\/\/www.europesays.com\/es\/wp-json\/wp\/v2\/comments?post=214131"}],"version-history":[{"count":0,"href":"https:\/\/www.europesays.com\/es\/wp-json\/wp\/v2\/posts\/214131\/revisions"}],"wp:featuredmedia":[{"embeddable":true,"href":"https:\/\/www.europesays.com\/es\/wp-json\/wp\/v2\/media\/214132"}],"wp:attachment":[{"href":"https:\/\/www.europesays.com\/es\/wp-json\/wp\/v2\/media?parent=214131"}],"wp:term":[{"taxonomy":"category","embeddable":true,"href":"https:\/\/www.europesays.com\/es\/wp-json\/wp\/v2\/categories?post=214131"},{"taxonomy":"post_tag","embeddable":true,"href":"https:\/\/www.europesays.com\/es\/wp-json\/wp\/v2\/tags?post=214131"}],"curies":[{"name":"wp","href":"https:\/\/api.w.org\/{rel}","templated":true}]}}