{"id":214133,"date":"2025-11-02T08:58:10","date_gmt":"2025-11-02T08:58:10","guid":{"rendered":"https:\/\/www.europesays.com\/es\/214133\/"},"modified":"2025-11-02T08:58:10","modified_gmt":"2025-11-02T08:58:10","slug":"los-cantes-a-la-esperanza-de-triana-en-la-calle-pureza","status":"publish","type":"post","link":"https:\/\/www.europesays.com\/es\/214133\/","title":{"rendered":"los cantes a la Esperanza de Triana en la calle Pureza"},"content":{"rendered":"<p style=\"\">La Esperanza de Triana ha recibido en su procesi\u00f3n extraordinaria de vuelta a su capilla de los Marineros<strong> numerosas ofrendas en forma de petaladas, ramos de flores y cantes<\/strong>. Uno de ellos se realiz\u00f3 a pocos metros de su sede can\u00f3nica y cuando  &#8230; el paso de la Virgen tuvo que aligerar su ritmo porque estaban cayendo las primeras gotas de lluvia. <\/p>\n<p class=\"voc-p\" style=\"\">Cuando la calle Pureza se hizo larga, ancha y se dej\u00f3 atr\u00e1s la estrechez, varios artistas como <strong>Argentina, Arc\u00e1ngel, Manuel Lombo o Gala \u00c9vora<\/strong>, entre otros muchos m\u00e1s realizaron a la Virgen el &#8216;Canto a la Esperanza&#8217;, dirigido por Jos\u00e9 Miguel \u00c9vora y ante la emoci\u00f3n de todo el p\u00fablico que estaba congregado junto al paso. <\/p>\n<p class=\"voc-p\" style=\"\">All\u00ed, se juntaron estas grandes voces del panorama musical andaluz y espa\u00f1ol para, junto a guitarras, rezarle cantando a la Esperanza de Triana en los momentos finales de su Misi\u00f3n al Pol\u00edgono Sur y tras una procesi\u00f3n para la historia de la hermandad y de las cofrad\u00edas de Sevilla.<strong> Se suced\u00edan las voces de los artistas delante de la imagen mientras que se hac\u00eda silencio en este rinc\u00f3n de Triana<\/strong>. <\/p>\n<p class=\"voc-p\" style=\"\">Esta no fue s\u00f3lo el \u00fanico cante que recibi\u00f3 la Esperanza en su regreso porque hubo otros muchos m\u00e1s como el caso de Eva del Cristo, venida de Jerez de la Frontera, la cual rez\u00f3 cantando a la Virgen en un balc\u00f3n de la calle Antillano Campos mientras que llov\u00edan p\u00e9talos desde las azoteas de las casas y los bloques de vecinos. <\/p>\n<p class=\"voc-p\" style=\"\">Otros detalles musicales de la tarde noche de este s\u00e1bado &#8216;glorioso&#8217; en la Esperanza de Triana fueron el coro de Julio Pardo en el Ayuntamiento de Sevilla cantando &#8216;Pureza Marinera&#8217; o el pasodoble &#8216;Churumbeler\u00edas&#8217; para la dolorosa en la calle Reyes Cat\u00f3licos, interpretado por la banda de las Cigarreras y con el aplauso del p\u00fablico all\u00ed congregado. <\/p>\n","protected":false},"excerpt":{"rendered":"La Esperanza de Triana ha recibido en su procesi\u00f3n extraordinaria de vuelta a su capilla de los Marineros&hellip;\n","protected":false},"author":2,"featured_media":214134,"comment_status":"","ping_status":"","sticky":false,"template":"","format":"standard","meta":{"footnotes":""},"categories":[8],"tags":[17,18,10872,57666,25,24,9572,13,14,11,19,20,9,10,15,16,22327,23,12,5117,21,22,2338],"class_list":{"0":"post-214133","1":"post","2":"type-post","3":"status-publish","4":"format-standard","5":"has-post-thumbnail","7":"category-espana","8":"tag-breaking-news","9":"tag-breakingnews","10":"tag-calle","11":"tag-cantes","12":"tag-es","13":"tag-espana","14":"tag-esperanza","15":"tag-featured-news","16":"tag-featurednews","17":"tag-headlines","18":"tag-latest-news","19":"tag-latestnews","20":"tag-news","21":"tag-noticias","22":"tag-noticias-destacadas","23":"tag-noticiasdestacadas","24":"tag-pureza","25":"tag-spain","26":"tag-titulares","27":"tag-triana","28":"tag-ultimas-noticias","29":"tag-ultimasnoticias","30":"tag-video"},"share_on_mastodon":{"url":"https:\/\/pubeurope.com\/@es\/115479282101237913","error":""},"_links":{"self":[{"href":"https:\/\/www.europesays.com\/es\/wp-json\/wp\/v2\/posts\/214133","targetHints":{"allow":["GET"]}}],"collection":[{"href":"https:\/\/www.europesays.com\/es\/wp-json\/wp\/v2\/posts"}],"about":[{"href":"https:\/\/www.europesays.com\/es\/wp-json\/wp\/v2\/types\/post"}],"author":[{"embeddable":true,"href":"https:\/\/www.europesays.com\/es\/wp-json\/wp\/v2\/users\/2"}],"replies":[{"embeddable":true,"href":"https:\/\/www.europesays.com\/es\/wp-json\/wp\/v2\/comments?post=214133"}],"version-history":[{"count":0,"href":"https:\/\/www.europesays.com\/es\/wp-json\/wp\/v2\/posts\/214133\/revisions"}],"wp:featuredmedia":[{"embeddable":true,"href":"https:\/\/www.europesays.com\/es\/wp-json\/wp\/v2\/media\/214134"}],"wp:attachment":[{"href":"https:\/\/www.europesays.com\/es\/wp-json\/wp\/v2\/media?parent=214133"}],"wp:term":[{"taxonomy":"category","embeddable":true,"href":"https:\/\/www.europesays.com\/es\/wp-json\/wp\/v2\/categories?post=214133"},{"taxonomy":"post_tag","embeddable":true,"href":"https:\/\/www.europesays.com\/es\/wp-json\/wp\/v2\/tags?post=214133"}],"curies":[{"name":"wp","href":"https:\/\/api.w.org\/{rel}","templated":true}]}}