{"id":214135,"date":"2025-11-02T08:59:21","date_gmt":"2025-11-02T08:59:21","guid":{"rendered":"https:\/\/www.europesays.com\/es\/214135\/"},"modified":"2025-11-02T08:59:21","modified_gmt":"2025-11-02T08:59:21","slug":"es-inadmisible-que-algunos-intenten-relativizar-la-vida","status":"publish","type":"post","link":"https:\/\/www.europesays.com\/es\/214135\/","title":{"rendered":"Es inadmisible que algunos intenten relativizar la vida"},"content":{"rendered":"<p class=\"article-text\">\n        La secretaria general del PSOE-A, vicepresidenta primera del Gobierno y ministra de Hacienda, Mar\u00eda Jes\u00fas Montero, ha considerado sobre los casos relacionados con el programa de cribado del c\u00e1ncer de mama en Andaluc\u00eda que es \u201cinadmisible que algunos intenten relativizar la vida, aunque sea de una de nosotras\u201d.\n    <\/p>\n<p>    <a href=\"https:\/\/www.eldiario.es\/andalucia\/consejero-andaluz-salud-reta-oposicion-identificar-mujeres-fallos-cribado-cita-revision_1_12727426.html\" data-mrf-recirculation=\"saber-mas\" data-dl-event=\"saber-mas\" rel=\"nofollow noopener\" target=\"_blank\"><\/p>\n<p class=\"know-more__title\">El consejero andaluz de Salud reta a la oposici\u00f3n a identificar a las mujeres con fallos de cribado a\u00fan sin cita para revisi\u00f3n<\/p>\n<p>            <img decoding=\"async\" class=\"lazy\" loading=\"lazy\" data-src=\"https:\/\/static.eldiario.es\/clip\/d2f8b183-ea99-4330-a1aa-971a6f0c8256_16-9-aspect-ratio_default_0.jpg\" src=\"data:image\/svg+xml,%3Csvg xmlns=\" http:=\"\" viewbox=\"0 0 880 495\" alt=\"El consejero andaluz de Salud reta a la oposici\u00f3n a identificar a las mujeres con fallos de cribado a\u00fan sin cita para revisi\u00f3n\"\/><\/p>\n<p>                        <\/a><\/p>\n<p class=\"article-text\">\n        <a href=\"https:\/\/www.eldiario.es\/sevilla\/montero-sevilla-verguenza-nacional-no-tengamos-dignidad-sacar-2-700-personas-fosa_1_12733660.html\" data-mrf-recirculation=\"links-noticia\" class=\"link\" rel=\"nofollow noopener\" target=\"_blank\">En un acto de Memoria Democr\u00e1tica en Sevilla<\/a> con motivo del D\u00eda de Recuerdo y Homenaje a todas las v\u00edctimas del golpe militar, la Guerra y la Dictadura, Montero ha dicho que \u201ccualquier programa que defienda nuestra vida es importante\u201d.\n    <\/p>\n<p class=\"article-text\">\n        \u201cNo se puede banalizar las consecuencias que tiene algo que no se puede titular de fallo porque es el colapso que tienen nuestros servicios p\u00fablicos con motivo de la falta de apuesta, de la privatizaci\u00f3n, del modelo distinto que no apuesta por pol\u00edticas p\u00fablicas de este PP\u201d, ha dicho.\n    <\/p>\n<p class=\"article-text\">\n        Seg\u00fan Montero, \u201cnos parece indignante que se pueda trasladar que, total, si se trata de no s\u00e9 cu\u00e1ntas vidas\u201d. \u201cNo, una sola justifica un programa, una sola justifica un sistema sanitario de calidad que permita que nos sintamos seguras y nuestros compa\u00f1eros seguros ante la enfermedad, que es la vulnerabilidad del ser humano\u201d, ha incidido.\n    <\/p>\n<p>    <a href=\"https:\/\/www.eldiario.es\/andalucia\/huelva\/concejala-pp-huelva-minimiza-crisis-cribados-andalucia-ruido-1-mujeres_1_12730556.html\" data-mrf-recirculation=\"saber-mas-abajo\" data-dl-event=\"saber-mas-abajo\" rel=\"nofollow noopener\" target=\"_blank\"><\/p>\n<p class=\"know-more__title\">Una concejala del PP en Huelva minimiza la crisis de los cribados en Andaluc\u00eda: \u201cTodo este ruido para un 1% de mujeres\u201d\n<\/p>\n<p>            <img decoding=\"async\" class=\"lazy\" loading=\"lazy\" data-src=\"https:\/\/static.eldiario.es\/clip\/fa0d8cc3-7234-4c9b-94ed-296d0f565b25_16-9-aspect-ratio_default_0.jpg\" src=\"data:image\/svg+xml,%3Csvg xmlns=\" http:=\"\" viewbox=\"0 0 880 495\" alt=\"Una concejala del PP en Huelva minimiza la crisis de los cribados en Andaluc\u00eda: &quot;Todo este ruido para un 1% de mujeres&quot;\"\/><\/p>\n<p>                        <\/a><\/p>\n<p class=\"article-text\">\n        As\u00ed, ha a\u00f1adido que \u201csi la ciencia puede curar, todos y todas tenemos derecho a que se prevenga nuestra enfermedad y a que se cure\u201d. \u201cNo hay justificaci\u00f3n alguna para que esto no ocurra\u201d, ha finalizado.\n    <\/p>\n<p class=\"article-text\">\n        <a href=\"https:\/\/usuarios.eldiario.es\/hazte_socio\/?utm_source=andalucia&amp;utm_campaign=eell&amp;utm_medium=all&amp;_gl=1*1686cvs*_gcl_au*MTYxMDA0MjMxOS4xNzUzODU2NTg0*_ga*MzI3MDQxMTk0LjE2Njc4MTY1MDY.*_ga_4RZPWREGF3*czE3NTk4MzU1ODckbzcwJGcxJHQxNzU5ODM2MDg2JGo2MCRsMCRoMA..\" target=\"_blank\" data-mrf-recirculation=\"links-noticia\" class=\"link\" rel=\"nofollow noopener\">Desde este enlace<\/a>\u00a0puedes convertirte en nuevo socio\/a de\u00a0<a href=\"https:\/\/www.eldiario.es\/andalucia\/\" target=\"_blank\" data-mrf-recirculation=\"links-noticia\" class=\"link\" rel=\"nofollow noopener\">elDiario.es Andaluc\u00eda<\/a>\u00a0y apoyar\u00e1s econ\u00f3micamente un periodismo independiente y riguroso hecho desde nuestra tierra.\n    <\/p>\n<p class=\"article-text\">\n        Si ya eres socio\/a, puedes hacer una aportaci\u00f3n extra destinada \u00edntegramente a\u00a0<a href=\"https:\/\/www.eldiario.es\/andalucia\/\" target=\"_blank\" data-mrf-recirculation=\"links-noticia\" class=\"link\" rel=\"nofollow noopener\">elDiario.es Andaluc\u00eda<\/a>\u00a0desde el apartado &#8216;Tu cuota&#8217;. Es importante para que podamos seguir contando noticias de Andaluc\u00eda desde Andaluc\u00eda. \u00a1Gracias por tu apoyo!\n    <\/p>\n","protected":false},"excerpt":{"rendered":"La secretaria general del PSOE-A, vicepresidenta primera del Gobierno y ministra de Hacienda, Mar\u00eda Jes\u00fas Montero, ha considerado&hellip;\n","protected":false},"author":2,"featured_media":214136,"comment_status":"","ping_status":"","sticky":false,"template":"","format":"standard","meta":{"footnotes":""},"categories":[5],"tags":[1705,259,17,18,2760,3854,25,24,13,14,494,11,1667,19,20,3855,9,10,15,16,1925,1171,23,12,21,22],"class_list":{"0":"post-214135","1":"post","2":"type-post","3":"status-publish","4":"format-standard","5":"has-post-thumbnail","7":"category-titulares","8":"tag-analisis","9":"tag-andalucia","10":"tag-breaking-news","11":"tag-breakingnews","12":"tag-cordoba","13":"tag-eldiario-es","14":"tag-es","15":"tag-espana","16":"tag-featured-news","17":"tag-featurednews","18":"tag-granada","19":"tag-headlines","20":"tag-informacion","21":"tag-latest-news","22":"tag-latestnews","23":"tag-malaga","24":"tag-news","25":"tag-noticias","26":"tag-noticias-destacadas","27":"tag-noticiasdestacadas","28":"tag-opinion","29":"tag-sevilla","30":"tag-spain","31":"tag-titulares","32":"tag-ultimas-noticias","33":"tag-ultimasnoticias"},"share_on_mastodon":{"url":"https:\/\/pubeurope.com\/@es\/115479285776679774","error":""},"_links":{"self":[{"href":"https:\/\/www.europesays.com\/es\/wp-json\/wp\/v2\/posts\/214135","targetHints":{"allow":["GET"]}}],"collection":[{"href":"https:\/\/www.europesays.com\/es\/wp-json\/wp\/v2\/posts"}],"about":[{"href":"https:\/\/www.europesays.com\/es\/wp-json\/wp\/v2\/types\/post"}],"author":[{"embeddable":true,"href":"https:\/\/www.europesays.com\/es\/wp-json\/wp\/v2\/users\/2"}],"replies":[{"embeddable":true,"href":"https:\/\/www.europesays.com\/es\/wp-json\/wp\/v2\/comments?post=214135"}],"version-history":[{"count":0,"href":"https:\/\/www.europesays.com\/es\/wp-json\/wp\/v2\/posts\/214135\/revisions"}],"wp:featuredmedia":[{"embeddable":true,"href":"https:\/\/www.europesays.com\/es\/wp-json\/wp\/v2\/media\/214136"}],"wp:attachment":[{"href":"https:\/\/www.europesays.com\/es\/wp-json\/wp\/v2\/media?parent=214135"}],"wp:term":[{"taxonomy":"category","embeddable":true,"href":"https:\/\/www.europesays.com\/es\/wp-json\/wp\/v2\/categories?post=214135"},{"taxonomy":"post_tag","embeddable":true,"href":"https:\/\/www.europesays.com\/es\/wp-json\/wp\/v2\/tags?post=214135"}],"curies":[{"name":"wp","href":"https:\/\/api.w.org\/{rel}","templated":true}]}}