{"id":214160,"date":"2025-11-02T09:20:13","date_gmt":"2025-11-02T09:20:13","guid":{"rendered":"https:\/\/www.europesays.com\/es\/214160\/"},"modified":"2025-11-02T09:20:13","modified_gmt":"2025-11-02T09:20:13","slug":"al-menos-23-muertos-y-12-heridos-en-un-incendio-en-una-tienda-en-sonora","status":"publish","type":"post","link":"https:\/\/www.europesays.com\/es\/214160\/","title":{"rendered":"Al menos 23 muertos y 12 heridos en un incendio en una tienda en Sonora"},"content":{"rendered":"<p class=\"\">Un <a href=\"https:\/\/elpais.com\/mexico\/2025-11-01\/tres-personas-permanecen-aun-hospitalizadas-por-la-explosion-de-una-pipa-en-iztapalapa.html\" target=\"_blank\" rel=\"noreferrer nofollow noopener\" title=\"https:\/\/elpais.com\/mexico\/2025-11-01\/tres-personas-permanecen-aun-hospitalizadas-por-la-explosion-de-una-pipa-en-iztapalapa.html\">incendio<\/a> en una tienda Waldos, registrado este s\u00e1bado en la tarde en Hermosillo, en el Estado de Sonora, en el noroeste de M\u00e9xico, ha dejado al menos 23 muertos y 12 heridos, seg\u00fan ha informado el gobernador del Estado, Alfonso Durazo. Entre las v\u00edctimas hay menores de edad. Al parecer, el fuego habr\u00eda iniciado despu\u00e9s de una explosi\u00f3n. Testimonios de vecinos recogidos por reporteros locales dibujan un escenario de horror, con v\u00edctimas corriendo envueltas en llamas.<\/p>\n<p class=\"\">La tragedia pod\u00eda haber sido todav\u00eda peor. Los bomberos han informado de que \u201cgracias a la intervenci\u00f3n oportuna de los equipos de emergencia, se evit\u00f3 su propagaci\u00f3n a los negocios contiguos\u201d. En un mensaje publicado en su cuenta de X, el gobernador, <a href=\"https:\/\/elpais.com\/internacional\/2018\/08\/07\/mexico\/1533607975_638555.html\" target=\"_self\" rel=\"nofollow noopener\" title=\"https:\/\/elpais.com\/internacional\/2018\/08\/07\/mexico\/1533607975_638555.html\">Alfonso Durazo<\/a>, de Morena, ha dicho: \u201cExpreso mis m\u00e1s profundas condolencias a las familias y seres queridos de las personas fallecidas en el incendio ocurrido hoy en el Centro de Hermosillo. El Gobierno del Estado brindar\u00e1 atenci\u00f3n puntual e integral a las v\u00edctimas y a sus seres queridos. Asimismo, he instruido que se lleven a cabo todas las investigaciones correspondientes\u201d.<\/p>\n<p><img decoding=\"auto\" class=\"_re lazyload a_m-h\" height=\"233\"  width=\"414\"  src=\"https:\/\/www.europesays.com\/es\/wp-content\/uploads\/2025\/11\/4THERYUNOBFJNPEUIXZCXQY5TI.jpg\" loading=\"lazy\"\/>Bomberos y elementos de la Cruz Roja Mexicana socorren a personas heridas durante el incendio.Departamento de Bomberos de Hermosillo<\/p>\n<p class=\"\">La Secretar\u00eda de Seguridad P\u00fablica de Sonora ha descartado en su cuenta de X que la explosi\u00f3n haya ido dirigida contra las personas que se encontraban en el establecimiento. \u201cSe descarta por completo que se haya tratado de un atentado o un evento relacionado con una actitud violenta en contra de civiles\u201d, ha explicado la dependencia en un comunicado.<\/p>\n<p class=\"\">La presidenta de M\u00e9xico, Claudia Sheinbaum, ha enviado condolencias a las familias afectadas a trav\u00e9s de redes sociales. \u201cHe estado en contacto con el gobernador de Sonora, Alfonso Durazo, para apoyar en lo que se necesite. Instru\u00ed a la secretaria de Gobernaci\u00f3n, Rosa Icela Rodr\u00edguez, para que env\u00ede equipo de apoyo a fin de atender a los familiares y heridos\u201d, ha a\u00f1adido en su publicaci\u00f3n.<\/p>\n<blockquote class=\"twitter-tweet\">\n<p lang=\"es\" dir=\"ltr\">Mis sentidas condolencias a las familias y seres queridos de las personas fallecidas en el incendio ocurrido en una tienda en el centro de Hermosillo.<\/p>\n<p>He estado en contacto con el gobernador de Sonora, Alfonso Durazo, para apoyar en lo que se necesite. Instru\u00ed a la secretaria de\u2026<\/p>\n<p>\u2014 Claudia Sheinbaum Pardo (@Claudiashein) <a href=\"https:\/\/twitter.com\/Claudiashein\/status\/1984815968439136289?ref_src=twsrc%5Etfw\" rel=\"nofollow noopener\" target=\"_blank\">November 2, 2025<\/a><\/p><\/blockquote>\n<p class=\"\">El ayuntamiento de Hermosillo ha suspendido las actividades por el D\u00eda de Muertos en el municipio. \u201cEn el marco del VII Festival Tradicional de D\u00eda de Muertos, as\u00ed como el Concurso y la Marcha de las Catrinas previstos para este d\u00eda, quedan suspendidas en solidaridad con las personas afectadas por el lamentable incendio ocurrido en una tienda del Centro de la Ciudad\u201d, ha indicado el consistorio. <\/p>\n<p><script async src=\"https:\/\/platform.twitter.com\/widgets.js\" charset=\"utf-8\"><\/script><\/p>\n","protected":false},"excerpt":{"rendered":"Un incendio en una tienda Waldos, registrado este s\u00e1bado en la tarde en Hermosillo, en el Estado de&hellip;\n","protected":false},"author":2,"featured_media":214161,"comment_status":"","ping_status":"","sticky":false,"template":"","format":"standard","meta":{"footnotes":""},"categories":[42],"tags":[889,17,18,13,14,11,4342,61,62,63,64,19,20,1804,1906,9,10,15,16,39625,18937,12,21,22,431,65,66,67],"class_list":{"0":"post-214160","1":"post","2":"type-post","3":"status-publish","4":"format-standard","5":"has-post-thumbnail","7":"category-internacional","8":"tag-america","9":"tag-breaking-news","10":"tag-breakingnews","11":"tag-featured-news","12":"tag-featurednews","13":"tag-headlines","14":"tag-incendios","15":"tag-internacional","16":"tag-international","17":"tag-international-news","18":"tag-internationalnews","19":"tag-latest-news","20":"tag-latestnews","21":"tag-latinoamerica","22":"tag-mexico","23":"tag-news","24":"tag-noticias","25":"tag-noticias-destacadas","26":"tag-noticiasdestacadas","27":"tag-sonora","28":"tag-tiendas","29":"tag-titulares","30":"tag-ultimas-noticias","31":"tag-ultimasnoticias","32":"tag-victimas","33":"tag-world","34":"tag-world-news","35":"tag-worldnews"},"share_on_mastodon":{"url":"https:\/\/pubeurope.com\/@es\/115479368684801765","error":""},"_links":{"self":[{"href":"https:\/\/www.europesays.com\/es\/wp-json\/wp\/v2\/posts\/214160","targetHints":{"allow":["GET"]}}],"collection":[{"href":"https:\/\/www.europesays.com\/es\/wp-json\/wp\/v2\/posts"}],"about":[{"href":"https:\/\/www.europesays.com\/es\/wp-json\/wp\/v2\/types\/post"}],"author":[{"embeddable":true,"href":"https:\/\/www.europesays.com\/es\/wp-json\/wp\/v2\/users\/2"}],"replies":[{"embeddable":true,"href":"https:\/\/www.europesays.com\/es\/wp-json\/wp\/v2\/comments?post=214160"}],"version-history":[{"count":0,"href":"https:\/\/www.europesays.com\/es\/wp-json\/wp\/v2\/posts\/214160\/revisions"}],"wp:featuredmedia":[{"embeddable":true,"href":"https:\/\/www.europesays.com\/es\/wp-json\/wp\/v2\/media\/214161"}],"wp:attachment":[{"href":"https:\/\/www.europesays.com\/es\/wp-json\/wp\/v2\/media?parent=214160"}],"wp:term":[{"taxonomy":"category","embeddable":true,"href":"https:\/\/www.europesays.com\/es\/wp-json\/wp\/v2\/categories?post=214160"},{"taxonomy":"post_tag","embeddable":true,"href":"https:\/\/www.europesays.com\/es\/wp-json\/wp\/v2\/tags?post=214160"}],"curies":[{"name":"wp","href":"https:\/\/api.w.org\/{rel}","templated":true}]}}