{"id":214164,"date":"2025-11-02T09:22:09","date_gmt":"2025-11-02T09:22:09","guid":{"rendered":"https:\/\/www.europesays.com\/es\/214164\/"},"modified":"2025-11-02T09:22:09","modified_gmt":"2025-11-02T09:22:09","slug":"carme-chaparro-he-visto-a-muchas-companeras-llorar-en-los-banos-de-la-tele-gente","status":"publish","type":"post","link":"https:\/\/www.europesays.com\/es\/214164\/","title":{"rendered":"Carme Chaparro: \u201cHe visto a muchas compa\u00f1eras llorar en los ba\u00f1os de la tele\u201d | Gente"},"content":{"rendered":"<p class=\"\"><a href=\"https:\/\/elpais.com\/cultura\/2024-07-27\/carme-chaparro-me-daba-pavor-volver-a-la-television-y-que-me-viesen-como-una-senora.html\" target=\"_blank\" rel=\"noreferrer nofollow noopener\" title=\"https:\/\/elpais.com\/cultura\/2024-07-27\/carme-chaparro-me-daba-pavor-volver-a-la-television-y-que-me-viesen-como-una-senora.html\">Carme Chaparro<\/a> (Salamanca, 52 a\u00f1os) lleva nueve meses alejada de la televisi\u00f3n y no sabe cu\u00e1ndo va a volver. La enfermedad que padece, a la que, por el momento, no quiere ponerle nombre, le impide trabajar. Sin embargo, lo primero que hace cada ma\u00f1ana es ver las audiencias televisivas del d\u00eda anterior. Muchas noches sue\u00f1a con que regresa a la redacci\u00f3n de informativos de Telecinco. En realidad, tiene una pesadilla recurrente. \u201cSue\u00f1o mucho con la tele, pero, al final, nunca consigo llegar al plat\u00f3, no consigo hacer mi trabajo. Hay algo que siempre se tuerce. Anoche, por ejemplo, ten\u00eda las manos llenas de aceite y no pod\u00eda escribir en el teclado\u201d, explica. <\/p>\n<p class=\"\">A la periodista le cuesta salir de casa, as\u00ed que la conversaci\u00f3n con EL PA\u00cdS transcurre en el sal\u00f3n de su apartamento, escoltada por su perro, un caniche llamado Bitter. Tambi\u00e9n le cuesta ver a gente. Estos d\u00edas est\u00e1 haciendo un esfuerzo porque acaba de publicar Venganza (Espasa), un thriller<b> <\/b>que destripa las miserias de los medios de comunicaci\u00f3n: la competencia descarnada, los abusos de poder, la manipulaci\u00f3n, la polarizaci\u00f3n&#8230; Ten\u00eda previsto lanzar la novela el pasado marzo, pero la enfermedad la oblig\u00f3 a posponerlo hasta ahora. <\/p>\n<p>M\u00e1s informaci\u00f3n<\/p>\n<p class=\"\">\u201cReci\u00e9n ahora tengo fuerzas para dar entrevistas, aunque no es f\u00e1cil\u201d, reconoce. \u201cVerme en casa, enferma, muy medicada, sin hacer el trabajo que me gusta, me hizo caer en un pozo muy oscuro, un lugar en el que yo no recordaba haber estado nunca y del que gracias a Dios he salido. Bueno, no a Dios, porque yo no creo. M\u00e1s bien gracias a una amiga que llam\u00f3 a un psiquiatra. Y gracias a un marido que me ha sostenido y que se ha ocupado de todo. Mientras yo estaba fuera de juego, \u00e9l se ocup\u00f3 de las ni\u00f1as [tiene dos hijas], pon\u00eda la lavadora, sacaba al perro&#8230; Ahora entiendo cuando <a href=\"https:\/\/elpais.com\/ciencia\/2025-10-15\/salvador-guinjoan-psiquiatra-un-tercio-de-los-pacientes-con-depresion-no-mejora-con-las-medidas-habituales-ahi-aparece-el-ultrasonido.html\" target=\"_self\" rel=\"nofollow noopener\" title=\"https:\/\/elpais.com\/ciencia\/2025-10-15\/salvador-guinjoan-psiquiatra-un-tercio-de-los-pacientes-con-depresion-no-mejora-con-las-medidas-habituales-ahi-aparece-el-ultrasonido.html\">los pacientes con depresi\u00f3n<\/a> dicen que ven la vida en blanco y negro y que no son capaces ni de ir al ba\u00f1o cuando tienen pis. Yo vengo de ah\u00ed\u201d.<\/p>\n<p class=\"\"><b>Pregunta.<\/b> \u00bfPor qu\u00e9 escribe novelas negras?<\/p>\n<p class=\"\"><b>Respuesta.<\/b> Creo que tiene que ver mucho con el periodismo. <a href=\"https:\/\/elpais.com\/comunicacion\/2024-11-15\/inaki-gabilondo-cuando-una-emisora-cae-en-la-polarizacion-esta-naufragando.html\" target=\"_self\" rel=\"nofollow noopener\" title=\"https:\/\/elpais.com\/comunicacion\/2024-11-15\/inaki-gabilondo-cuando-una-emisora-cae-en-la-polarizacion-esta-naufragando.html\">I\u00f1aki Gabilondo<\/a> tiene una frase maravillosa: \u201cLos periodistas solo nos levantamos un d\u00eda sabiendo que vamos a contar cosas bonitas: el d\u00eda del Gordo de Navidad\u201d. Llevo m\u00e1s de 25 a\u00f1os en informativos contando cosas muy duras. He tenido que contar tanta negrura que algo de todo eso me ha quedado. Lo negro es algo que llevamos todos dentro y de lo que todos hemos sido v\u00edctimas. <\/p>\n<p class=\"\"><b>P.<\/b> \u00bfPor qu\u00e9 nos gusta tanto leer sobre cr\u00edmenes?<\/p>\n<p class=\"\"><b>R. <\/b>Porque les pasan a otros y no a nosotros. Nos hacen sentir aliviados, porque no nos pasan a nosotros, y vivos, porque hacen que nos demos cuenta de que la vida es breve y hay que aprovecharla.<\/p>\n<p class=\"\"><b>P.<\/b> Este g\u00e9nero literario tiene mucho \u00e9xito entre el p\u00fablico femenino. \u00bfPor qu\u00e9 cree que gusta tanto a las mujeres?<\/p>\n<p class=\"\"><b>R. <\/b>Cuando empec\u00e9 con la promoci\u00f3n de <a href=\"https:\/\/elpais.com\/cultura\/2017\/02\/24\/actualidad\/1487931629_588816.html\" target=\"_blank\" rel=\"noreferrer nofollow noopener\" title=\"https:\/\/elpais.com\/cultura\/2017\/02\/24\/actualidad\/1487931629_588816.html\">No soy un monstruo<\/a>, mi primera novela, dije a la editorial: \u201cMe da miedo que solo vengan hombres a la presentaci\u00f3n\u201d. Ten\u00eda esa sensaci\u00f3n, iba con ese prejuicio. Me sorprendi\u00f3 descubrir que muchas mujeres leen novela negra. Hay una nueva literatura negra escrita por mujeres donde hay poco higadillo y muchos personajes emocionales. Eso es lo que conecta con las mujeres: las emociones.<\/p>\n<p class=\"\"><b>P.<\/b> En Venganza desnuda las miserias de los medios de comunicaci\u00f3n. \u00bfC\u00f3mo ve la tele en Espa\u00f1a?<\/p>\n<p class=\"\"><b>R.<\/b> Llevo un a\u00f1o viendo poca tele porque estoy muy medicada. Tampoco leo mucho porque me canso y estoy medio drogui todos los d\u00edas. La tele tiene un problema importante: no sabe c\u00f3mo definirse. \u00bfQu\u00e9 es televisi\u00f3n ahora? Cuando era peque\u00f1a, era como el fuego en los antiguos poblados medievales: toda la familia se sentaba alrededor de ella. Era el lugar de encuentro. Ya no lo es. Ning\u00fan directivo tiene la clave de qu\u00e9 puede funcionar ahora. En Venganza me apetec\u00eda que la gente supiera lo que hay detr\u00e1s de este medio. La enciendes y ves brillo, pero detr\u00e1s hay mucha presi\u00f3n y sufrimiento.<\/p>\n<p class=\"\"><b>P.<\/b> \u00bfQu\u00e9 tipo de presi\u00f3n?<\/p>\n<p class=\"\"><b>R.<\/b> Presi\u00f3n por las audiencias, presi\u00f3n por la imagen. Yo soy mujer, tengo 52 a\u00f1os y pas\u00e9 hace poco por una <a href=\"https:\/\/elpais.com\/eps\/2024-05-05\/hablemos-de-la-menopausia.html\" target=\"_blank\" rel=\"noreferrer nofollow noopener\" title=\"https:\/\/elpais.com\/eps\/2024-05-05\/hablemos-de-la-menopausia.html\">menopausia <\/a>en la que engord\u00e9 casi 15 kilos. De repente tuve que volver a ponerme delante de la c\u00e1mara y no me atrev\u00eda a verme. Soy de una hornada de presentadoras en la que estaban Helena Resano, Letizia Ortiz\u2026 Cuando empezamos, nos percib\u00edan como mujeres florero. \u00c9ramos chicas j\u00f3venes junto a presentadores mayores. Vimos lo que les pas\u00f3 a las mujeres que iban delante de nosotras, como <a href=\"https:\/\/elpais.com\/comunicacion\/2023-01-15\/julia-otero-llego-a-darme-igual-estar-viva-o-muerta.html\" target=\"_self\" rel=\"nofollow noopener\" title=\"https:\/\/elpais.com\/comunicacion\/2023-01-15\/julia-otero-llego-a-darme-igual-estar-viva-o-muerta.html\">Julia Otero<\/a>, \u00c0ngels Barcel\u00f3 u Olga Viza. Todas ellas son grandes profesionales y, de repente, dejaron de tener hueco en pantalla. Las pusieron en la radio, donde no se las ve\u00eda. Nosotras estamos empezando a romper un poco eso, pero todav\u00eda nos falta mucho.<\/p>\n<p class=\"\"><b>P.<\/b> Ha mencionado a <a href=\"https:\/\/elpais.com\/espana\/2024-06-19\/los-10-anos-de-letizia-como-reina-en-imagenes.html\" target=\"_blank\" rel=\"noreferrer nofollow noopener\" title=\"https:\/\/elpais.com\/espana\/2024-06-19\/los-10-anos-de-letizia-como-reina-en-imagenes.html\">Letizia Ortiz. Ahora, como reina,<\/a> ella sigue sometida a una presi\u00f3n brutal por su imagen.<\/p>\n<p class=\"\"><b>R.<\/b> Es brutal. <a href=\"https:\/\/elpais.com\/babelia\/2024-05-20\/van-a-hacerla-picadillo-el-dia-en-que-la-familia-de-letizia-ortiz-supo-de-su-compromiso-con-el-futuro-rey-de-espana.html\" target=\"_self\" rel=\"nofollow noopener\" title=\"https:\/\/elpais.com\/babelia\/2024-05-20\/van-a-hacerla-picadillo-el-dia-en-que-la-familia-de-letizia-ortiz-supo-de-su-compromiso-con-el-futuro-rey-de-espana.html\">Yo no s\u00e9 c\u00f3mo ha podido resistir todos estos a\u00f1os<\/a>. Ya en la pedida, la gente estaba m\u00e1s pendiente del traje que llevaba que de lo que estaba diciendo. Esa presi\u00f3n ahora tambi\u00e9n se esparce sobre sus hijas. Letizia ya ha superado esa presi\u00f3n, pero escuchar ahora todo lo que dicen de sus hijas tiene que ser terrible y horroroso. <\/p>\n<p><img decoding=\"auto\" class=\"_re lazyload a_m-h\" height=\"277\"  width=\"414\"  src=\"https:\/\/www.europesays.com\/es\/wp-content\/uploads\/2025\/11\/2JCLIWOHNVEOLLO6DZEDVVHBCE.JPG\" loading=\"lazy\"\/>\u00abMe da rabia haber estado tan medicada y tan triste y no haber podido utilizar la escritura como un bal\u00f3n de ox\u00edgeno\u00bb, dice Carme Chaparro.INMA FLORES<\/p>\n<p class=\"\"><b>P.<\/b> \u00bfSe ha cruzado con alg\u00fan villano de novela en la tele?<\/p>\n<p class=\"\"><b>R. <\/b>En todas las teles hay villanos de novela.<b> <\/b>Esos villanos se alimentan de la presi\u00f3n por los \u00edndices de audiencia. La presi\u00f3n es brutal. Se cargan un programa por media d\u00e9cima de audiencia. Salir en la tele da cosas muy golosas: te reconocen, te invitan a sitios, te regalan cosas, te alimentan el ego\u2026 Al final, te crees que te van a valorar por los microsegundos que sales en pantalla. Yo no me defino por los minutos que salgo en antena y eso es un trabajo que he tenido que hacer durante mucho tiempo. <\/p>\n<p class=\"\"><b>P.<\/b> \u00bfEn estos meses fuera de pantalla ha dudado sobre su val\u00eda?<\/p>\n<p class=\"\"><b>R.<\/b> Yo cre\u00eda que lo ten\u00eda claro, pero en este \u00faltimo a\u00f1o he tenido que trabajarlo con un psiquiatra y una psic\u00f3loga. Hace poco un presentador sali\u00f3 de un programa exitoso. Yo no entend\u00eda por qu\u00e9 lo dejaba y se lo pregunt\u00e9. Me respondi\u00f3: \u201cMe he dado cuenta de que la tele es una trituradora de personas\u201d. <\/p>\n<p class=\"\"><b>P. <\/b>\u00bfSe siente una superviviente de esa trituradora?<\/p>\n<p class=\"\"><b>R. <\/b>Si estoy aqu\u00ed es que soy una superviviente de esa trituradora. Ahora me siento m\u00e1s superviviente. Releyendo Venganza, me he dado cuenta de muchas de las cosas que han pasado, de lo que he vivido, y del sufrimiento de muchos compa\u00f1eros. Hay an\u00e9cdotas que cuento en la novela que son reales. En los ba\u00f1os de se\u00f1oras de la tele lloramos todas. He visto llorar a muchas compa\u00f1eras en los ba\u00f1os de la tele y tambi\u00e9n he visto a compa\u00f1eras decir: \u201c\u00bfAlguien tiene un <a href=\"https:\/\/elpais.com\/sociedad\/2025-02-25\/ozempic-lexatin-y-un-champu-antihongos-los-medicamentos-con-mas-desabastecimientos-en-espana-en-2024.html\" target=\"_self\" rel=\"nofollow noopener\" title=\"https:\/\/elpais.com\/sociedad\/2025-02-25\/ozempic-lexatin-y-un-champu-antihongos-los-medicamentos-con-mas-desabastecimientos-en-espana-en-2024.html\">Lexatin<\/a>, por favor, que si no no puedo seguir hoy adelante?\u201d. <\/p>\n<p class=\"\"><b>P.<\/b> Nos preparan para el \u00e9xito, pero no para el fracaso, para la enfermedad o para la muerte.<\/p>\n<p class=\"\"><b>R.<\/b> Es una sociedad en la que vales por lo que produces. Es muy importante preparar a los ni\u00f1os para el fracaso porque es muy dif\u00edcil llegar al \u00e9xito.<\/p>\n<p class=\"\"><b>P.<\/b> Pese a todo, echa de menos la televisi\u00f3n.<\/p>\n<p class=\"\"><b>R. <\/b>La tele es fascinante y me encanta. <a href=\"https:\/\/elpais.com\/cultura\/2018\/02\/03\/television\/1517668004_094193.html\" target=\"_blank\" rel=\"noreferrer nofollow noopener\" title=\"https:\/\/elpais.com\/cultura\/2018\/02\/03\/television\/1517668004_094193.html\">Sue\u00f1o con volver<\/a>. <\/p>\n<p class=\"\"><b>R.<\/b> \u00bfY la escritura? \u00bfHa podido escribir en este tiempo?<\/p>\n<p class=\"\"><b>R.<\/b> No. He podido releer Venganza y a\u00f1adir algunas cosas, retocar otras. No me he atrevido a ponerme a escribir, pero s\u00ed que tengo una cajita con historias que se me han ido ocurriendo. Ahora tengo que pasar por una operaci\u00f3n y una rehabilitaci\u00f3n. Despu\u00e9s de todo eso me pondr\u00e9 a trabajar. Me da rabia porque para m\u00ed escribir es una terapia. Me da rabia haber estado tan medicada y tan triste y no haber podido utilizar la escritura como un bal\u00f3n de ox\u00edgeno. <\/p>\n<p class=\"\"><b>P.<\/b> Seguro que de todo esto sale algo bueno.<\/p>\n<p class=\"\"><b>R.<\/b> Seguro que van a salir cosas buenas. Ya han salido. Una de las m\u00e1s bonitas para m\u00ed es que ahora me miro de otra manera.<\/p>\n<p class=\"\"><b>P.<\/b> \u00bfC\u00f3mo se mira?<\/p>\n<p class=\"\"><b>R. <\/b>Me miro como una persona v\u00e1lida. Hay momentos en que me he mirado como una persona que no val\u00eda. Ahora me veo como una mujer que ya tiene 52 a\u00f1os, que ha hecho muchas cosas, que se encuentra en otra encrucijada de la vida y que no tiene por qu\u00e9 estar siempre demostrando que vale. Ahora me quiero m\u00e1s. <\/p>\n","protected":false},"excerpt":{"rendered":"Carme Chaparro (Salamanca, 52 a\u00f1os) lleva nueve meses alejada de la televisi\u00f3n y no sabe cu\u00e1ndo va a&hellip;\n","protected":false},"author":2,"featured_media":214165,"comment_status":"","ping_status":"","sticky":false,"template":"","format":"standard","meta":{"footnotes":""},"categories":[5],"tags":[17,18,25,24,13,14,260,11,19,20,225,955,9,10,15,16,5206,4041,10758,23,807,12,21,22],"class_list":{"0":"post-214164","1":"post","2":"type-post","3":"status-publish","4":"format-standard","5":"has-post-thumbnail","7":"category-titulares","8":"tag-breaking-news","9":"tag-breakingnews","10":"tag-es","11":"tag-espana","12":"tag-featured-news","13":"tag-featurednews","14":"tag-gente","15":"tag-headlines","16":"tag-latest-news","17":"tag-latestnews","18":"tag-libros","19":"tag-mediaset","20":"tag-news","21":"tag-noticias","22":"tag-noticias-destacadas","23":"tag-noticiasdestacadas","24":"tag-novela-negra","25":"tag-periodistas","26":"tag-presentadores-television","27":"tag-spain","28":"tag-television","29":"tag-titulares","30":"tag-ultimas-noticias","31":"tag-ultimasnoticias"},"share_on_mastodon":{"url":"https:\/\/pubeurope.com\/@es\/115479376331542484","error":""},"_links":{"self":[{"href":"https:\/\/www.europesays.com\/es\/wp-json\/wp\/v2\/posts\/214164","targetHints":{"allow":["GET"]}}],"collection":[{"href":"https:\/\/www.europesays.com\/es\/wp-json\/wp\/v2\/posts"}],"about":[{"href":"https:\/\/www.europesays.com\/es\/wp-json\/wp\/v2\/types\/post"}],"author":[{"embeddable":true,"href":"https:\/\/www.europesays.com\/es\/wp-json\/wp\/v2\/users\/2"}],"replies":[{"embeddable":true,"href":"https:\/\/www.europesays.com\/es\/wp-json\/wp\/v2\/comments?post=214164"}],"version-history":[{"count":0,"href":"https:\/\/www.europesays.com\/es\/wp-json\/wp\/v2\/posts\/214164\/revisions"}],"wp:featuredmedia":[{"embeddable":true,"href":"https:\/\/www.europesays.com\/es\/wp-json\/wp\/v2\/media\/214165"}],"wp:attachment":[{"href":"https:\/\/www.europesays.com\/es\/wp-json\/wp\/v2\/media?parent=214164"}],"wp:term":[{"taxonomy":"category","embeddable":true,"href":"https:\/\/www.europesays.com\/es\/wp-json\/wp\/v2\/categories?post=214164"},{"taxonomy":"post_tag","embeddable":true,"href":"https:\/\/www.europesays.com\/es\/wp-json\/wp\/v2\/tags?post=214164"}],"curies":[{"name":"wp","href":"https:\/\/api.w.org\/{rel}","templated":true}]}}