{"id":214173,"date":"2025-11-02T09:33:10","date_gmt":"2025-11-02T09:33:10","guid":{"rendered":"https:\/\/www.europesays.com\/es\/214173\/"},"modified":"2025-11-02T09:33:10","modified_gmt":"2025-11-02T09:33:10","slug":"el-fronton-recoletos-de-madrid","status":"publish","type":"post","link":"https:\/\/www.europesays.com\/es\/214173\/","title":{"rendered":"el front\u00f3n Recoletos de Madrid"},"content":{"rendered":"<p>El entusiasmo que levanta en Madrid el f\u00fatbol, hace un tiempo, no muy lejano, lo provocaba la pelota vasca. Del front\u00f3n Euskal Jai al front\u00f3n Madrid, pasando por el front\u00f3n central o el nuevo front\u00f3n Jai Alai&#8230; O el que nos ocupa, el de Recoletos. Aunque hab\u00eda m\u00e1s. Muchos m\u00e1s. La pena, cosa de los gustos y las aficiones a los deportes, es que el \u00fanico front\u00f3n que se ha conservado como tal en la ciudad, de aquella \u00e9poca dorada de la pelota, es el Beti Jai. Un lugar que hoy en d\u00eda ha sido recuperado por el Consistorio y forma parte del mejor patrimonio de la capital.<\/p>\n<p>Pero volviendo al que nos ocupa, el Recoletos, fue un front\u00f3n construido en 1935 en la calle Villanueva de la ciudad. A un paso de la Castellana. Constituy\u00f3 en su d\u00eda uno de los dise\u00f1os m\u00e1s destacados del ingeniero Eduardo Torroja y fue llevado a la pr\u00e1ctica en colaboraci\u00f3n con el arquitecto Secundino Zuazo. Como se ve, unos primeros espadas de la ingenier\u00eda y la arquitectura, con obras se\u00f1eras por todo Madrid.<\/p>\n<p><img decoding=\"async\" loading=\"lazy\" src=\"https:\/\/www.europesays.com\/es\/wp-content\/uploads\/2025\/11\/fronton-recoletos_58.jpg\" alt=\"Front\u00f3n Recoletos\" width=\"300\" height=\"168\"\/><b>Front\u00f3n Recoletos<\/b>BNE<\/p>\n<p>Torroja fue el c\u00e9lebre autor de las cubiertas y grader\u00edos del Hip\u00f3dromo de la Zarzuela. Todo un ejemplo de c\u00e1lculo matem\u00e1tico y elegancia a partes iguales. En el front\u00f3n que nos ocupa, el dise\u00f1o de Torroja para cubrir el espacio rectangular de la cancha y grader\u00edos, con unas dimensiones de 55 m de largo por 32,5 m de ancho, es el aspecto m\u00e1s innovador de este proyecto y lo que realmente lo hace singular.<\/p>\n<p>La ingeniosa soluci\u00f3n dada a la cubierta del recinto, consisti\u00f3 en un dos cilindros, cuya secci\u00f3n estaba formada por dos arcos circulares asim\u00e9tricos que se cortaban perpendicularmente, cubriendo la m\u00e1s grande la zona de juego y parte del grader\u00edo bajo y la m\u00e1s peque\u00f1a el grader\u00edo alto. Pura maestr\u00eda.<\/p>\n<p>Por otro lado, para cubrir los requerimientos de iluminaci\u00f3n natural se recurri\u00f3 a dos grandes lucernarios longitudinales orientados hacia el norte y con una inclinaci\u00f3n tal que impidiese la entrada directa del sol al recinto, para que no se pudieran deslumbrar los jugadores. Una obra maestra que mereci\u00f3 visitas de arquitectos e ingenieros, de todo el mundo, para estudiar su c\u00e1lculo de estructuras y su saber hacer con la iluminaci\u00f3n del recinto.<\/p>\n<p>El edificio, por lo dem\u00e1s, se finaliz\u00f3 en un tiempo r\u00e9cord, ya que el primer partido se jug\u00f3 el 29 de febrero de 1936, pocos meses antes del comienzo de la Guerra Civil.<\/p>\n<p>El Front\u00f3n Recoletos era la mayor estructura de este tipo construida en Europa hasta esa fecha, por lo que una publicaci\u00f3n de Torroja sobre la misma obtuvo un premio en el concurso convocado en 1936 por la Real Academia de Ciencias Exactas, F\u00edsicas y Naturales de Madrid.<\/p>\n<p>Durante la guerra, el edificio sufri\u00f3 varios impactos directos que abrieron agujeros en la cubierta. Asimismo el efecto de las fuertes vibraciones de los bombardeos provocaron deslizamientos que ocasionaron el pandeo y agrietamiento de la misma. Bueno, en el Front\u00f3n Recoletos, y en buena parte de Madrid, escenario de luchas encarnizadas. Al no poder ser reparados los da\u00f1os en aquellos momentos se produjo la ruina con un hundimiento parcial. Algo esto \u00faltimo que afect\u00f3 tambi\u00e9n a numerosos edificios en toda la ciudad. En 1942 Torroja present\u00f3 un estudio, publicado por la Real Academia de Ciencias Exactas, F\u00edsicas y Naturales, sobre las causas t\u00e9cnicas del hundimiento y de las obras que ser\u00edan necesarias para poner nuevamente en servicio el edificio. Sin embargo, el mal estado de la obra impidi\u00f3 su realizaci\u00f3n antes de producirse el hundimiento total. En 1973 se llev\u00f3 a cabo la demolici\u00f3n total del edificio del front\u00f3n, y en la actualidad se levanta un bloque de viviendas en su lugar. Un triste final que se adelant\u00f3 al desinter\u00e9s por el juego de pelota.<\/p>\n","protected":false},"excerpt":{"rendered":"El entusiasmo que levanta en Madrid el f\u00fatbol, hace un tiempo, no muy lejano, lo provocaba la pelota&hellip;\n","protected":false},"author":2,"featured_media":214174,"comment_status":"","ping_status":"","sticky":false,"template":"","format":"standard","meta":{"footnotes":""},"categories":[173],"tags":[229,233,231,230,232,234,146,147,25,24,23],"class_list":{"0":"post-214173","1":"post","2":"type-post","3":"status-publish","4":"format-standard","5":"has-post-thumbnail","7":"category-arte-y-diseno","8":"tag-arte","9":"tag-arte-y-diseno","10":"tag-arts","11":"tag-arts-and-design","12":"tag-design","13":"tag-diseno","14":"tag-entertainment","15":"tag-entretenimiento","16":"tag-es","17":"tag-espana","18":"tag-spain"},"share_on_mastodon":{"url":"https:\/\/pubeurope.com\/@es\/115479419774949601","error":""},"_links":{"self":[{"href":"https:\/\/www.europesays.com\/es\/wp-json\/wp\/v2\/posts\/214173","targetHints":{"allow":["GET"]}}],"collection":[{"href":"https:\/\/www.europesays.com\/es\/wp-json\/wp\/v2\/posts"}],"about":[{"href":"https:\/\/www.europesays.com\/es\/wp-json\/wp\/v2\/types\/post"}],"author":[{"embeddable":true,"href":"https:\/\/www.europesays.com\/es\/wp-json\/wp\/v2\/users\/2"}],"replies":[{"embeddable":true,"href":"https:\/\/www.europesays.com\/es\/wp-json\/wp\/v2\/comments?post=214173"}],"version-history":[{"count":0,"href":"https:\/\/www.europesays.com\/es\/wp-json\/wp\/v2\/posts\/214173\/revisions"}],"wp:featuredmedia":[{"embeddable":true,"href":"https:\/\/www.europesays.com\/es\/wp-json\/wp\/v2\/media\/214174"}],"wp:attachment":[{"href":"https:\/\/www.europesays.com\/es\/wp-json\/wp\/v2\/media?parent=214173"}],"wp:term":[{"taxonomy":"category","embeddable":true,"href":"https:\/\/www.europesays.com\/es\/wp-json\/wp\/v2\/categories?post=214173"},{"taxonomy":"post_tag","embeddable":true,"href":"https:\/\/www.europesays.com\/es\/wp-json\/wp\/v2\/tags?post=214173"}],"curies":[{"name":"wp","href":"https:\/\/api.w.org\/{rel}","templated":true}]}}