{"id":214188,"date":"2025-11-02T09:43:12","date_gmt":"2025-11-02T09:43:12","guid":{"rendered":"https:\/\/www.europesays.com\/es\/214188\/"},"modified":"2025-11-02T09:43:12","modified_gmt":"2025-11-02T09:43:12","slug":"marruecos-saca-pecho-tras-el-aval-de-la-onu-a-su-plan-para-el-sahara-occidental","status":"publish","type":"post","link":"https:\/\/www.europesays.com\/es\/214188\/","title":{"rendered":"Marruecos saca pecho tras el aval de la ONU a su plan para el S\u00e1hara Occidental"},"content":{"rendered":"<p data-gtm-element-container=\"modulo-texto-link\" class=\"paragraph\">El 31 de octubre quedar\u00e1 grabado a fuego en el calendario de Marruecos. <a href=\"https:\/\/www.lavanguardia.com\/internacional\/20251031\/11219877\/onu-toma-base-plan-autonomia-marruecos-solucion-sahara.html\" rel=\"nofollow noopener\" target=\"_blank\">El aval de la ONU al plan de autonom\u00eda propuesto por Rabat <\/a>para resolver el conflicto del S\u00e1hara Occidental ha desatado la euforia en el pa\u00eds norteafricano, que ve c\u00f3mo la disputa que se arrastra desde hace medio siglo en la antigua colonia espa\u00f1ola comienza a decantarse a su favor.<\/p>\n<p data-gtm-element-container=\"modulo-texto-link\" class=\"paragraph\">Esta alegr\u00eda se hizo bien visible el viernes en las principales ciudades marroqu\u00edes. Nada m\u00e1s saberse que el Consejo de Seguridad hab\u00eda aprobado la resoluci\u00f3n redactada por EE.UU. en la que se margina la v\u00eda de la autodeterminaci\u00f3n saharaui, miles de personas salieron a las calles para celebrarlo. Muchos ondeaban la bandera nacional. Otros portaban retratos del rey Mohamed VI. Los conductores hac\u00edan sonar su claxon. Todo un contraste respecto al ambiente que se respiraba hace tan solo hace unas semanas en esas mismas calles, cuando <a href=\"https:\/\/www.lavanguardia.com\/internacional\/20250930\/11111215\/generacion-z-enfrenta-gobierno-marruecos-protestas-decenas-detenidos.html\" rel=\"nofollow noopener\" target=\"_blank\">una ola de protestas juveniles recorri\u00f3 el pa\u00eds reclamando mejoras sociales<\/a>. Aquella expresi\u00f3n de malestar social fue reprimida sin contemplaciones por el mismo Estado que ahora saca pecho de su victoria diplom\u00e1tica.<\/p>\n<p data-gtm-element-container=\"modulo-texto-link\" class=\"paragraph\">Para Rabat, no hay duda de que la nueva resoluci\u00f3n de la ONU \u2013que obtuvo once votos a favor y tres abstenciones, las de Rusia, China y Pakist\u00e1n\u2013 supone un \u201ccambio hist\u00f3rico\u201d. As\u00ed lo expres\u00f3 el propio Mohamed VI la noche del viernes, en una comparecencia televisiva in\u00e9dita en la que asegur\u00f3 que su pa\u00eds ha abierto \u201cun nuevo y victorioso cap\u00edtulo\u201d en el contencioso del S\u00e1hara Occidental.\u00a0<\/p>\n<p data-gtm-element-container=\"modulo-texto-link\" class=\"paragraph\">\u201cEstamos viviendo un momento crucial y un punto de inflexi\u00f3n decisivo en la historia del Marruecos moderno: a partir de ahora, habr\u00e1 un antes y un despu\u00e9s del 31 de octubre del 2025\u201d, afirm\u00f3 el monarca, quien recalc\u00f3 que la resoluci\u00f3n del Consejo de Seguridad \u201cdefine los principios y fundamentos\u201d que pueden conducir \u201ca una soluci\u00f3n pol\u00edtica definitiva de este conflicto\u201d.<\/p>\n<p>                <img loading=\"lazy\" decoding=\"async\" data-full-src=\"https:\/\/www.lavanguardia.com\/uploads\/2025\/11\/01\/69065ee03e2a7.jpeg\" alt=\"Horizontal\" width=\"449\" height=\"299\" src=\"https:\/\/www.europesays.com\/es\/wp-content\/uploads\/2025\/11\/69065ee03e2a7.jpeg\" class=\"lazy\"\/><\/p>\n<p class=\"caption-title \">Centenares de personas salieron a la calle en Rabat el viernes para celebrar el giro de la ONU<\/p>\n<p>                    ABDEL MAJID BZIOUAT \/ AFP<\/p>\n<p data-gtm-element-container=\"modulo-texto-link\" class=\"paragraph\">Con vistas a esta nueva etapa, Mohamed VI se comprometi\u00f3 a \u201cactualizar y perfeccionar\u201d la propuesta de autonom\u00eda marroqu\u00ed, la cual, desde que fue presentada en el 2007, ha sido objeto de cr\u00edticas por su falta de concreci\u00f3n: en ella, solo se indica que la regi\u00f3n aut\u00f3noma del S\u00e1hara dispondr\u00eda de competencias administrativas, judiciales y econ\u00f3micas propias, sin entrar en m\u00e1s detalles.<\/p>\n<p data-gtm-element-container=\"modulo-texto-link\" class=\"paragraph\">A la espera de que Rabat defina mejor su propuesta, el monarca \u2013que quiso agradecer el respaldo de Donald Trump y los gobiernos de Espa\u00f1a, Francia y Reino Unido, principales valedores de la v\u00eda marroqu\u00ed\u2013 inst\u00f3 a los refugiados saharauis \u201ca aprovechar esta oportunidad hist\u00f3rica\u201d y \u201ca beneficiarse de la iniciativa de autonom\u00eda\u201d. \u201cNo existe diferencia alguna entre quienes han regresado de los campamentos de [la regi\u00f3n argelina de] Tinduf y sus hermanos que residen en el resto del territorio nacional\u201d, \u00adagreg\u00f3.<\/p>\n<p>Acercamiento al pa\u00eds vecino<br \/>\nEl rey Mohamed VI aprovecha el momento para tenderle la mano a Argelia, el gran aliado del Frente Polisario<\/p>\n<p data-gtm-element-container=\"modulo-texto-link\" class=\"paragraph\">En esa misma l\u00ednea conciliadora, Mohamed VI aprovech\u00f3 tambi\u00e9n su discurso para tenderle la mano a Argelia, el gran aliado del Frente Polisario, el movimiento que defiende la independencia del S\u00e1hara Occidental y que lucha contra Marruecos desde que este pa\u00eds arrebat\u00f3 a Espa\u00f1a el control de la regi\u00f3n tras la marcha verde, <a href=\"https:\/\/www.lavanguardia.com\/hemeroteca\/20201106\/49255266596\/marcha-verde-marruecos-espana-politica-agadir.html\" rel=\"nofollow noopener\" target=\"_blank\">de la que el pr\u00f3ximo jueves se cumplen 50 a\u00f1os.<\/a><\/p>\n<p data-gtm-element-container=\"modulo-texto-link\" class=\"paragraph\">En su alocuci\u00f3n, el soberano marroqu\u00ed invit\u00f3 al presidente argelino, Abdelmadjid Tebboune, a establecer un \u201cdi\u00e1logo fraternal y sincero\u201d para \u201csuperar las diferencias\u201d y \u201csentar las bases de nuevas relaciones basadas en la confianza, la fraternidad y la buena vecindad\u201d. Esta no es la primera vez que Mohammed VI realiza este ofrecimiento: en sus \u00faltimos discursos del Trono, ha expresado repetidamente su voluntad de restablecer las relaciones diplom\u00e1ticas con el pa\u00eds vecino, rotas desde el 2021.<\/p>\n<p data-gtm-element-container=\"modulo-texto-link\" class=\"paragraph\">Marruecos y Argelia mantienen una rivalidad hist\u00f3rica que se remonta al fin de la \u00e9poca colonial, a mediados del siglo XX, cuando ambos pa\u00edses se independizaron de Francia. Los dos estados compiten por la hegemon\u00eda en el Magreb, y el conflicto del S\u00e1hara Occidental ha sido una fuente constante de tensi\u00f3n, si bien no es el \u00fanico elemento que genera roces: el desacuerdo sobre sus respectivas fronteras incluso fue origen de una guerra en la d\u00e9cada de los sesenta.<\/p>\n<p data-gtm-element-container=\"modulo-texto-link\" class=\"paragraph\">Ahora, con el aval de la ONU al plan de autonom\u00eda marroqu\u00ed, puede abrirse una nueva ventana de di\u00e1logo. Es lo que cree Marruecos, y tambi\u00e9n lo que piensa EE.UU., que, a<a href=\"https:\/\/www.lavanguardia.com\/internacional\/20251027\/11193555\/trump-agita-sahara-occidental.html\" rel=\"nofollow noopener\" target=\"_blank\">dem\u00e1s de ser el art\u00edfice de la resoluci\u00f3n aprobada el viernes<\/a>, hace unas semanas, por boca de Steve Witkoff, uno de los hombres de confianza de Trump, anunci\u00f3 que estaba trabajando en el restablecimiento de las relaciones entre Rabat y Argel. Seg\u00fan dijo Witkoff, la idea era sellar un acuerdo antes de finales de a\u00f1o.<\/p>\n<p data-gtm-element-container=\"modulo-texto-link\" class=\"paragraph\">Sin embargo, Argelia de momento no ense\u00f1a sus cartas. En la votaci\u00f3n del Consejo de Seguridad se ausent\u00f3 para manifestar su distanciamiento de una resoluci\u00f3n que, seg\u00fan dijo su representante diplom\u00e1tico, Amar Bendjama, \u201cno refleja de manera fidedigna la doctrina de Naciones Unidas en materia de descolonizaci\u00f3n\u201d. Pero, m\u00e1s all\u00e1 de ese gesto \u2013inevitable dado el compromiso del Gobierno argelino con la causa saharaui\u2013, impera el silencio. Nadie ha aparecido en p\u00fablico para recoger el guante lanzado por Rabat y Washington.<\/p>\n<p data-gtm-element-container=\"modulo-texto-link\" class=\"paragraph\">Sin embargo, para EE.UU., el tiempo es oro: el final de la crisis entre Marruecos y Argelia podr\u00eda ayudar a estabilizar el Sahel, un territorio des\u00e9rtico muy rico en minerales que hoy est\u00e1 en el punto de mira de diversos grupos yihadistas. Asegurar ese flanco no solo ser\u00eda un buen negocio para Washington: China y Rusia \u2013aliados tradicionales de Argelia\u2013 tambi\u00e9n tienen intereses en esa regi\u00f3n. Ese trasfondo geopol\u00edtico podr\u00eda explicar en parte el \u00e9xito diplom\u00e1tico que se acaba de adjudicar el Gobierno \u00admarroqu\u00ed.<\/p>\n<p>La reqacci\u00f3n saharaui<br \/>\nEl Frente Polisario reclama una soluci\u00f3n consensuada<\/p>\n<p class=\"module-text\">Mientras Marruecos ve la resoluci\u00f3n de la ONU como una victoria inapelable, el Frente Polisario intenta poner buena cara. El jefe del Gobierno saharaui, Buchraya Hamudi Bayun, quiso dejar claro ayer en una entrevista a la agencia Efe que el texto aprobado por el Consejo de Seguridad no impone la autonom\u00eda marroqu\u00ed, ya que deja la puerta abierta a otras propuestas y a que la soluci\u00f3n al conflicto \u201csea aceptada por las dos partes\u201d. As\u00ed pues, para este dirigente, el discurso \u201ctriunfalista\u201d de Mohamed VI no tiene base real, porque el \u201cderecho a la autodeterminaci\u00f3n\u201d del pueblo saharaui tiene su reflejo en el documento final, a diferencia de lo que suced\u00eda en el primer borrador elaborado por EE.UU., donde se establec\u00eda que la propuesta de Rabat era la \u00fanica opci\u00f3n viable para resolver el contencioso. Buchraya tambi\u00e9n alert\u00f3 de que las soluciones impuestas \u201cpor la fuerza\u201d solo traer\u00e1n \u201cm\u00e1s tensi\u00f3n\u201d a la regi\u00f3n, y asegur\u00f3 que el Frente Polisario est\u00e1 dispuesto a \u201cimplicarse de manera positiva en el proceso de paz y a entablar negociaciones directas\u201d con Marruecos. Eso s\u00ed, ya anticip\u00f3 que en ning\u00fan caso se conversar\u00e1 sobre soluciones \u201cque legitimen la ocupaci\u00f3n marroqu\u00ed\u201d.<\/p>\n","protected":false},"excerpt":{"rendered":"El 31 de octubre quedar\u00e1 grabado a fuego en el calendario de Marruecos. El aval de la ONU&hellip;\n","protected":false},"author":2,"featured_media":214189,"comment_status":"","ping_status":"","sticky":false,"template":"","format":"standard","meta":{"footnotes":""},"categories":[42],"tags":[17,18,13,14,11,61,62,63,64,19,20,9,10,15,16,12,21,22,65,66,67],"class_list":{"0":"post-214188","1":"post","2":"type-post","3":"status-publish","4":"format-standard","5":"has-post-thumbnail","7":"category-internacional","8":"tag-breaking-news","9":"tag-breakingnews","10":"tag-featured-news","11":"tag-featurednews","12":"tag-headlines","13":"tag-internacional","14":"tag-international","15":"tag-international-news","16":"tag-internationalnews","17":"tag-latest-news","18":"tag-latestnews","19":"tag-news","20":"tag-noticias","21":"tag-noticias-destacadas","22":"tag-noticiasdestacadas","23":"tag-titulares","24":"tag-ultimas-noticias","25":"tag-ultimasnoticias","26":"tag-world","27":"tag-world-news","28":"tag-worldnews"},"share_on_mastodon":{"url":"https:\/\/pubeurope.com\/@es\/115479459039967745","error":""},"_links":{"self":[{"href":"https:\/\/www.europesays.com\/es\/wp-json\/wp\/v2\/posts\/214188","targetHints":{"allow":["GET"]}}],"collection":[{"href":"https:\/\/www.europesays.com\/es\/wp-json\/wp\/v2\/posts"}],"about":[{"href":"https:\/\/www.europesays.com\/es\/wp-json\/wp\/v2\/types\/post"}],"author":[{"embeddable":true,"href":"https:\/\/www.europesays.com\/es\/wp-json\/wp\/v2\/users\/2"}],"replies":[{"embeddable":true,"href":"https:\/\/www.europesays.com\/es\/wp-json\/wp\/v2\/comments?post=214188"}],"version-history":[{"count":0,"href":"https:\/\/www.europesays.com\/es\/wp-json\/wp\/v2\/posts\/214188\/revisions"}],"wp:featuredmedia":[{"embeddable":true,"href":"https:\/\/www.europesays.com\/es\/wp-json\/wp\/v2\/media\/214189"}],"wp:attachment":[{"href":"https:\/\/www.europesays.com\/es\/wp-json\/wp\/v2\/media?parent=214188"}],"wp:term":[{"taxonomy":"category","embeddable":true,"href":"https:\/\/www.europesays.com\/es\/wp-json\/wp\/v2\/categories?post=214188"},{"taxonomy":"post_tag","embeddable":true,"href":"https:\/\/www.europesays.com\/es\/wp-json\/wp\/v2\/tags?post=214188"}],"curies":[{"name":"wp","href":"https:\/\/api.w.org\/{rel}","templated":true}]}}