{"id":214198,"date":"2025-11-02T09:55:19","date_gmt":"2025-11-02T09:55:19","guid":{"rendered":"https:\/\/www.europesays.com\/es\/214198\/"},"modified":"2025-11-02T09:55:19","modified_gmt":"2025-11-02T09:55:19","slug":"la-impactante-reaparicion-del-rey-de-las-camas-en-los-angeles","status":"publish","type":"post","link":"https:\/\/www.europesays.com\/es\/214198\/","title":{"rendered":"la impactante reaparici\u00f3n del &#8216;rey de las camas&#8217; en Los \u00c1ngeles"},"content":{"rendered":"<p id=\"e2PZB_Z_07Y\" data-wc=\"148\">El estreno de la pel\u00edcula <strong>Nuremberg\u00a0<\/strong><strong>en Los \u00c1ngeles, que llega el 28 de noviembre a los cines,\u00a0<\/strong>cont\u00f3 con la presencia de grandes estrellas de Hollywood e<strong>\u00a0\u00edconos de la historia del cine en todo el mundo.\u00a0<\/strong><a class=\"hm-link ho-link\" href=\"https:\/\/www.hola.com\/actualidad\/20250702841580\/russell-crowe-prometida-anillo-compromiso\/\" data-mrf-recirculation=\"article-body-link\" rel=\"nofollow noopener\" target=\"_blank\">As\u00ed es como el actor Russell Crowe apareci\u00f3 con su prometida, Britney Theriot, en la alfombra roja.<\/a> Su aparici\u00f3n<strong>\u00a0dej\u00f3 boquiabiertos a todos los asistentes debido a su cambio f\u00edsico,<\/strong> y aunque ya estemos acostumbrados a la facilidad del actor para<a class=\"hm-link ho-link\" href=\"https:\/\/www.hola.com\/actualidad\/20250630841076\/russell-crowe-sorprende-impactante-cambio-fisico-pesar-120-kilos\/\" data-mrf-recirculation=\"article-body-link\" rel=\"nofollow noopener\" target=\"_blank\">\u00a0transformar su cuerpo y adaptarse a lo que exige el guion de cada papel que interpreta, esta vez es un cambio de h\u00e1bitos que hace por y para su salud.<\/a> Crowe, que se casar\u00e1 a finales de a\u00f1o,<strong>\u00a0ha perdido m\u00e1s de 13 kilos en dos meses a trav\u00e9s de ejercicio y un ritmo de vida mucho m\u00e1s saludable,\u00a0<\/strong>con el que <strong>pretende llegar a perder nueve kilogramos m\u00e1s.<\/strong><\/p>\n<p>  <img src=\"https:\/\/www.europesays.com\/es\/wp-content\/uploads\/2025\/11\/5c54955193c7-gettyimages-2243143458cut.jpg\"   width=\"1080\" height=\"1800\" loading=\"lazy\" decoding=\"async\" alt=\"Su relaci\u00f3n comenz\u00f3 en 2020 y se prometieron a comienzos del verano, cuando, en Wimbledon, pudimos ver el anillo de pedida en el dedo anular de Britney Theriot, 28 a\u00f1os m\u00e1s joven que el m\u00edtico &quot;Gladiator&quot;, de 61. Para Crowe ser\u00e1 su segunda boda, tras quince a\u00f1os junto a Danielle Spencer\" fetchpriority=\"auto\" class=\"image ho-image\"\/>\u00a9 Getty ImagesSu relaci\u00f3n comenz\u00f3 en 2020 y se prometieron a comienzos del verano, cuando, en Wimbledon, pudimos ver el anillo de pedida en el dedo anular de Britney Theriot, 28 a\u00f1os m\u00e1s joven que el m\u00edtico \u00abGladiator\u00bb, de 61. Para Crowe ser\u00e1 su segunda boda, tras quince a\u00f1os junto a Danielle Spencer<\/p>\n<p id=\"ewXiQRDf6a2\" data-wc=\"61\">Junto a \u00e9l y en este mismo evento, contamos con la presencia de otra figura de la peque\u00f1a y gran pantalla: el int\u00e9rprete de Falcon Crest, Lorenzo Lamas, quien<strong>\u00a0reaparece en Los \u00c1ngeles ya que comparte cast con Russell Crowe en esta pel\u00edcula.<\/strong> <a class=\"hm-link ho-link\" href=\"https:\/\/www.hola.com\/us-es\/celebrities\/20230105341149\/lorenzo-lamas-hija-victoria-rumores-leonardo-dicaprio\/\" data-mrf-recirculation=\"article-body-link\" rel=\"nofollow noopener\" target=\"_blank\">Lorenzo pos\u00f3 con Shauna Sand, su exmujer y de la que se divorci\u00f3 hace m\u00e1s de 20 a\u00f1os.<\/a><\/p>\n<p>  <img src=\"https:\/\/www.europesays.com\/es\/wp-content\/uploads\/2025\/11\/c8ed397913f1-u593637002.jpg\"   width=\"1080\" height=\"1080\" loading=\"lazy\" decoding=\"async\" alt=\"En &quot;Nuremberg&quot;, a cuyo estreno, en Los \u00c1ngeles, pertenecen estas im\u00e1genes, el neozeland\u00e9s comparte &quot;cast&quot; con Lorenzo Lamas (sobre estas l\u00edneas, con su exmujer, Shauna Sand)\" fetchpriority=\"auto\" class=\"image ho-image\"\/>\u00a9 AgenciasLorenzo Lamas con su exmujer Shauna Sand, en el estreno de \u00abNuremberg\u00bb<\/p>\n<p id=\"e6zz4vJ8PO0\" data-wc=\"74\">El actor, que interpret\u00f3 a Tom Chisum en la pel\u00edcula Grease en 1978, <a class=\"hm-link ho-link\" href=\"https:\/\/www.hola.com\/actualidad\/20250711843785\/lorenzo-lamas-rompe-con-su-sexta-esposa\/\" data-mrf-recirculation=\"article-body-link\" rel=\"nofollow noopener\" target=\"_blank\">se ha casado nada m\u00e1s y nada menos que seis veces y se ha divorciado este a\u00f1o 2025 de su \u00faltima mujer, Kenna Nicole Smith, tras alegar \u00abdiferencias irreconciliables\u00bb.<\/a>\u00a0 Y es que su vida sentimental ha sido seguida con gran inter\u00e9s medi\u00e1tico a lo largo de d\u00e9cadas. As\u00ed es como, unos meses despu\u00e9s, el<strong>\u00a0apodado \u201crey de las camas\u201d ha reaparecido.\u00a0<\/strong><\/p>\n<p>  <img src=\"https:\/\/www.europesays.com\/es\/wp-content\/uploads\/2025\/11\/8188cd38dbd2-u590516002.jpg\"   width=\"1080\" height=\"1080\" loading=\"lazy\" decoding=\"async\" alt=\"Media Image\" fetchpriority=\"auto\" class=\"image ho-image\"\/>\u00a9 GTRES<\/p>\n<p id=\"ebYbzgmE6rs\" data-wc=\"118\">Una<a class=\"hm-link ho-link\" href=\"https:\/\/www.hola.com\/actualidad\/20210815304321\/falcon-crest-lorenzo-lamas-sexta-boda\/\" data-mrf-recirculation=\"article-body-link\" rel=\"nofollow noopener\" target=\"_blank\">\u00a0figura que en Espa\u00f1a qued\u00f3 marcada por aquel famoso anuncio con el lema \u201cHola, soy Lorenzo Lamas, el rey de las camas\u201d y que en 2024 revivi\u00f3 en una campa\u00f1a con Dormitorum,<\/a> retomando su papel como imagen de promoci\u00f3n de colchones y en un tono humor\u00edstico que hace referencia a<strong>\u00a0ese famoso anuncio que marc\u00f3 a una generaci\u00f3n e hizo que fuese conocido en nuestro pa\u00eds.<\/strong> El apodo \u201crey de las camas\u201d surgi\u00f3 precisamente de esa campa\u00f1a de los a\u00f1os ochenta, en la que Lamas aparec\u00eda recostado entre s\u00e1banas y edredones, <strong>mostrando una imagen sofisticada y sensual que conect\u00f3 con el p\u00fablico espa\u00f1ol.<\/strong> Con el paso de los a\u00f1os, <strong>el actor ha mantenido este apodo en Espa\u00f1a.\u00a0<\/strong><\/p>\n<p>  <img src=\"https:\/\/www.europesays.com\/es\/wp-content\/uploads\/2025\/11\/72c52f441b9a-u590516004.jpg\"   width=\"1080\" height=\"1080\" loading=\"lazy\" decoding=\"async\" alt=\"Media Image\" fetchpriority=\"auto\" class=\"image ho-image\"\/>\u00a9 GTRES<\/p>\n<p id=\"emFW_wjvEbF\" data-wc=\"111\">M\u00e1s all\u00e1 de los anuncios y de su vida personal, Lorenzo Lamas ha tenido una carrera larga y diversa. Tras el \u00e9xito en televisi\u00f3n con Falcon Crest, <strong>ha trabajado en cine y televisi\u00f3n tanto en Estados Unidos como en Espa\u00f1a<\/strong>, participando en pel\u00edculas de acci\u00f3n y thrillers, as\u00ed como en proyectos para televisi\u00f3n que consolidaron <strong>su imagen de h\u00e9roe carism\u00e1tico y protagonista de historias dram\u00e1ticas<\/strong>. Su aparici\u00f3n en el estreno de\u00a0Nuremberg\u00a0evidencia que sigue siendo una<strong>\u00a0figura reconocida y respetada, capaz de conectar con el p\u00fablico incluso d\u00e9cadas despu\u00e9s de sus mayores \u00e9xitos<\/strong>. <a class=\"hm-link ho-link\" href=\"https:\/\/www.hola.com\/actualidad\/20180606125226\/russell-crowe-imagen-deteriorada-gladiator-gt-belleza\/\" data-mrf-recirculation=\"article-body-link\" rel=\"nofollow noopener\" target=\"_blank\">Algo que tienen en com\u00fan estas dos grandes figuras del cine que tantos momentos nos han regalado.<\/a><\/p>\n","protected":false},"excerpt":{"rendered":"El estreno de la pel\u00edcula Nuremberg\u00a0en Los \u00c1ngeles, que llega el 28 de noviembre a los cines,\u00a0cont\u00f3 con&hellip;\n","protected":false},"author":2,"featured_media":214199,"comment_status":"","ping_status":"","sticky":false,"template":"","format":"standard","meta":{"footnotes":""},"categories":[174],"tags":[3900,517,255,3899,146,147,25,24,256,38178,23],"class_list":{"0":"post-214198","1":"post","2":"type-post","3":"status-publish","4":"format-standard","5":"has-post-thumbnail","7":"category-famosos","8":"tag-hola","9":"tag-actualidad","10":"tag-celebrities","11":"tag-contenido-sensible","12":"tag-entertainment","13":"tag-entretenimiento","14":"tag-es","15":"tag-espana","16":"tag-famosos","17":"tag-russell-crowe","18":"tag-spain"},"share_on_mastodon":{"url":"https:\/\/pubeurope.com\/@es\/115479506999196646","error":""},"_links":{"self":[{"href":"https:\/\/www.europesays.com\/es\/wp-json\/wp\/v2\/posts\/214198","targetHints":{"allow":["GET"]}}],"collection":[{"href":"https:\/\/www.europesays.com\/es\/wp-json\/wp\/v2\/posts"}],"about":[{"href":"https:\/\/www.europesays.com\/es\/wp-json\/wp\/v2\/types\/post"}],"author":[{"embeddable":true,"href":"https:\/\/www.europesays.com\/es\/wp-json\/wp\/v2\/users\/2"}],"replies":[{"embeddable":true,"href":"https:\/\/www.europesays.com\/es\/wp-json\/wp\/v2\/comments?post=214198"}],"version-history":[{"count":0,"href":"https:\/\/www.europesays.com\/es\/wp-json\/wp\/v2\/posts\/214198\/revisions"}],"wp:featuredmedia":[{"embeddable":true,"href":"https:\/\/www.europesays.com\/es\/wp-json\/wp\/v2\/media\/214199"}],"wp:attachment":[{"href":"https:\/\/www.europesays.com\/es\/wp-json\/wp\/v2\/media?parent=214198"}],"wp:term":[{"taxonomy":"category","embeddable":true,"href":"https:\/\/www.europesays.com\/es\/wp-json\/wp\/v2\/categories?post=214198"},{"taxonomy":"post_tag","embeddable":true,"href":"https:\/\/www.europesays.com\/es\/wp-json\/wp\/v2\/tags?post=214198"}],"curies":[{"name":"wp","href":"https:\/\/api.w.org\/{rel}","templated":true}]}}