{"id":214200,"date":"2025-11-02T09:56:13","date_gmt":"2025-11-02T09:56:13","guid":{"rendered":"https:\/\/www.europesays.com\/es\/214200\/"},"modified":"2025-11-02T09:56:13","modified_gmt":"2025-11-02T09:56:13","slug":"la-belleza-del-retrato-botanico-como-fotografiar-plantas-conserva-el-jardin-fresco-en-la-memoria-estilo-de-vida","status":"publish","type":"post","link":"https:\/\/www.europesays.com\/es\/214200\/","title":{"rendered":"La belleza del retrato bot\u00e1nico: c\u00f3mo fotografiar plantas conserva el jard\u00edn fresco en la memoria | Estilo de vida"},"content":{"rendered":"<p class=\"\">Miles de miles, miles de millones, billones. Fotos y m\u00e1s fotos se agolpan en <a href=\"https:\/\/elpais.com\/cultura\/2019\/03\/13\/actualidad\/1552483706_733860.html\" target=\"_self\" rel=\"nofollow noopener\" title=\"https:\/\/elpais.com\/cultura\/2019\/03\/13\/actualidad\/1552483706_733860.html\">las memorias de los m\u00f3viles<\/a>, de los ordenadores, de las tabletas. Gigas y gigas de informaci\u00f3n visual, a las que se les a\u00f1ade los metadatos de la localizaci\u00f3n, del tipo de c\u00e1mara, del obturador y de la velocidad de disparo de la lente. Y en muchas de estas im\u00e1genes las grandes protagonistas son las plantas, sobre todo si la persona propietaria del aparato fotogr\u00e1fico es amante del mundo bot\u00e1nico que le rodea.<\/p>\n<p class=\"\"><a href=\"https:\/\/elpais.com\/estilo-de-vida\/2023-09-10\/el-camino-jardinero-del-museo-del-prado-los-arboles-arbustos-y-flores-mas-representados.html\" target=\"_self\" rel=\"nofollow noopener\" title=\"https:\/\/elpais.com\/estilo-de-vida\/2023-09-10\/el-camino-jardinero-del-museo-del-prado-los-arboles-arbustos-y-flores-mas-representados.html\">La fotograf\u00eda siempre ha sido una herramienta<\/a> de lo m\u00e1s \u00fatil a efectos educativos, ya que con ella se registran detalles que en numerosas ocasiones pasan desapercibidos al ojo humano. En el \u00e1mbito jardinero, un objetivo macro que permita aumentar lo min\u00fasculo depara un placer infinito que sacia la sed de conocimiento de los m\u00e1s curiosos. <a href=\"https:\/\/elpais.com\/estilo-de-vida\/2025-09-28\/libros-jardineria-una-genesis-de-belleza-en-si-misma.html\" target=\"_self\" rel=\"nofollow noopener\" title=\"https:\/\/elpais.com\/estilo-de-vida\/2025-09-28\/libros-jardineria-una-genesis-de-belleza-en-si-misma.html\">Bajo una lente poderosa<\/a>, el pelo urticante de una ortiga (Urtica dioica) se transforma en una espada tallada en el cristal del cuarzo m\u00e1s puro, y la punta hialina de ese dardo asusta hasta al m\u00e1s valiente. Asimismo, la superficie de una hoja o los intrincados \u00f3rganos sexuales de una flor cualquiera pasan al terreno de lo surrealista, de la invenci\u00f3n prodigiosa de la naturaleza para crear lo indecible y lo impensable. De esta forma, el jard\u00edn se multiplica en belleza, con el regalo visual de lo diminuto.<\/p>\n<p>M\u00e1s informaci\u00f3n<\/p>\n<p class=\"\">La fotograf\u00eda es tambi\u00e9n un recurso ideal para ver la evoluci\u00f3n de una planta a lo largo de los a\u00f1os. Por muy acostumbrado que un jardinero est\u00e9 a observar plantas, siempre, siempre, se asombra de la transformaci\u00f3n que acontece en alguna de sus especies favoritas cuando observa detenidamente una foto de hace un par de a\u00f1os: \u201c\u00a1No me puedo creer que haya crecido tanto! \u00a1Si parec\u00eda que solo estaba un poquito m\u00e1s grande!\u201d. Claro est\u00e1, la familiaridad con la planta \u2014eso de verla todos los d\u00edas en casa\u2014 hace que no se aprecie el progreso real del vegetal, especialmente si tiene numerosas hojas, como en un ficus (Ficus spp) o <a href=\"https:\/\/elpais.com\/estilo-de-vida\/2024-07-28\/los-secretos-del-poto-la-planta-todoterreno-que-sobrevive-incluso-en-la-oficina.html\" target=\"_blank\" rel=\"noreferrer nofollow noopener\" title=\"https:\/\/elpais.com\/estilo-de-vida\/2024-07-28\/los-secretos-del-poto-la-planta-todoterreno-que-sobrevive-incluso-en-la-oficina.html\">un poto<\/a> (Epipremnum aureum). <a href=\"https:\/\/elpais.com\/estilo-de-vida\/2024-03-09\/jardineria-emocional-cuando-las-flores-y-plantas-hacen-brotar-recuerdos.html\" target=\"_self\" rel=\"nofollow noopener\" title=\"https:\/\/elpais.com\/estilo-de-vida\/2024-03-09\/jardineria-emocional-cuando-las-flores-y-plantas-hacen-brotar-recuerdos.html\">Cuando se activa la funci\u00f3n de recordatorio<\/a> en un m\u00f3vil y el cachivache ense\u00f1a cada d\u00eda las fotos que se tomaron hace exactamente un a\u00f1o, o hace cinco, la sorpresa por el avance de las queridas plantas se hace cotidiana. <\/p>\n<p><img decoding=\"auto\" class=\"_re lazyload a_m-h\" height=\"276\"  width=\"414\"  src=\"https:\/\/www.europesays.com\/es\/wp-content\/uploads\/2025\/11\/HGXHBIYAGJC6NI7Q2LW5Z7LXMM.jpg\" loading=\"lazy\"\/>Tomar im\u00e1genes de las plantas que cultivamos nos permitir\u00e1 recordarlas cuando ya no est\u00e9n.Tahreer Photography (Getty Images)<\/p>\n<p class=\"\">Habr\u00e1 ocasiones en las que aparezca <a href=\"https:\/\/elpais.com\/estilo-de-vida\/2024-11-10\/sobre-jardineria-emocional-hoy-seguimos-mirando-al-cerezo-y-recordamos-al-abuelo.html\" target=\"_self\" rel=\"nofollow noopener\" title=\"https:\/\/elpais.com\/estilo-de-vida\/2024-11-10\/sobre-jardineria-emocional-hoy-seguimos-mirando-al-cerezo-y-recordamos-al-abuelo.html\">el recuerdo de una planta<\/a> que ya no est\u00e1, bien porque se regalara, bien porque falleciera por cuidados inapropiados o por su propio ciclo vital. En ese momento, el espectador meditar\u00e1 sobre la fugacidad de la vida, sobre lo trillado y lo que queda por trillar, y la hermosura de aquella planta vuelve a florecer en el pensamiento del jardinero.<\/p>\n<p class=\"\">Si se toma la costumbre de fotografiar una misma planta cada mes puede ser<a href=\"https:\/\/elpais.com\/estilo-de-vida\/2025-04-20\/las-valiosas-lecciones-que-los-ninos-pueden-aprender-de-las-plantas-de-la-importancia-del-agua-a-la-fugacidad-de-la-vida.html\" target=\"_self\" rel=\"nofollow noopener\" title=\"https:\/\/elpais.com\/estilo-de-vida\/2025-04-20\/las-valiosas-lecciones-que-los-ninos-pueden-aprender-de-las-plantas-de-la-importancia-del-agua-a-la-fugacidad-de-la-vida.html\"> una labor educativa de primera para un chaval<\/a>, que as\u00ed se iniciar\u00e1 en la comprensi\u00f3n del reloj tan diferente que tienen las plantas con respecto a los humanos. Despu\u00e9s, reunidas esas fotos, se aprende de por d\u00f3nde ha crecido m\u00e1s, por d\u00f3nde ha tirado m\u00e1s hojas y ha cesado en su desarrollo\u2026 Todo un ejercicio bello y \u00fanico de admiraci\u00f3n.<\/p>\n<p><img decoding=\"auto\" class=\"_re lazyload a_m-h\" height=\"276\"  width=\"414\"  src=\"https:\/\/www.europesays.com\/es\/wp-content\/uploads\/2025\/11\/L7RT33CES5FETETS6SPZBH6LZU.jpg\" loading=\"lazy\"\/>La fotograf\u00eda macro es una fuente de belleza para ver estructuras vegetales muy peque\u00f1as.Daniela Garling (Getty Images)<\/p>\n<p class=\"\">En la misma l\u00ednea, la fotograf\u00eda es valiosa para ver la mejora o el <a href=\"https:\/\/elpais.com\/estilo-de-vida\/2025-07-13\/hojas-caidas-manchas-en-los-bordes-que-hago-si-mi-planta-esta-enferma.html\" target=\"_self\" rel=\"nofollow noopener\" title=\"https:\/\/elpais.com\/estilo-de-vida\/2025-07-13\/hojas-caidas-manchas-en-los-bordes-que-hago-si-mi-planta-esta-enferma.html\">empeoramiento de una enfermedad<\/a>: cuando la planta caiga presa de alg\u00fan hongo o de un desequilibrio por un mal cuidado, sacar instant\u00e1neas en los d\u00edas sucesivos ayudar\u00e1 a distinguir si el proceso remite o va a m\u00e1s. Las fotos son tambi\u00e9n gratificantes despu\u00e9s de aplicar un abonado, para comprobar el resurgir de la vegetaci\u00f3n por la mayor disponibilidad de nutrientes, el surgir de las yemas que se multiplican y que lustran las nuevas ramillas, a las que seguir\u00e1n las flores. <\/p>\n<p class=\"\">Hay aut\u00e9nticos profesionales del retrato bot\u00e1nico que ejecutan virguer\u00edas de c\u00e1mara r\u00e1pida (time lapse) y que ilustran desarrollos vegetales <a href=\"https:\/\/elpais.com\/estilo-de-vida\/2025-09-21\/como-sembrar-nomeolvides-calendulas-y-otras-herbaceas-en-otono-y-tener-exito.html\" target=\"_self\" rel=\"nofollow noopener\" title=\"https:\/\/elpais.com\/estilo-de-vida\/2025-09-21\/como-sembrar-nomeolvides-calendulas-y-otras-herbaceas-en-otono-y-tener-exito.html\">como la germinaci\u00f3n de una semilla<\/a>, la maduraci\u00f3n y apertura de un capullo de flor o el crecimiento de un tallo. Para ello, y empleando a veces miles de fotos de una misma planta, unen todas esas im\u00e1genes para generar un v\u00eddeo que condensa los d\u00edas y las semanas en tan solo unos pocos segundos, y se ve crecer una encina (Quercus ilex) desde la emergencia del tallito a partir de la bellota hasta la brotaci\u00f3n de las hojas. <\/p>\n<p><img decoding=\"auto\" class=\"_re lazyload a_m-h\" height=\"276\"  width=\"414\"  src=\"https:\/\/www.europesays.com\/es\/wp-content\/uploads\/2025\/11\/Q6GISGFFMVFEDDWTHZCAFLRJYQ.jpg\" loading=\"lazy\"\/>Fotografiar cada d\u00eda el desarrollo de alguna parte de la planta nos dar\u00e1 una idea de c\u00f3mo se produce su crecimiento.Alkalyne (Getty Images)<\/p>\n<p class=\"\">Si esta \u00faltima t\u00e9cnica es demasiado sofisticada, tambi\u00e9n se puede recurrir a sacar una foto cada d\u00eda de algunas semillas reci\u00e9n germinadas, y encargar esa tarea de seguimiento a alguien que no preste especial atenci\u00f3n a las plantas; quiz\u00e1s as\u00ed se enamore de sus m\u00e1gicos procesos cuando reconozca lo mucho que hacen con pocos recursos y en muy poco tiempo.<\/p>\n<p class=\"\"><a href=\"https:\/\/elpais.com\/estilo-de-vida\/2024-06-09\/mas-jardineria-emocional-recuerdos-encerrados-en-las-flores.html\" target=\"_self\" rel=\"nofollow noopener\" title=\"https:\/\/elpais.com\/estilo-de-vida\/2024-06-09\/mas-jardineria-emocional-recuerdos-encerrados-en-las-flores.html\">Cuando se contempla un jard\u00edn cualquiera,<\/a> aunque sean unas macetas en una terraza o en la repisa de una ventana, y despu\u00e9s se examinan fotos de c\u00f3mo estaba hace tiempo \u2014antes de la llegada de las plantas o al poco de iniciar la colonizaci\u00f3n de ese espacio\u2014, la conclusi\u00f3n es definitoria: qu\u00e9 de belleza aportan, qu\u00e9 de buenos momentos de disfrute. En un episodio de estr\u00e9s cualquiera, mirar por la ventana y ver una nueva flor de alguna planta mimada lo aquieta todo, y se graba en el recuerdo, como la impresi\u00f3n que dejan los p\u00edxeles en la memoria de un tel\u00e9fono, para conservar siempre el jard\u00edn fresco.<\/p>\n","protected":false},"excerpt":{"rendered":"Miles de miles, miles de millones, billones. Fotos y m\u00e1s fotos se agolpan en las memorias de los&hellip;\n","protected":false},"author":2,"featured_media":214201,"comment_status":"","ping_status":"","sticky":false,"template":"","format":"standard","meta":{"footnotes":""},"categories":[173],"tags":[229,233,231,230,27468,232,234,146,147,25,24,7181,9646,244,3317,29803,7771,23,120],"class_list":{"0":"post-214200","1":"post","2":"type-post","3":"status-publish","4":"format-standard","5":"has-post-thumbnail","7":"category-arte-y-diseno","8":"tag-arte","9":"tag-arte-y-diseno","10":"tag-arts","11":"tag-arts-and-design","12":"tag-botanica","13":"tag-design","14":"tag-diseno","15":"tag-entertainment","16":"tag-entretenimiento","17":"tag-es","18":"tag-espana","19":"tag-estilo-vida","20":"tag-flores","21":"tag-fotografia","22":"tag-internet","23":"tag-jardineria","24":"tag-plantas","25":"tag-spain","26":"tag-tecnologia"},"share_on_mastodon":{"url":"https:\/\/pubeurope.com\/@es\/115479510025537151","error":""},"_links":{"self":[{"href":"https:\/\/www.europesays.com\/es\/wp-json\/wp\/v2\/posts\/214200","targetHints":{"allow":["GET"]}}],"collection":[{"href":"https:\/\/www.europesays.com\/es\/wp-json\/wp\/v2\/posts"}],"about":[{"href":"https:\/\/www.europesays.com\/es\/wp-json\/wp\/v2\/types\/post"}],"author":[{"embeddable":true,"href":"https:\/\/www.europesays.com\/es\/wp-json\/wp\/v2\/users\/2"}],"replies":[{"embeddable":true,"href":"https:\/\/www.europesays.com\/es\/wp-json\/wp\/v2\/comments?post=214200"}],"version-history":[{"count":0,"href":"https:\/\/www.europesays.com\/es\/wp-json\/wp\/v2\/posts\/214200\/revisions"}],"wp:featuredmedia":[{"embeddable":true,"href":"https:\/\/www.europesays.com\/es\/wp-json\/wp\/v2\/media\/214201"}],"wp:attachment":[{"href":"https:\/\/www.europesays.com\/es\/wp-json\/wp\/v2\/media?parent=214200"}],"wp:term":[{"taxonomy":"category","embeddable":true,"href":"https:\/\/www.europesays.com\/es\/wp-json\/wp\/v2\/categories?post=214200"},{"taxonomy":"post_tag","embeddable":true,"href":"https:\/\/www.europesays.com\/es\/wp-json\/wp\/v2\/tags?post=214200"}],"curies":[{"name":"wp","href":"https:\/\/api.w.org\/{rel}","templated":true}]}}