{"id":214204,"date":"2025-11-02T10:00:15","date_gmt":"2025-11-02T10:00:15","guid":{"rendered":"https:\/\/www.europesays.com\/es\/214204\/"},"modified":"2025-11-02T10:00:15","modified_gmt":"2025-11-02T10:00:15","slug":"el-cine-fantastico-y-de-terror-brilla-en-la-ciudad","status":"publish","type":"post","link":"https:\/\/www.europesays.com\/es\/214204\/","title":{"rendered":"El cine fant\u00e1stico y de terror brilla en la ciudad"},"content":{"rendered":"<p>El Festival Terror\u00edficamente Cortos concluye ayer su 14\u00aa edici\u00f3n en Palencia tras reunir 23 cortometrajes en tres sesiones celebradas los d\u00edas 30 y 31 de octubre y 1 de noviembre en los Cines Ortega. Las obras, seleccionadas entre 415 inscripciones, han ofrecido una panor\u00e1mica del mejor cine fant\u00e1stico y de terror en formato breve. Tras cada pase, los equipos han presentado sus trabajos y el p\u00fablico ha emitido su voto mediante QR, consolidando la participaci\u00f3n como se\u00f1a del festival.<\/p>\n<p>Como anticipo a la competici\u00f3n, el certamen proyect\u00f3 dos largometrajes de referencia: El d\u00eda de la bestia (\u00c1lex de la Iglesia), coincidiendo con su 30.\u00ba aniversario, y Exit 8, completando as\u00ed un programa que ha dialogado con la historia y la actualidad del g\u00e9nero. Ambas sesiones se celebraron en los cines Ortega de la ciudad.<\/p>\n<p>La asistencia ha sido sobresaliente, con salas con una ocupaci\u00f3n muy elevada a lo largo de las tres noches que ha durado la Secci\u00f3n Oficial y un ambiente entusiasta en los coloquios, confirmando el excelente estado de forma del festival y el inter\u00e9s del p\u00fablico palentino por el cine de g\u00e9nero.<\/p>\n<p><img decoding=\"async\" loading=\"lazy\" src=\"https:\/\/www.europesays.com\/es\/wp-content\/uploads\/2025\/11\/945849A2-42CF-4822-89714C75BE05721C.JPG\" alt=\"El cine fant\u00e1stico y de terror brilla en la ciudad\" border=\"0\"\/>El cine fant\u00e1stico y de terror brilla en la ciudad &#8211; Foto: Sara MuniosgurenDe forma paralela, el Centro Cultural Lecr\u00e1c ha acogido la exposici\u00f3n de fotograf\u00eda del festival, con 19 obras seleccionadas que han podido visitarse durante estos d\u00edas. El festival ha reforzado la vertiente visual en cuanto al contenido y su v\u00ednculo con la ciudad.<\/p>\n<p>Desde sus or\u00edgenes, se ha apostado por abrirse a la ciudadan\u00eda con nuevos facetas m\u00e1s all\u00e1 de la proyecci\u00f3n de cortometrajes, integrando actividades paralelas que ampl\u00edan la experiencia del g\u00e9nero fant\u00e1stico y de terror. La muestra fotogr\u00e1fica es un claro ejemplo de esa voluntad: trasladar el universo del miedo, lo fant\u00e1stico y lo inquietante al registro de la imagen fija. Las obras seleccionadas, de fot\u00f3grafos de procedencias muy diversas, ilustran la muestra, que ofrece una visi\u00f3n global del g\u00e9nero en clave creativa hasta el d\u00eda 9.<\/p>\n<p>La obra ganadora del primer premio, Pazuzu, alude al m\u00edtico demonio hom\u00f3nimo, mientras que Ers\u00e9beth Bathory juega con la leyenda vamp\u00edrica de Erzs\u00e9bet B\u00e1thory, y Cuc\u00fa apunta a un recurso m\u00e1s sutil e inquietante.<\/p>\n<p>Un a\u00f1o m\u00e1s, la empresa Sociograph ha aplicado su medici\u00f3n neurosensorial para otorgar el Premio al Corto m\u00e1s Impactante, integrando herramientas cient\u00edficas en la experiencia de sala y en el an\u00e1lisis de la respuesta del p\u00fablico.<\/p>\n<p>Con este cierre, Terror\u00edficamente Cortos reafirma su condici\u00f3n de cita de referencia del cine de g\u00e9nero en Castilla y Le\u00f3n, combinando proyecciones, di\u00e1logo con los creadores y actividades expositivas para acercar\u00edas a nuevos p\u00fablicos.\u00a0<\/p>\n","protected":false},"excerpt":{"rendered":"El Festival Terror\u00edficamente Cortos concluye ayer su 14\u00aa edici\u00f3n en Palencia tras reunir 23 cortometrajes en tres sesiones&hellip;\n","protected":false},"author":2,"featured_media":214205,"comment_status":"","ping_status":"","sticky":false,"template":"","format":"standard","meta":{"footnotes":""},"categories":[169],"tags":[15202,3590,177,57672,32706,146,147,25,24,241,176,244,57671,175,6442,23,57670],"class_list":{"0":"post-214204","1":"post","2":"type-post","3":"status-publish","4":"format-standard","5":"has-post-thumbnail","7":"category-cine","8":"tag-alex-de-la-iglesia","9":"tag-castilla-y-leon","10":"tag-cine","11":"tag-cine-ortega","12":"tag-cortometrajes","13":"tag-entertainment","14":"tag-entretenimiento","15":"tag-es","16":"tag-espana","17":"tag-exposiciones","18":"tag-film","19":"tag-fotografia","20":"tag-lecrac","21":"tag-movies","22":"tag-palencia","23":"tag-spain","24":"tag-terrorificamente-cortos"},"share_on_mastodon":{"url":"https:\/\/pubeurope.com\/@es\/115479525969312880","error":""},"_links":{"self":[{"href":"https:\/\/www.europesays.com\/es\/wp-json\/wp\/v2\/posts\/214204","targetHints":{"allow":["GET"]}}],"collection":[{"href":"https:\/\/www.europesays.com\/es\/wp-json\/wp\/v2\/posts"}],"about":[{"href":"https:\/\/www.europesays.com\/es\/wp-json\/wp\/v2\/types\/post"}],"author":[{"embeddable":true,"href":"https:\/\/www.europesays.com\/es\/wp-json\/wp\/v2\/users\/2"}],"replies":[{"embeddable":true,"href":"https:\/\/www.europesays.com\/es\/wp-json\/wp\/v2\/comments?post=214204"}],"version-history":[{"count":0,"href":"https:\/\/www.europesays.com\/es\/wp-json\/wp\/v2\/posts\/214204\/revisions"}],"wp:featuredmedia":[{"embeddable":true,"href":"https:\/\/www.europesays.com\/es\/wp-json\/wp\/v2\/media\/214205"}],"wp:attachment":[{"href":"https:\/\/www.europesays.com\/es\/wp-json\/wp\/v2\/media?parent=214204"}],"wp:term":[{"taxonomy":"category","embeddable":true,"href":"https:\/\/www.europesays.com\/es\/wp-json\/wp\/v2\/categories?post=214204"},{"taxonomy":"post_tag","embeddable":true,"href":"https:\/\/www.europesays.com\/es\/wp-json\/wp\/v2\/tags?post=214204"}],"curies":[{"name":"wp","href":"https:\/\/api.w.org\/{rel}","templated":true}]}}