{"id":214215,"date":"2025-11-02T10:06:17","date_gmt":"2025-11-02T10:06:17","guid":{"rendered":"https:\/\/www.europesays.com\/es\/214215\/"},"modified":"2025-11-02T10:06:17","modified_gmt":"2025-11-02T10:06:17","slug":"los-partidos-del-centro-podrian-dominar-el-nuevo-puzzle-politico-en-paises-bajos","status":"publish","type":"post","link":"https:\/\/www.europesays.com\/es\/214215\/","title":{"rendered":"los partidos del centro podr\u00edan dominar el nuevo puzzle pol\u00edtico en Pa\u00edses Bajos"},"content":{"rendered":"\n<p> En voz baja, parece que los Pa\u00edses Bajos podr\u00edan estar cerca del final de dos a\u00f1os de un gobierno <a href=\"https:\/\/theconversation.com\/the-netherlands-is-trying-to-draw-a-line-under-a-year-of-chaos-with-fresh-elections-will-it-work-267076\" target=\"_self\" rel=\"nofollow noopener\">ca\u00f3tico<\/a> de extrema derecha, dominado por Geert Wilders y dirigido por un primer ministro tecn\u00f3crata. Esto significa que tambi\u00e9n podr\u00edan estar cerca del<strong> final de un per\u00edodo de influencia neerlandesa<\/strong> menguante en la UE. <\/p>\n<p> Los partidos centristas proeuropeos se <a href=\"https:\/\/www.politico.eu\/article\/rob-jetten-geert-wilders-centrist-d66-wins-dutch-election\/\" target=\"_self\" rel=\"nofollow noopener\">perfilan<\/a> como<strong> los grandes vencedores <\/strong>en las elecciones del 29 de octubre. Uno de ellos, el D66, parece encaminado a una ajustada victoria en el voto popular, por delante del Partido por la Libertad (PVV) de Wilders. Esto significa que su joven y carism\u00e1tico l\u00edder, <a href=\"https:\/\/www.theguardian.com\/world\/2025\/oct\/30\/rob-jetten-anti-wilders-yes-we-can-candidate-next-dutch-pm\" target=\"_self\" rel=\"nofollow noopener\">Rob Jetten<\/a>, es quien tiene m\u00e1s posibilidades de formar gobierno. Bajo su mandato, los Pa\u00edses Bajos regresar\u00edan a la escena europea con una energ\u00eda que no se ve\u00eda desde la \u00e9poca de Mark Rutte. <\/p>\n<p> Los Dem\u00f3cratas Cristianos (CDA) tambi\u00e9n han <a href=\"https:\/\/www.politico.eu\/europe-poll-of-polls\/netherlands\/\" target=\"_self\" rel=\"nofollow noopener\">logrado<\/a> importantes avances. Estos dos partidos moderados, junto con<strong> los Liberales de centroderecha<\/strong> (VVD), buscan socios para formar un gobierno estable que <a href=\"https:\/\/www.reuters.com\/world\/europe\/which-parties-could-form-next-dutch-government-2025-10-30\/\" target=\"_self\" rel=\"nofollow noopener\">excluya al PVV. Durante la campa\u00f1a, D66 y el CDA abogaron por que se <\/a><a href=\"https:\/\/www.youtube.com\/watch?v=7W2zqJOr2ao\" target=\"_self\" rel=\"nofollow noopener\">finalizara<\/a> un acuerdo de coalici\u00f3n \u00ablo antes posible\u00bb. En t\u00e9rminos neerlandeses, esto significa antes de Navidad, e incluso eso ser\u00eda un milagro. <strong>Ambas opciones para formar una coalici\u00f3<\/strong>n, Verde-Izquierda-Laborista o la ultraderechista JA21, implicar\u00e1n largas negociaciones y dolorosas concesiones. Por lo tanto, a\u00fan pasar\u00e1 un tiempo antes de que ese \u00edmpetu juvenil llegue a Bruselas. <\/p>\n<p> Sea cual sea el resultado de la coalici\u00f3n,<strong> los nuevos Pa\u00edses Bajos mantendr\u00e1n su apoyo a Ucrania<\/strong> y a un mayor gasto de la OTAN. De hecho, el \u00fanico tema de pol\u00edtica exterior que suscit\u00f3 un inter\u00e9s real durante los debates televisados \u200b\u200bfue el nuevo objetivo de la OTAN: que todos sus miembros <a href=\"https:\/\/www.chathamhouse.org\/2025\/10\/dutch-elections-are-opportunity-netherlands-regain-its-international-influence\" target=\"_self\" rel=\"nofollow noopener\">destinen entre<\/a> el 3,5% y el 5% de su PIB a defensa. Sorprendentemente, los 15.000 millones de euros adicionales necesarios para alcanzar los 30.000 millones no generaron controversia. <\/p>\n<p>              <img decoding=\"async\" class=\"inTextNews__img\" alt=\"Foto: resultados-elecciones-paises-bajos-gana-la-ultraderecha-pero-no-habra-gobierno-en-200-dias\" src=\"https:\/\/www.europesays.com\/es\/wp-content\/uploads\/2025\/11\/f.elconfidencial.com\/original\/109\/213\/65a\/10921365af6ee147bb78a128a607155d.jpg\"  \/>     <\/p>\n<p>TE PUEDE INTERESAR<\/p>\n<p>      <a class=\"inTextNews__title\" href=\"https:\/\/www.elconfidencial.com\/mundo\/2025-10-29\/resultados-elecciones-paises-bajos-gana-la-ultraderecha-pero-no-habra-gobierno-en-200-dias_4238072\/\" onclick=\"window.ECCO.emit(&#039;amplitude&#039;, { dataEventName: &#039;click_related_article_module&#039;, data: { related_article_url: &#039;https:\/\/www.elconfidencial.com\/mundo\/2025-10-29\/resultados-elecciones-paises-bajos-gana-la-ultraderecha-pero-no-habra-gobierno-en-200-dias_4238072\/&#039;, related_article_author: &#039;Alicia Alamillos&#039;, related_article_section: &#039;mundo&#039; } })\" rel=\"nofollow noopener\" target=\"_blank\"> Los liberal-progresistas se arrogan la victoria en las elecciones de Pa\u00edses Bajos: \u00abHa ganado el optimismo\u00bb <\/a>   <\/p>\n<p>    A. A.   <\/p>\n<p> Todos los partidos mayoritarios<strong> respaldan esta nueva norma<\/strong>, mientras que los partidos minoritarios que no la apoyan no lograron convertirla en un tema decisivo durante la campa\u00f1a. Lo mismo ocurri\u00f3 con el apoyo a Ucrania, si bien JA21 <a href=\"https:\/\/nltimes.nl\/2025\/10\/14\/hard-right-party-ja21-says-opposes-ukraine-joining-nato-eu-election-debate\" target=\"_self\" rel=\"nofollow noopener\">se opone a<\/a> la adhesi\u00f3n del pa\u00eds a la UE y a la OTAN. <\/p>\n<p> Menos predecible es el apoyo neerland\u00e9s a la emisi\u00f3n conjunta de deuda de la UE mediante eurobonos. El CDA y el D66 respaldan este instrumento para financiar los enormes desaf\u00edos que afronta la UE; el VVD y el JA21 <a href=\"https:\/\/nltimes.nl\/2025\/03\/11\/dutch-parliament-opposed-von-der-leyens-eu800-billion-european-defense-plan\" target=\"_self\" rel=\"nofollow noopener\">no<\/a>. El fabricante de chips neerland\u00e9s Nexperia <a href=\"https:\/\/www.theguardian.com\/business\/2025\/oct\/31\/nexperia-halts-chip-supples-china-threat-car-production\" target=\"_self\" rel=\"nofollow noopener\">suspendi\u00f3<\/a> recientemente la producci\u00f3n de chips para China tras la presi\u00f3n de Estados Unidos. Esta tormenta geoecon\u00f3mica <strong>no se incluy\u00f3 en los debates electorales<\/strong>, pero el episodio sirve como recordatorio de la necesidad de la coalici\u00f3n de consolidar el relativamente fuerte sector tecnol\u00f3gico neerland\u00e9s dentro de la UE. <\/p>\n<p> El clima y el conflicto palestino-israel\u00ed tambi\u00e9n son temas espinosos. Como exministro de Clima, es probable que Jetten apoye los objetivos de la transici\u00f3n ecol\u00f3gica europea. Sin embargo, en este \u00e1mbito, JA21 intentar\u00e1 limitar sus ambiciones. En cuanto a Israel y Palestina, el tema perdi\u00f3 algo de relevancia en los Pa\u00edses Bajos<strong> tras el alto el fuego negociado por Trump<\/strong>. Pero dado que el fr\u00e1gil acuerdo <a href=\"https:\/\/www.theguardian.com\/commentisfree\/2025\/oct\/30\/gaza-ceasefire-war-israel-airstrike-donald-trump\" target=\"_self\" rel=\"nofollow noopener\">se<\/a> tambalea cada d\u00eda m\u00e1s, el tema podr\u00eda convertirse en un punto cr\u00edtico en las negociaciones de la coalici\u00f3n: una vez m\u00e1s, JA21 y el VVD se oponen a D66, el CDA y la coalici\u00f3n Verde-Izquierda-Laborista, especialmente en lo que respecta al aumento de la presi\u00f3n sobre Israel. <\/p>\n<p>                  <img decoding=\"async\" class=\"inTextNews__img\" alt=\"Foto: paises-bajos-elecciones-atipicas-wilders\" src=\"https:\/\/www.europesays.com\/es\/wp-content\/uploads\/2025\/11\/f.elconfidencial.com\/original\/3fd\/600\/d28\/3fd600d28239ee6c17a87fcceccc5813.jpg\"  \/>     <\/p>\n<p>TE PUEDE INTERESAR<\/p>\n<p>      <a class=\"inTextNews__title\" href=\"https:\/\/www.elconfidencial.com\/mundo\/2025-10-29\/paises-bajos-elecciones-atipicas-wilders_4237260\/\" onclick=\"window.ECCO.emit(&#039;amplitude&#039;, { dataEventName: &#039;click_related_article_module&#039;, data: { related_article_url: &#039;https:\/\/www.elconfidencial.com\/mundo\/2025-10-29\/paises-bajos-elecciones-atipicas-wilders_4237260\/&#039;, related_article_author: &#039;Lucas Proto&#039;, related_article_section: &#039;mundo&#039; } })\" rel=\"nofollow noopener\" target=\"_blank\"> Pa\u00edses Bajos celebra sus elecciones m\u00e1s at\u00edpicas: Wilders va en cabeza, pero no gobernar\u00e1  <\/a>   <\/p>\n<p>    Lucas Proto   <\/p>\n<p> El resurgimiento del centro tras el fracaso del experimento de la extrema derecha <strong>ser\u00e1 observado con atenci\u00f3n en muchos otros pa\u00edses <\/strong>europeos. El mensaje positivo y similar al de Obama de Rob Jetten, combinado con el anhelo p\u00fablico de estabilidad, parece haber sido decisivo. Adem\u00e1s, el tono de Jetten sobre asilo y migraci\u00f3n <a href=\"https:\/\/www.telegraph.co.uk\/news\/2025\/10\/31\/dutch-election-d66-pvv-wilders-left-right-shift\/\" target=\"_self\" rel=\"nofollow noopener\">se endureci\u00f3<\/a> durante la campa\u00f1a, y <a href=\"https:\/\/www.thetimes.com\/world\/europe\/article\/who-is-rob-jetten-netherlands-dutch-prime-minister-520rv9qtq\" target=\"_self\" rel=\"nofollow noopener\">sorprendi\u00f3<\/a> a algunos votantes liberales al adoptar un discurso abiertamente nacionalista al reivindicar la bandera neerlandesa, que hab\u00eda sido apropiada por la extrema derecha. Y la extrema derecha dista mucho de estar derrotada. <\/p>\n<p> Al igual que en Francia, la oposici\u00f3n al gobierno centrista provendr\u00e1 tanto de la izquierda como de la derecha. Mucho d<strong>epender\u00e1 de la capacidad del centro para cumplir sus promesas.<\/strong> Sin embargo, un gobierno m\u00e1s estable, en el que los socios de la coalici\u00f3n logren definir pol\u00edticas conjuntas y que est\u00e9 liderado por un primer ministro con amplia experiencia en el sistema pol\u00edtico europeo, devolver\u00e1 a los Pa\u00edses Bajos al centro de Europa y del panorama internacional en estos tiempos de Trump. <\/p>\n<p> *An\u00e1lisis publicado <a href=\"https:\/\/ecfr.eu\/article\/dutch-masters-the-art-of-renewing-the-centre\/\" target=\"_blank\" rel=\"nofollow noopener\">originalmente en ingl\u00e9s en el European Council on Foreign Relations<\/a> por Herman Quarles van Ufford titulado Dutch masters: the art of renewing <\/p>\n<p> En voz baja, parece que los Pa\u00edses Bajos podr\u00edan estar cerca del final de dos a\u00f1os de un gobierno <a href=\"https:\/\/theconversation.com\/the-netherlands-is-trying-to-draw-a-line-under-a-year-of-chaos-with-fresh-elections-will-it-work-267076\" target=\"_self\" rel=\"nofollow noopener\">ca\u00f3tico<\/a> de extrema derecha, dominado por Geert Wilders y dirigido por un primer ministro tecn\u00f3crata. Esto significa que tambi\u00e9n podr\u00edan estar cerca del<strong> final de un per\u00edodo de influencia neerlandesa<\/strong> menguante en la UE. <\/p>\n","protected":false},"excerpt":{"rendered":"En voz baja, parece que los Pa\u00edses Bajos podr\u00edan estar cerca del final de dos a\u00f1os de un&hellip;\n","protected":false},"author":2,"featured_media":214216,"comment_status":"","ping_status":"","sticky":false,"template":"","format":"standard","meta":{"footnotes":""},"categories":[42],"tags":[17,18,13,14,11,61,62,63,64,19,20,9,10,15,16,12,21,22,65,66,67],"class_list":{"0":"post-214215","1":"post","2":"type-post","3":"status-publish","4":"format-standard","5":"has-post-thumbnail","7":"category-internacional","8":"tag-breaking-news","9":"tag-breakingnews","10":"tag-featured-news","11":"tag-featurednews","12":"tag-headlines","13":"tag-internacional","14":"tag-international","15":"tag-international-news","16":"tag-internationalnews","17":"tag-latest-news","18":"tag-latestnews","19":"tag-news","20":"tag-noticias","21":"tag-noticias-destacadas","22":"tag-noticiasdestacadas","23":"tag-titulares","24":"tag-ultimas-noticias","25":"tag-ultimasnoticias","26":"tag-world","27":"tag-world-news","28":"tag-worldnews"},"share_on_mastodon":{"url":"https:\/\/pubeurope.com\/@es\/115479549514297180","error":""},"_links":{"self":[{"href":"https:\/\/www.europesays.com\/es\/wp-json\/wp\/v2\/posts\/214215","targetHints":{"allow":["GET"]}}],"collection":[{"href":"https:\/\/www.europesays.com\/es\/wp-json\/wp\/v2\/posts"}],"about":[{"href":"https:\/\/www.europesays.com\/es\/wp-json\/wp\/v2\/types\/post"}],"author":[{"embeddable":true,"href":"https:\/\/www.europesays.com\/es\/wp-json\/wp\/v2\/users\/2"}],"replies":[{"embeddable":true,"href":"https:\/\/www.europesays.com\/es\/wp-json\/wp\/v2\/comments?post=214215"}],"version-history":[{"count":0,"href":"https:\/\/www.europesays.com\/es\/wp-json\/wp\/v2\/posts\/214215\/revisions"}],"wp:featuredmedia":[{"embeddable":true,"href":"https:\/\/www.europesays.com\/es\/wp-json\/wp\/v2\/media\/214216"}],"wp:attachment":[{"href":"https:\/\/www.europesays.com\/es\/wp-json\/wp\/v2\/media?parent=214215"}],"wp:term":[{"taxonomy":"category","embeddable":true,"href":"https:\/\/www.europesays.com\/es\/wp-json\/wp\/v2\/categories?post=214215"},{"taxonomy":"post_tag","embeddable":true,"href":"https:\/\/www.europesays.com\/es\/wp-json\/wp\/v2\/tags?post=214215"}],"curies":[{"name":"wp","href":"https:\/\/api.w.org\/{rel}","templated":true}]}}