{"id":214221,"date":"2025-11-02T10:17:14","date_gmt":"2025-11-02T10:17:14","guid":{"rendered":"https:\/\/www.europesays.com\/es\/214221\/"},"modified":"2025-11-02T10:17:14","modified_gmt":"2025-11-02T10:17:14","slug":"vinicius-gafado-falla-un-penalti-ante-el-valencia","status":"publish","type":"post","link":"https:\/\/www.europesays.com\/es\/214221\/","title":{"rendered":"Vinicius, gafado, falla un penalti ante el Valencia"},"content":{"rendered":"<p class=\"ft-text\">El \u00faltimo partido en el que <strong>Vinicius <\/strong>vio puerta fue ante el Villarreal, cuando logr\u00f3 un doblete, uno de ellos de penalti. El brasile\u00f1o, protagonista por su desplante ante <strong>Xabi Alonso<\/strong> tras ser sustituido en el Cl\u00e1sico, <a class=\"ft-link ft-link--decoration\" href=\"https:\/\/www.sport.es\/es\/noticias\/real-madrid\/real-madrid-valencia-directo-jornada-11-liga-hoy-vivo-123262709\" rel=\"nofollow noopener\" target=\"_blank\">volvi\u00f3 a acaparar los focos ante el Valencia<\/a>. De nuevo en lo negativo. Y es que el delantero desaprovech\u00f3 una pena m\u00e1xima con 2-0 en el marcador para volver a marcar un mes despu\u00e9s. Hasta la fecha, todos los penaltis menos uno, seis en Liga y tres en Champions, los hab\u00eda lanzado Mbapp\u00e9, que se est\u00e1 aprovechando de <a class=\"ft-link ft-link--decoration\" href=\"https:\/\/www.sport.es\/es\/noticias\/real-madrid\/cristiano-bate-record-penaltis-laliga-6582570\" rel=\"nofollow noopener\" target=\"_blank\">la inercia de la que ya se hartaba a marcar desde los once metros Cristiano Ronaldo<\/a>. El Real Madrid debe ser, seguramente, el equipo al que m\u00e1s penaltis a favor le han se\u00f1alado en la historia.<\/p>\n<p class=\"ft-text\">El partido no tiene historia porque los che no presentan oposici\u00f3n a los blancos, que dominan el juego y el marcador a placer. Pero la noticia fue ver c\u00f3mo Vinicius, tras el doblete logrado por Kylian Mbapp\u00e9 el d\u00eda que entreg\u00f3 la Bota de Oro a la afici\u00f3n del Santiago Bernab\u00e9u, no lograba anotar desde los once metros. <strong>Agirrezabala adivin\u00f3 las intenciones del madridista y evit\u00f3 el gol.<\/strong><\/p>\n<p><img decoding=\"async\" src=\"https:\/\/www.europesays.com\/es\/wp-content\/uploads\/2025\/11\/da81c248-6897-4761-90da-f9a2486f85de_alta-libre-aspect-ratio_default_0.jpg\" width=\"1200\" height=\"675\" alt=\"Mbapp\u00e9, a un paso del liderato en la Bota de Oro 2025\/26\" class=\"ft-helper-img-rd\" loading=\"lazy\" hasdataaida=\"true\"\/><\/p>\n<p class=\"ft-helper-fontColor-quaternary ft-helper-fontSize-body-S ft-helper-spacer-t-xxs\">Mbapp\u00e9, a un paso del liderato en la Bota de Oro 2025\/26  \/ EFE<\/p>\n<p class=\"ft-text\">Lo cierto es que, si hubiera dejado lanzar el penalti a su compa\u00f1ero, que tambi\u00e9n fall\u00f3 un penalti ante el Bar\u00e7a, el franc\u00e9s habr\u00eda tenido la oportunidad de completar un &#8216;hat-trick&#8217; en solo media parte. <strong>Sin embargo, el brasile\u00f1o quiso ser protagonista y, aunque lo acab\u00f3 siendo, fue en negativo. <\/strong><\/p>\n<p class=\"ft-text\"><a class=\"ft-link ft-link--decoration\" href=\"https:\/\/www.sport.es\/es\/noticias\/real-madrid\/xabi-alonso-regatea-comunicado-vinicius-123217321\" rel=\"nofollow noopener\" target=\"_blank\">Vinicius fue titular, recibiendo el indulto total por parte de su entrenador, que dio \u00abpor zanjado\u00bb el conflicto vivido durante el Cl\u00e1sico<\/a>. La felicidad, pese a ello, no fue completa porque desaprovech\u00f3 una gran oportunidad para ver puerta y reconciliarse, de forma definitiva, con su entrenador y con la afici\u00f3n madridista, algo hartos todos de su d\u00edscolo comportamiento.<\/p>\n","protected":false},"excerpt":{"rendered":"El \u00faltimo partido en el que Vinicius vio puerta fue ante el Villarreal, cuando logr\u00f3 un doblete, uno&hellip;\n","protected":false},"author":2,"featured_media":214222,"comment_status":"","ping_status":"","sticky":false,"template":"","format":"standard","meta":{"footnotes":""},"categories":[268],"tags":[168,25,24,280,282,24904,3048,281,23,167,235,13334],"class_list":{"0":"post-214221","1":"post","2":"type-post","3":"status-publish","4":"format-standard","5":"has-post-thumbnail","7":"category-futbol","8":"tag-deportes","9":"tag-es","10":"tag-espana","11":"tag-football","12":"tag-futbol","13":"tag-mbappe","14":"tag-real-madrid","15":"tag-soccer","16":"tag-spain","17":"tag-sports","18":"tag-valencia","19":"tag-vinicius"},"share_on_mastodon":{"url":"https:\/\/pubeurope.com\/@es\/115479592598271340","error":""},"_links":{"self":[{"href":"https:\/\/www.europesays.com\/es\/wp-json\/wp\/v2\/posts\/214221","targetHints":{"allow":["GET"]}}],"collection":[{"href":"https:\/\/www.europesays.com\/es\/wp-json\/wp\/v2\/posts"}],"about":[{"href":"https:\/\/www.europesays.com\/es\/wp-json\/wp\/v2\/types\/post"}],"author":[{"embeddable":true,"href":"https:\/\/www.europesays.com\/es\/wp-json\/wp\/v2\/users\/2"}],"replies":[{"embeddable":true,"href":"https:\/\/www.europesays.com\/es\/wp-json\/wp\/v2\/comments?post=214221"}],"version-history":[{"count":0,"href":"https:\/\/www.europesays.com\/es\/wp-json\/wp\/v2\/posts\/214221\/revisions"}],"wp:featuredmedia":[{"embeddable":true,"href":"https:\/\/www.europesays.com\/es\/wp-json\/wp\/v2\/media\/214222"}],"wp:attachment":[{"href":"https:\/\/www.europesays.com\/es\/wp-json\/wp\/v2\/media?parent=214221"}],"wp:term":[{"taxonomy":"category","embeddable":true,"href":"https:\/\/www.europesays.com\/es\/wp-json\/wp\/v2\/categories?post=214221"},{"taxonomy":"post_tag","embeddable":true,"href":"https:\/\/www.europesays.com\/es\/wp-json\/wp\/v2\/tags?post=214221"}],"curies":[{"name":"wp","href":"https:\/\/api.w.org\/{rel}","templated":true}]}}