{"id":214223,"date":"2025-11-02T10:18:09","date_gmt":"2025-11-02T10:18:09","guid":{"rendered":"https:\/\/www.europesays.com\/es\/214223\/"},"modified":"2025-11-02T10:18:09","modified_gmt":"2025-11-02T10:18:09","slug":"los-looks-mas-glamurosos-de-la-gala-lacma-artfilm-en-los-angeles","status":"publish","type":"post","link":"https:\/\/www.europesays.com\/es\/214223\/","title":{"rendered":"los &#8216;looks&#8217; m\u00e1s glamurosos de la Gala LACMA Art+Film en Los \u00c1ngeles"},"content":{"rendered":"<p class=\"c-paragraph\">Cuando todav\u00eda no nos hab\u00edamos recuperado de los estilismos m\u00e1s aterradores de Halloween de las celebrities, anoche Hollywood se vest\u00eda de gala para celebrar una de las veladas m\u00e1s glamurosas del a\u00f1o: la <b>LACMA Art+Film Gala<\/b>. Una gala que comenz\u00f3 en 2001 tras la iniciativa de<b> Eva<\/b> <b>Chow<\/b> y<b>\u00a0Leonardo DiCaprio<\/b> de\u00a0recaudar fondos para el programa de cine del Museo de Arte del Condado de Los \u00c1ngeles y que, desde entonces, congrega de forma anual a las artistas m\u00e1s conocidas de Hollywood.<\/p>\n<p class=\"c-paragraph\"><b>Salma Hayek<\/b>, <b>Paris Hilton<\/b>, <b>Demi Lovato<\/b>&#8230; son solo algunas de las estrellas que no han querido perderse esta noche tan especial, d\u00e1ndolo todo con sus estilismos. Y es que, cuando el patrocinador de la gala es <b>Gucci<\/b>, la apuesta por la moda no deja a nadie indiferente. Hacemos un recopilatorio de los mejores estilismos con los que han conquistado la gala, comenzando noviembre entre glamour y mucha sofisticaci\u00f3n.<\/p>\n<p>Los mejores &#8216;looks&#8217; de la gala LACMA Art+Film de Los \u00c1ngeles<\/p>\n<p class=\"c-paragraph\"><b>Emma Roberts <\/b>se visti\u00f3 de novia moderna con un mini vestido de color nude, con apliques brillantes que le aportaban textura y un extra de glamour. Lo combin\u00f3 con unos stilettos en tono maquillaje y un bolsito metalizado.<\/p>\n<p class=\"c-paragraph\"><b>Demi Lovato <\/b>prefiri\u00f3 un vestido negro con escote palabra de honor, cuerpo ce\u00f1ido y falda midi con volumen en color navy, que remat\u00f3 con unos zapatos dorados con una gran rosa a tono en el empeine.<\/p>\n<p class=\"c-paragraph\"><b>Kaia Gerber<\/b> prefiri\u00f3 confiar en el rojo y se enfund\u00f3 en un vestido ajustado de Gucci. Un modelo largo, dise\u00f1ado con tirantes anchos y escote en pico con el que capt\u00f3 todas las miradas.<\/p>\n<p class=\"c-paragraph\">Tambi\u00e9n por Gucci apost\u00f3<b> Elle Fanning<\/b>, eligiendo un &#8216;look&#8217; mucho m\u00e1s rom\u00e1ntico en color azul cielo. Un vestido largo de encaje, semitransparente, que combin\u00f3 con un gran abrigo de pelito a tono.<\/p>\n<p class=\"c-paragraph\"><b>Salma Hayek<\/b> prefiri\u00f3 jugar con las lentejuelas y se enfund\u00f3 en un vestido de color verde muy especial, con escote en pico, mangas acampanadas y bajo evas\u00e9, que combin\u00f3 con un bolsito negro.<\/p>\n<p class=\"c-paragraph\"><b>Lorde<\/b> jug\u00f3 con la doble textura y eligi\u00f3 un vestido estructurado con top dorado, con hombros al descubierto, y una sutil falda de sat\u00e9n en marr\u00f3n chocolate, hasta los pies.<\/p>\n<p class=\"c-paragraph\"><b>Paris Hilton<\/b>, por su parte, eligi\u00f3 un vestido de encaje de lo m\u00e1s sugerente. Un modelo de Gucci lleno de transparencias, con escote pronunciado, y una abertura en el bajo. Lo combin\u00f3 con unos stilettos a tono y un chocker.<\/p>\n<p class=\"c-paragraph\">Tambi\u00e9n por las transparencias se decant\u00f3 Demi Moore que, en este caso, eligi\u00f3 un modelo negro con flores de colores con pedrer\u00eda bordadas a contraste. Un dise\u00f1o largo, con cuello perkins y una peque\u00f1a cola.<\/p>\n<p class=\"c-paragraph\">Al estilo de Marilyn Monroe, por \u00faltimo, <b>Doja Cat <\/b>daba un toque retro a la gala enfund\u00e1ndose en un vestido de lentejuelas dorado. Un modelo con manga larga y escotes y aberturas imposibles, que combin\u00f3 con unos stilettos negros.<\/p>\n<p class=\"c-paragraph\">Estos han sido algunos de nuestros estilismos preferidos en una de las noches m\u00e1s glamurosas de Hollywood.<\/p>\n","protected":false},"excerpt":{"rendered":"Cuando todav\u00eda no nos hab\u00edamos recuperado de los estilismos m\u00e1s aterradores de Halloween de las celebrities, anoche Hollywood&hellip;\n","protected":false},"author":2,"featured_media":214224,"comment_status":"","ping_status":"","sticky":false,"template":"","format":"standard","meta":{"footnotes":""},"categories":[174],"tags":[255,57674,35636,33378,146,147,25,24,256,4417,27882,23],"class_list":{"0":"post-214223","1":"post","2":"type-post","3":"status-publish","4":"format-standard","5":"has-post-thumbnail","7":"category-famosos","8":"tag-celebrities","9":"tag-cindy","10":"tag-crawford","11":"tag-demi","12":"tag-entertainment","13":"tag-entretenimiento","14":"tag-es","15":"tag-espana","16":"tag-famosos","17":"tag-los","18":"tag-moore","19":"tag-spain"},"share_on_mastodon":{"url":"https:\/\/pubeurope.com\/@es\/115479596694845283","error":""},"_links":{"self":[{"href":"https:\/\/www.europesays.com\/es\/wp-json\/wp\/v2\/posts\/214223","targetHints":{"allow":["GET"]}}],"collection":[{"href":"https:\/\/www.europesays.com\/es\/wp-json\/wp\/v2\/posts"}],"about":[{"href":"https:\/\/www.europesays.com\/es\/wp-json\/wp\/v2\/types\/post"}],"author":[{"embeddable":true,"href":"https:\/\/www.europesays.com\/es\/wp-json\/wp\/v2\/users\/2"}],"replies":[{"embeddable":true,"href":"https:\/\/www.europesays.com\/es\/wp-json\/wp\/v2\/comments?post=214223"}],"version-history":[{"count":0,"href":"https:\/\/www.europesays.com\/es\/wp-json\/wp\/v2\/posts\/214223\/revisions"}],"wp:featuredmedia":[{"embeddable":true,"href":"https:\/\/www.europesays.com\/es\/wp-json\/wp\/v2\/media\/214224"}],"wp:attachment":[{"href":"https:\/\/www.europesays.com\/es\/wp-json\/wp\/v2\/media?parent=214223"}],"wp:term":[{"taxonomy":"category","embeddable":true,"href":"https:\/\/www.europesays.com\/es\/wp-json\/wp\/v2\/categories?post=214223"},{"taxonomy":"post_tag","embeddable":true,"href":"https:\/\/www.europesays.com\/es\/wp-json\/wp\/v2\/tags?post=214223"}],"curies":[{"name":"wp","href":"https:\/\/api.w.org\/{rel}","templated":true}]}}