{"id":214225,"date":"2025-11-02T10:19:11","date_gmt":"2025-11-02T10:19:11","guid":{"rendered":"https:\/\/www.europesays.com\/es\/214225\/"},"modified":"2025-11-02T10:19:11","modified_gmt":"2025-11-02T10:19:11","slug":"miguel-ponce-culmina-su-residencia-artistica-en-la-bibi-reus-country","status":"publish","type":"post","link":"https:\/\/www.europesays.com\/es\/214225\/","title":{"rendered":"Miguel Ponce culmina su residencia art\u00edstica en La Bibi + Reus Country"},"content":{"rendered":"<p>El <a href=\"https:\/\/www.ultimahora.es\/etiqueta\/artista.html?utm_source=Inline-tag&amp;utm_medium=internal\" rel=\"nofollow noopener\" target=\"_blank\">artista<\/a> valenciano<strong> Miguel Ponce<\/strong> acaba de culminar su <a href=\"https:\/\/www.ultimahora.es\/etiqueta\/residencia.html?utm_source=Inline-tag&amp;utm_medium=internal\" rel=\"nofollow noopener\" target=\"_blank\">residencia<\/a> en <strong>La Bibi+ Reus<\/strong>, un periodo de trabajo que le permiti\u00f3 concentrarse en la creaci\u00f3n de las piezas nuevas que formar\u00e1n parte de la exposici\u00f3n que inaugurar\u00e1 en diciembre en la galer\u00eda, junto a la artista Paula Valde\u00f3n. Durante su estancia el creador ha aprovechado para desarrollar obras que exploran l\u00edneas formales y crom\u00e1ticas, que ampl\u00edan su lenguaje pict\u00f3rico habitual.<\/p>\n<p>\u00abLo bueno de una residencia es poder estar encerrado produciendo, muy focalizado en la obra\u00bb, explica el artista, que lleg\u00f3 a <strong>La Bibi+Reus<\/strong> con la intenci\u00f3n de preparar su pr\u00f3xima exposici\u00f3n, que a\u00fan no tiene t\u00edtulo. Durante las semanas de trabajo avanz\u00f3 en varias piezas que continuar\u00e1 desarrollando en los pr\u00f3ximos meses. La muestra compartir\u00e1 protagonismo con <strong>Paula Valde\u00f3n<\/strong>, quien expondr\u00e1 por primera vez en el espacio. \u00abEl trabajo de Paula est\u00e1 muy ligado al entorno. Tiene una presencia marcada de lo rural y lo cercano. Creo que la <strong>combinaci\u00f3n<\/strong> entre ambos proyectos resultar\u00e1 interesante\u00bb, comenta el creador.<\/p>\n<p><img loading=\"lazy\" decoding=\"async\" src=\"https:\/\/www.europesays.com\/es\/wp-content\/uploads\/2025\/11\/3541247.jpg\" border=\"0\" alt=\"\" width=\"1639\" height=\"2048\"\/>&#13;<br \/>\nMiguel Ponce durante su estancia en La Bibi + Reus Country de Establiments.&#13;<\/p>\n<p>Para esta nueva muestra, Ponce quiso acercar su pr\u00e1ctica a la <strong>naturaleza y al paisaje<\/strong>, pero tomando como punto de partida la l\u00ednea del horizonte. \u00abMi obra siempre tiende a ser formal, mat\u00e9rica, con una importancia destacada del propio proceso art\u00edstico\u00bb, explica. \u00abEn esta ocasi\u00f3n quer\u00eda vincularla con el paisaje y la naturaleza. Nunca hab\u00eda trabajado con esta gama crom\u00e1tica. Estoy generando una especie de cuadro-ventana con restos de tela y un enfoque cercano al collage\u00bb. Aunque comenz\u00f3 con formatos peque\u00f1os, el artista reconoce que, actualmente, ha ampliado su escala y trabaja ahora con piezas de mayor tama\u00f1o. \u00abEl espacio de <strong>Establiments<\/strong> es muy amplio, as\u00ed que la muestra tendr\u00e1 casi el formato de un solo show ya que habr\u00e1 bastantes piezas tanto m\u00edas como de Paula\u00bb, adelanta. Buena parte de estas obras, resultantes de la residencia, se pudieron ver la semana pasada en un Open Studio donde Ponce pudo compartir los resultados de su estancia, en la que la materia \u00absigue siendo el eje central de mi trabajo, hay ideas que permanecen: el paisaje, la pausa\u2026 pero la forma de trabajar es la misma. <strong>Me gusta que el proceso forme parte de la obra final<\/strong>\u00bb, afirma.<\/p>\n<p>El artista recuerda tambi\u00e9n otras experiencias en residencias para producir obra, como la que realiz\u00f3 en 2021 en la Fundaci\u00f3n Veo Arte, mientras cursaba un m\u00e1ster en Producci\u00f3n Art\u00edstica en la Universidad de Valencia. \u00abFue una <strong>estancia muy productiva<\/strong>. Contaban con talleres de serigraf\u00eda y grabado, y te daban facilidades, adem\u00e1s de una ayuda econ\u00f3mica, algo que es muy importante cuando est\u00e1s empezando. En ese momento fue casi como hacer otro m\u00e1ster o, mejor dicho, completar el que estaba ya cursando en la universidad\u00bb, se\u00f1ala el artista, que anteriormente mostr\u00f3 su trabajo en la antigua galer\u00eda de Paseo Mallorca de <a href=\"https:\/\/www.ultimahora.es\/etiqueta\/Fran+Reus.html?utm_source=Inline-tag&amp;utm_medium=internal\" rel=\"nofollow noopener\" target=\"_blank\">Fran Reus<\/a>, tras su paso por la convocatoria <strong>Panorama<\/strong>.<\/p>\n","protected":false},"excerpt":{"rendered":"El artista valenciano Miguel Ponce acaba de culminar su residencia en La Bibi+ Reus, un periodo de trabajo&hellip;\n","protected":false},"author":2,"featured_media":214226,"comment_status":"","ping_status":"","sticky":false,"template":"","format":"standard","meta":{"footnotes":""},"categories":[173],"tags":[229,1829,233,1830,1831,231,230,209,232,234,146,147,25,24,1833,18736,237,57675,503,1835,10827,23],"class_list":{"0":"post-214225","1":"post","2":"type-post","3":"status-publish","4":"format-standard","5":"has-post-thumbnail","7":"category-arte-y-diseno","8":"tag-arte","9":"tag-arte-en-mallorca","10":"tag-arte-y-diseno","11":"tag-artista","12":"tag-artistas-de-mallorca","13":"tag-arts","14":"tag-arts-and-design","15":"tag-cultura","16":"tag-design","17":"tag-diseno","18":"tag-entertainment","19":"tag-entretenimiento","20":"tag-es","21":"tag-espana","22":"tag-exposicion-de-pintura","23":"tag-fran-reus","24":"tag-pintores","25":"tag-pintores-del-mediterraneo","26":"tag-pintura","27":"tag-pintura-en-mallorca","28":"tag-residencia","29":"tag-spain"},"share_on_mastodon":{"url":"https:\/\/pubeurope.com\/@es\/115479600642957005","error":""},"_links":{"self":[{"href":"https:\/\/www.europesays.com\/es\/wp-json\/wp\/v2\/posts\/214225","targetHints":{"allow":["GET"]}}],"collection":[{"href":"https:\/\/www.europesays.com\/es\/wp-json\/wp\/v2\/posts"}],"about":[{"href":"https:\/\/www.europesays.com\/es\/wp-json\/wp\/v2\/types\/post"}],"author":[{"embeddable":true,"href":"https:\/\/www.europesays.com\/es\/wp-json\/wp\/v2\/users\/2"}],"replies":[{"embeddable":true,"href":"https:\/\/www.europesays.com\/es\/wp-json\/wp\/v2\/comments?post=214225"}],"version-history":[{"count":0,"href":"https:\/\/www.europesays.com\/es\/wp-json\/wp\/v2\/posts\/214225\/revisions"}],"wp:featuredmedia":[{"embeddable":true,"href":"https:\/\/www.europesays.com\/es\/wp-json\/wp\/v2\/media\/214226"}],"wp:attachment":[{"href":"https:\/\/www.europesays.com\/es\/wp-json\/wp\/v2\/media?parent=214225"}],"wp:term":[{"taxonomy":"category","embeddable":true,"href":"https:\/\/www.europesays.com\/es\/wp-json\/wp\/v2\/categories?post=214225"},{"taxonomy":"post_tag","embeddable":true,"href":"https:\/\/www.europesays.com\/es\/wp-json\/wp\/v2\/tags?post=214225"}],"curies":[{"name":"wp","href":"https:\/\/api.w.org\/{rel}","templated":true}]}}