{"id":214227,"date":"2025-11-02T10:21:10","date_gmt":"2025-11-02T10:21:10","guid":{"rendered":"https:\/\/www.europesays.com\/es\/214227\/"},"modified":"2025-11-02T10:21:10","modified_gmt":"2025-11-02T10:21:10","slug":"bailando-con-las-estrellas-sufrio-otra-baja-medica-que-facilito-el-reingreso-de-uno-de-los-concursantes-eliminados","status":"publish","type":"post","link":"https:\/\/www.europesays.com\/es\/214227\/","title":{"rendered":"&#8216;Bailando con las estrellas&#8217; sufri\u00f3 otra baja m\u00e9dica que facilit\u00f3 el reingreso de uno de los concursantes eliminados"},"content":{"rendered":"<p class=\"article-text\">\n        <strong>Sara Escudero<\/strong> y <strong>B\u00e1rbara Rey<\/strong> tuvieron anoche la oportunidad de volver a concursar en <strong>Bailando con las estrellas<\/strong>. Semanas despu\u00e9s de su salida del programa, ayer se les plante\u00f3 la posibilidad de regresar. Simplemente tendr\u00edan que hacer una nueva coreograf\u00eda y esperar al veredicto del p\u00fablico, pero hubo un imprevisto que provoc\u00f3 un giro inesperado: <strong>B\u00e1rbara Rey estaba lesionada<\/strong>.\n    <\/p>\n<p>    <a href=\"https:\/\/www.eldiario.es\/vertele\/noticias\/bulgaria-rumania-vuelven-eurovision-mayor-crisis-festival-participacion-israel_1_12733957.html\" data-mrf-recirculation=\"saber-mas\" data-dl-event=\"saber-mas\" rel=\"nofollow noopener\" target=\"_blank\"><\/p>\n<p class=\"know-more__title\">Bulgaria y Ruman\u00eda vuelven a Eurovisi\u00f3n coincidiendo con la mayor crisis del festival por la participaci\u00f3n de Israel<\/p>\n<p>            <img decoding=\"async\" class=\"lazy\" loading=\"lazy\" data-src=\"https:\/\/static.eldiario.es\/clip\/c74135d5-7ca7-4a95-a962-4c8d21e01099_16-9-aspect-ratio_default_0.jpg\" src=\"data:image\/svg+xml,%3Csvg xmlns=\" http:=\"\" viewbox=\"0 0 880 495\" alt=\"Bulgaria y Ruman\u00eda vuelven a Eurovisi\u00f3n coincidiendo con la mayor crisis del festival por la participaci\u00f3n de Israel\"\/><\/p>\n<p>                        <\/a><\/p>\n<p class=\"article-text\">\n        La vedette ni siquiera pudo acudir al plat\u00f3. Intervino en directo desde su casa, con la pierna en alto. \u201cPens\u00e9 que el dolor se pasar\u00eda, pero no, ha ido a m\u00e1s\u201d, dijo ante los espectadores de Telecinco. <strong>B\u00e1rbara sufri\u00f3 un desgarro muscular mientras practicaba con su profesor de baila la nueva coreograf\u00eda<\/strong>. Necesitar\u00e1 reposo, as\u00ed que no podr\u00e1 optar a la repesca.\n    <\/p>\n<p class=\"article-text\">\n        \u201cEstoy mal psicol\u00f3gicamente y f\u00edsicamente. Pensaba que no me hab\u00eda hecho tanto da\u00f1o, pero me han dicho que tengo un desgarro muscular y que tengo que guardar una semana de baja. Duele much\u00edsimo\u201d, se\u00f1al\u00f3. Dicho esto, anunci\u00f3 que se retira de la competici\u00f3n: \u201cMe sabe muy mal porque este programa es terap\u00e9utico y estaba disfrutando mucho, pero tengo que ser leal a m\u00ed misma y seguir los consejos de mi m\u00e9dico. Adem\u00e1s, yo me sentir\u00eda muy mal si no pudiera trabajar como el resto de mis compa\u00f1eros, porque no estoy recuperada, no ser\u00eda justo. Agradezco mucho la oportunidad que me dais, pero no puedo\u201d.\n    <\/p>\n<p class=\"article-text\">\n        La retirada de B\u00e1rbara Rey allan\u00f3 el camino a Sara Escudero, <strong>que no tuvo que someterse a la temida valoraci\u00f3n del jurado<\/strong>. La humorista regres\u00f3 a la pista de baile con sus compa\u00f1eros sin necesidad de realizar la prueba para la que se hab\u00eda preparado durante las \u00faltimas semanas.\n    <\/p>\n<p>    <a href=\"https:\/\/www.eldiario.es\/vertele\/noticias\/borjamina-dinero-reaccion-en-cadena-mozos-de-arousa-libreria-vilagarcia_1_12733837.html\" data-mrf-recirculation=\"saber-mas-abajo\" data-dl-event=\"saber-mas-abajo\" rel=\"nofollow noopener\" target=\"_blank\"><\/p>\n<p class=\"know-more__title\">Borjamina desvela en qu\u00e9 ha utilizado el dinero que gan\u00f3 en &#8216;Reacci\u00f3n en cadena&#8217;: \u201cYa os lo puedo contar\u201d<\/p>\n<p>            <img decoding=\"async\" class=\"lazy\" loading=\"lazy\" data-src=\"https:\/\/static.eldiario.es\/clip\/70d927fe-120f-4eec-8640-f4c4c5f67fab_16-9-aspect-ratio_default_0.jpg\" src=\"data:image\/svg+xml,%3Csvg xmlns=\" http:=\"\" viewbox=\"0 0 880 495\" alt=\"Borjamina desvela en qu\u00e9 ha utilizado el dinero que gan\u00f3 en 'Reacci\u00f3n en cadena': &quot;Ya os lo puedo contar&quot;\"\/><\/p>\n<p>                        <\/a><\/p>\n<p class=\"article-text\">\n        Los problemas m\u00e9dicos <strong>est\u00e1n siendo una constante<\/strong> en Bailando con las estrellas. La propia Sara Escudero <a href=\"https:\/\/www.eldiario.es\/vertele\/noticias\/bailando-con-las-estrellas-concursantes-nominados-eliminacion-sara-escudero-retirada-lesion_1_12658199.html\" target=\"_blank\" data-mrf-recirculation=\"links-noticia\" class=\"link\" rel=\"nofollow noopener\">tuvo que retirarse<\/a> del concurso despu\u00e9s de sufrir una lesi\u00f3n en los ensayos, y la semana pasada fue Mat\u00edas Roure quien <a href=\"https:\/\/www.eldiario.es\/vertele\/noticias\/bailando-con-las-estrellas-matias-roure-abandona-manu-tenorio-repesca-telecinco_1_12715766.html\" target=\"_blank\" data-mrf-recirculation=\"links-noticia\" class=\"link\" rel=\"nofollow noopener\">anunci\u00f3 que abandonaba<\/a> la competici\u00f3n por el mismo motivo.\n    <\/p>\n","protected":false},"excerpt":{"rendered":"Sara Escudero y B\u00e1rbara Rey tuvieron anoche la oportunidad de volver a concursar en Bailando con las estrellas.&hellip;\n","protected":false},"author":2,"featured_media":214228,"comment_status":"","ping_status":"","sticky":false,"template":"","format":"standard","meta":{"footnotes":""},"categories":[171],"tags":[18558,57676,146,147,25,24,8252,57677,23,214],"class_list":{"0":"post-214227","1":"post","2":"type-post","3":"status-publish","4":"format-standard","5":"has-post-thumbnail","7":"category-tv","8":"tag-bailando-con-las-estrellas","9":"tag-barbara-rey-anuncia-retirada","10":"tag-entertainment","11":"tag-entretenimiento","12":"tag-es","13":"tag-espana","14":"tag-lesion","15":"tag-sara-escudero","16":"tag-spain","17":"tag-tv"},"share_on_mastodon":{"url":"https:\/\/pubeurope.com\/@es\/115479608250708320","error":""},"_links":{"self":[{"href":"https:\/\/www.europesays.com\/es\/wp-json\/wp\/v2\/posts\/214227","targetHints":{"allow":["GET"]}}],"collection":[{"href":"https:\/\/www.europesays.com\/es\/wp-json\/wp\/v2\/posts"}],"about":[{"href":"https:\/\/www.europesays.com\/es\/wp-json\/wp\/v2\/types\/post"}],"author":[{"embeddable":true,"href":"https:\/\/www.europesays.com\/es\/wp-json\/wp\/v2\/users\/2"}],"replies":[{"embeddable":true,"href":"https:\/\/www.europesays.com\/es\/wp-json\/wp\/v2\/comments?post=214227"}],"version-history":[{"count":0,"href":"https:\/\/www.europesays.com\/es\/wp-json\/wp\/v2\/posts\/214227\/revisions"}],"wp:featuredmedia":[{"embeddable":true,"href":"https:\/\/www.europesays.com\/es\/wp-json\/wp\/v2\/media\/214228"}],"wp:attachment":[{"href":"https:\/\/www.europesays.com\/es\/wp-json\/wp\/v2\/media?parent=214227"}],"wp:term":[{"taxonomy":"category","embeddable":true,"href":"https:\/\/www.europesays.com\/es\/wp-json\/wp\/v2\/categories?post=214227"},{"taxonomy":"post_tag","embeddable":true,"href":"https:\/\/www.europesays.com\/es\/wp-json\/wp\/v2\/tags?post=214227"}],"curies":[{"name":"wp","href":"https:\/\/api.w.org\/{rel}","templated":true}]}}