{"id":214234,"date":"2025-11-02T10:26:08","date_gmt":"2025-11-02T10:26:08","guid":{"rendered":"https:\/\/www.europesays.com\/es\/214234\/"},"modified":"2025-11-02T10:26:08","modified_gmt":"2025-11-02T10:26:08","slug":"kandace-springs-cierra-la-primera-semana-del-cartagena-jazz-festival","status":"publish","type":"post","link":"https:\/\/www.europesays.com\/es\/214234\/","title":{"rendered":"Kandace Springs cierra la primera semana del Cartagena Jazz Festival"},"content":{"rendered":"<p class=\"v-mdl-ath__p v-mdl-ath__p--6\">\nDomingo, 2 de noviembre 2025, 00:34<\/p>\n<p class=\"v-p\">El Cartagena Jazz Festival cierra este domingo los conciertos de su primera semana y lo hace con la poderosa voz de Kandace Springs y la energ\u00eda de Gilipojazz. Una jornada con la que seguir disfrutando este g\u00e9nero musical en el El Batel. A partir de las 12.30 en la terraza del auditorio, el Cartagena Jazz Festival se sacude la formalidad con el jazz punk de Gilipojazz, \u00abun tr\u00edo madrile\u00f1o que combina virtuosismo y humor en dosis explosivas\u00bb, explic\u00f3 ayer Eugenio Gonz\u00e1lez, el director del evento. <\/p>\n<p class=\"v-p\">Con su segundo disco, Progresa Adecuadamente, Gilipojazz arrasan en una gira con llenos en todo el pa\u00eds y preparan su salto internacional. Su m\u00fasica mezcla jazz, rock, funk, groove, metal y pura locura esc\u00e9nica, en un espect\u00e1culo teatral y energ\u00e9tico que ha conquistado p\u00fablico y cr\u00edtica. Gilipojazz es un fen\u00f3meno tan irreverente como brillante, dispuesto a poner el auditorio cartagenero patas arriba.<\/p>\n<p>Tradici\u00f3n e innovaci\u00f3n<\/p>\n<p class=\"v-p\">Despu\u00e9s, a partir de las 19 horas, la emoci\u00f3n de Kandace Springs resonar\u00e1 en el auditorio El Batel. \u00abCon una voz que viaja entre el soul cl\u00e1sico, el jazz m\u00e1s refinado y el R&amp;B contempor\u00e1neo, la artista norteamericana recoge el testigo de Nina Simone para hacerlo completamente suyo\u00bb, explic\u00f3 Gonz\u00e1lez. Pianista y cantante de sensibilidad exquisita, Springs ofrece un concierto donde tradici\u00f3n e innovaci\u00f3n se abrazan, donde cada canci\u00f3n se convierte en una experiencia \u00edntima y luminosa. Un viaje sonoro que une belleza, emoci\u00f3n y profundidad.<\/p>\n<p class=\"v-p\">El festival continuar\u00e1 hasta el pr\u00f3ximo 16 de noviembre y recibir\u00e1 a grandes artistas como Paquito D&#8217;Rivera, Gustavo Santaolalla, Tigran Hamasyan, Dorantes y Mois\u00e9s P. S\u00e1nchez, Stacey Kent o Cecile Mclorin Salvant, entre otros artistas.<\/p>\n<p>Reporta un error<\/p>\n","protected":false},"excerpt":{"rendered":"Domingo, 2 de noviembre 2025, 00:34 El Cartagena Jazz Festival cierra este domingo los conciertos de su primera&hellip;\n","protected":false},"author":2,"featured_media":214235,"comment_status":"","ping_status":"","sticky":false,"template":"","format":"standard","meta":{"footnotes":""},"categories":[91],"tags":[4995,500,146,147,25,24,3931,723,57678,1078,773,23,57679],"class_list":{"0":"post-214234","1":"post","2":"type-post","3":"status-publish","4":"format-standard","5":"has-post-thumbnail","7":"category-entretenimiento","8":"tag-cartagena","9":"tag-cierra","10":"tag-entertainment","11":"tag-entretenimiento","12":"tag-es","13":"tag-espana","14":"tag-festival","15":"tag-jazz","16":"tag-kandace","17":"tag-primera","18":"tag-semana","19":"tag-spain","20":"tag-springs"},"share_on_mastodon":{"url":"https:\/\/pubeurope.com\/@es\/115479628086036323","error":""},"_links":{"self":[{"href":"https:\/\/www.europesays.com\/es\/wp-json\/wp\/v2\/posts\/214234","targetHints":{"allow":["GET"]}}],"collection":[{"href":"https:\/\/www.europesays.com\/es\/wp-json\/wp\/v2\/posts"}],"about":[{"href":"https:\/\/www.europesays.com\/es\/wp-json\/wp\/v2\/types\/post"}],"author":[{"embeddable":true,"href":"https:\/\/www.europesays.com\/es\/wp-json\/wp\/v2\/users\/2"}],"replies":[{"embeddable":true,"href":"https:\/\/www.europesays.com\/es\/wp-json\/wp\/v2\/comments?post=214234"}],"version-history":[{"count":0,"href":"https:\/\/www.europesays.com\/es\/wp-json\/wp\/v2\/posts\/214234\/revisions"}],"wp:featuredmedia":[{"embeddable":true,"href":"https:\/\/www.europesays.com\/es\/wp-json\/wp\/v2\/media\/214235"}],"wp:attachment":[{"href":"https:\/\/www.europesays.com\/es\/wp-json\/wp\/v2\/media?parent=214234"}],"wp:term":[{"taxonomy":"category","embeddable":true,"href":"https:\/\/www.europesays.com\/es\/wp-json\/wp\/v2\/categories?post=214234"},{"taxonomy":"post_tag","embeddable":true,"href":"https:\/\/www.europesays.com\/es\/wp-json\/wp\/v2\/tags?post=214234"}],"curies":[{"name":"wp","href":"https:\/\/api.w.org\/{rel}","templated":true}]}}