{"id":214251,"date":"2025-11-02T10:42:10","date_gmt":"2025-11-02T10:42:10","guid":{"rendered":"https:\/\/www.europesays.com\/es\/214251\/"},"modified":"2025-11-02T10:42:10","modified_gmt":"2025-11-02T10:42:10","slug":"asociacion-fotografica-vallisoletana-la-agrupacion-con-mas-objetivos-de-valladolid-el-norte-de-castilla","status":"publish","type":"post","link":"https:\/\/www.europesays.com\/es\/214251\/","title":{"rendered":"Asociaci\u00f3n Fotogr\u00e1fica Vallisoletana: la agrupaci\u00f3n con m\u00e1s objetivos de Valladolid &#8211; El Norte de Castilla"},"content":{"rendered":"<ol>\n<li><a href=\"https:\/\/news.google.com\/rss\/articles\/CBMi0AFBVV95cUxNbFFvenBxalZpeGF6eWFacEFmYlA2OTVoU0J3NFRYVWtQYjFja3NWWTRrbEFGYVo0ZU82M2RUQ2JOR0pEUHl5dFBzZ3N1WWlKZDVVdkFwTGJNR3JsRFAyNHUyRHQ0Y1o3c3pxeDYxaTF4aE5ZZDlQTHkxMkNKZXpsQW5RdDRZanYwUFdGTWVMVFp2TlBRZUQzVkZ4bkJaSmVWSjZaZ2xJQXpEVzJUWXRRUFJLVlVTbUlRRktyODFEa2x4LUVhbEh3WXVFQmw5QUsy0gHWAUFVX3lxTE1MR29ES0o4b1dlUkg4TkJFOGZFdHNMWkc5cFhJUmRQSlYxbnVTTEc0VlBFMXBHeFZCX0w3X1cwa0lraElwUHRPRTdJZ05iOGNfeWRVMGhRTWxFNm03Q0MzSFc5VVZYZkRObVJqSXVQbTdBNGhpbjNEd1BQWmQ4cHVHMFVXTWNTVHdJdXdXMDVGZlVOT2lRRlJRTF85OUhQVnA0UlFqd3VHQmFkZURSaWtLQjlwYk9DbXloUVBTM0ZDTXdKMGZkOUtCYy1zVEhjV2hyTEQySGc?oc=5\" target=\"_blank\" rel=\"nofollow noopener\">Asociaci\u00f3n Fotogr\u00e1fica Vallisoletana: la agrupaci\u00f3n con m\u00e1s objetivos de Valladolid<\/a>&nbsp;&nbsp;El Norte de Castilla<\/li>\n<li><a href=\"https:\/\/news.google.com\/rss\/articles\/CBMifEFVX3lxTFAzNjdaVTI5Wk9TQzVwZG9tdFZyRmJwTllRWUhsRDZjbWdWSVluN1JHYzc0d2lFWG9tU25SYTZCSXA2M2czZWpoT3ZzRDRDQzlacXVQYUFLbDVrTWc0XzJRZHZwSXpTdVhLOTdqLTNKMVJNNjZTTkd3OG1UUXU?oc=5\" target=\"_blank\" rel=\"nofollow noopener\">El discurso de Virginia Ortiz<\/a>&nbsp;&nbsp;EL PA\u00cdS<\/li>\n<li><a href=\"https:\/\/news.google.com\/rss\/articles\/CBMiigFBVV95cUxNOEIzek95dlhxbGwxTzRRSDFqX1RRMFI2c25ZZURwMTlISTZyTGF2Z2VBLUQ1VWdUMUxZN2xia2YwU2FwQkpXUE1aYUFDOGJaVGhnRVhKS2RYTmJGQThPSkVsazNoWF9CTC1zMEFiWkdSbndNdzNBTGhMb3QwTXlORDdlWmtOckxVakE?oc=5\" target=\"_blank\" rel=\"nofollow noopener\">\u00ab\u00bfLeire o Amaia? Yo soy de la Oreja de Xabi\u00bb<\/a>&nbsp;&nbsp;El Diario Vasco<\/li>\n<li><a href=\"https:\/\/news.google.com\/rss\/articles\/CBMi6gFBVV95cUxOYkxqcEstV2NOV3VYYkpCVmh3aHlpUHFDMFJ3RUkxa0hqc25kU25tMDBLVmtoZ0M3ZTJjRU9ZVGkwbWpZMDRiTU9CdXh1WWtEODlnTEhJbVpVWmVGTW51ZWIzamJVMnd0WGljeWh2Nm91OWhvaENKazBFNzI2N2lScHdzbmRabHJ6OUZLbFNuSF9UUXZvZ2xUajBDWHdwMzQwNGhkWXNFZU5RWWFJQWI0Z3B3cTlGNnJ5NUoxdUZPUWduandUREtWTUZRSmNuNG0xNHZ4U2oweTF0OTJBZGV2UFA1cXVzdEdhTGfSAe8BQVVfeXFMTzJ2RGxaSjM5aHV2a3ZfeEpCRWt3SE5CWlMyVGNfTW5WQllZeVk1U2VhamZ4dm55OHZYZ29yVVZzSWNhOGMtSGgyNEZSWmhJLVFtOFRnQmxreU92aDE0M09qN25reUlkSW9EYVhuS3NnN2x1bWg1SVM0VGJFRFU0R0VYcTU3OF95VEtwSEotd1FjRkdoNk1sU0pwZk5ncnhpczhNemVhVXJpaERlbXdZMm11d2dSakxXNllnZlVaVzdZMTJZSDRoa3R1S2EyOWdWZEc1RFhmbGs4ejRGZXV3MU91cWM0SGU2aGFZMThaa0E?oc=5\" target=\"_blank\" rel=\"nofollow noopener\">Una v\u00edctima de la dana critica el saludo a S\u00e1nchez en el funeral: \u00abSi llego a saber que ten\u00eda que darle la mano no habr\u00eda estado\u00bb<\/a>&nbsp;&nbsp;El Espa\u00f1ol<\/li>\n<li><a href=\"https:\/\/news.google.com\/rss\/articles\/CBMiqAFBVV95cUxPdEMtbk9RRlVEZ08zNjFnSmxtclBoNllzdERQNm94S2NQaWY3TnR3Yk1XRHF3Y1hIYk8tY2VwSU9HZnZqdHB4eXFQLU5BNTRUT1YyODFKb251V0hHbnRIelhJU0R0cFJxamN5WnB5QnJNVk04WUF4RXBmc0VKNjduV0NHVXVIZ2hUMThVdnlWbGhBUHZJT3RnRjdBanh5S3pfMW9FQ01ZRjDSAbwBQVVfeXFMTmN1czdOTkEyeTZmTkJ0elZNaS0waFozR2UybmtKb1BrZ2RXZnBOS1lNSTJJTjFvdWlhd1Bpc3lmZzZLUzlFMG9HMkptdlBsZ2pESUJxVGdDcHR3Mm1QbGNWU091ZldBZ2lwbEd2SU5CRGZ0a2MyenJoX0FWV29OQkIyRDNNdFloZjN1QnZlSlROMHpJMGJCeGQ4aV9xOVBuNXpwdDJGNjBLVy1CQ1pJZ2k5SmR3emt0dzJuRWg?oc=5\" target=\"_blank\" rel=\"nofollow noopener\">Se llama dolor en estado puro<\/a>&nbsp;&nbsp;La Raz\u00f3n<\/li>\n<\/ol>\n","protected":false},"excerpt":{"rendered":"Asociaci\u00f3n Fotogr\u00e1fica Vallisoletana: la agrupaci\u00f3n con m\u00e1s objetivos de Valladolid&nbsp;&nbsp;El Norte de Castilla El discurso de Virginia Ortiz&nbsp;&nbsp;EL&hellip;\n","protected":false},"author":2,"featured_media":214252,"comment_status":"","ping_status":"","sticky":false,"template":"","format":"standard","meta":{"footnotes":""},"categories":[173],"tags":[57682,229,233,231,230,7554,232,234,146,147,25,24,18712,26829,23,1607,28913],"class_list":{"0":"post-214251","1":"post","2":"type-post","3":"status-publish","4":"format-standard","5":"has-post-thumbnail","7":"category-arte-y-diseno","8":"tag-agrupacion","9":"tag-arte","10":"tag-arte-y-diseno","11":"tag-arts","12":"tag-arts-and-design","13":"tag-asociacion","14":"tag-design","15":"tag-diseno","16":"tag-entertainment","17":"tag-entretenimiento","18":"tag-es","19":"tag-espana","20":"tag-fotografica","21":"tag-objetivos","22":"tag-spain","23":"tag-valladolid","24":"tag-vallisoletana"},"share_on_mastodon":{"url":"https:\/\/pubeurope.com\/@es\/115479690820489555","error":""},"_links":{"self":[{"href":"https:\/\/www.europesays.com\/es\/wp-json\/wp\/v2\/posts\/214251","targetHints":{"allow":["GET"]}}],"collection":[{"href":"https:\/\/www.europesays.com\/es\/wp-json\/wp\/v2\/posts"}],"about":[{"href":"https:\/\/www.europesays.com\/es\/wp-json\/wp\/v2\/types\/post"}],"author":[{"embeddable":true,"href":"https:\/\/www.europesays.com\/es\/wp-json\/wp\/v2\/users\/2"}],"replies":[{"embeddable":true,"href":"https:\/\/www.europesays.com\/es\/wp-json\/wp\/v2\/comments?post=214251"}],"version-history":[{"count":0,"href":"https:\/\/www.europesays.com\/es\/wp-json\/wp\/v2\/posts\/214251\/revisions"}],"wp:featuredmedia":[{"embeddable":true,"href":"https:\/\/www.europesays.com\/es\/wp-json\/wp\/v2\/media\/214252"}],"wp:attachment":[{"href":"https:\/\/www.europesays.com\/es\/wp-json\/wp\/v2\/media?parent=214251"}],"wp:term":[{"taxonomy":"category","embeddable":true,"href":"https:\/\/www.europesays.com\/es\/wp-json\/wp\/v2\/categories?post=214251"},{"taxonomy":"post_tag","embeddable":true,"href":"https:\/\/www.europesays.com\/es\/wp-json\/wp\/v2\/tags?post=214251"}],"curies":[{"name":"wp","href":"https:\/\/api.w.org\/{rel}","templated":true}]}}