{"id":214264,"date":"2025-11-02T10:51:07","date_gmt":"2025-11-02T10:51:07","guid":{"rendered":"https:\/\/www.europesays.com\/es\/214264\/"},"modified":"2025-11-02T10:51:07","modified_gmt":"2025-11-02T10:51:07","slug":"las-pymes-murcianas-podran-solicitar-hasta-el-19-de-diciembre-las-ayudas-del-cheque-tic","status":"publish","type":"post","link":"https:\/\/www.europesays.com\/es\/214264\/","title":{"rendered":"Las pymes murcianas podr\u00e1n solicitar hasta el 19 de diciembre las ayudas del Cheque TIC"},"content":{"rendered":"<p>La Consejer\u00eda de Empresa, Empleo y Econom\u00eda Social, a trav\u00e9s del Instituto de Fomento (Info), ha puesto en marcha una nueva convocatoria del programa <strong>Cheque TIC (Tecnolog\u00edas de la Informaci\u00f3n y la Comunicaci\u00f3n)<\/strong>, una l\u00ednea de ayudas dotada con <strong>900.000 euros<\/strong> destinada a impulsar la transformaci\u00f3n digital de las pymes murcianas.<\/p>\n<p>\u00a0<\/p>\n<p>El objetivo del programa es <strong>facilitar la incorporaci\u00f3n de tecnolog\u00edas avanzadas<\/strong> que mejoren la competitividad y la eficiencia de las empresas de la Regi\u00f3n, apoyando inversiones en <strong>inteligencia artificial, ciberseguridad, automatizaci\u00f3n industrial, sistemas MES<\/strong> o <strong>gemelos digitales<\/strong>, entre otros \u00e1mbitos.<\/p>\n<p>\u00a0<\/p>\n<p>La consejera de Empresa, Empleo y Econom\u00eda Social, <strong>Marisa L\u00f3pez Arag\u00f3n<\/strong>, subray\u00f3 que \u201cla innovaci\u00f3n tecnol\u00f3gica no puede quedar solo en los grandes sectores industriales; queremos que cada pyme, sea del tama\u00f1o que sea, encuentre en la digitalizaci\u00f3n una palanca para crecer, producir mejor y con m\u00e1s seguridad\u201d.<\/p>\n<p>\u00a0<\/p>\n<p>El <strong>Cheque TIC<\/strong> permite subvencionar hasta el <strong>70% del coste total<\/strong> de los proyectos, con un <strong>m\u00e1ximo de 20.000 euros por empresa<\/strong>. Adem\u00e1s, aquellas iniciativas enmarcadas en sectores estrat\u00e9gicos definidos por la <strong>Estrategia RIS4<\/strong> podr\u00e1n recibir un incremento adicional del 15% en la intensidad de la ayuda.<\/p>\n<p>\u00a0<\/p>\n<p>La convocatoria est\u00e1 <strong>cofinanciada por el Fondo Europeo de Desarrollo Regional (Feder)<\/strong> y permanecer\u00e1 abierta hasta el <strong>19 de diciembre<\/strong>, plazo en el que las pymes interesadas podr\u00e1n presentar sus solicitudes a trav\u00e9s de la <strong>sede electr\u00f3nica del Instituto de Fomento<\/strong>.<\/p>\n<p>\u00a0<\/p>\n<p>Seg\u00fan L\u00f3pez Arag\u00f3n, \u201capostar por la transformaci\u00f3n tecnol\u00f3gica y la innovaci\u00f3n no es una opci\u00f3n, es una condici\u00f3n para competir y crecer. Con el Cheque TIC, el Gobierno de Fernando L\u00f3pez Miras quiere acompa\u00f1ar a las empresas en ese salto de calidad tecnol\u00f3gica que las har\u00e1 m\u00e1s resilientes, sostenibles y productivas\u201d.<\/p>\n","protected":false},"excerpt":{"rendered":"La Consejer\u00eda de Empresa, Empleo y Econom\u00eda Social, a trav\u00e9s del Instituto de Fomento (Info), ha puesto en&hellip;\n","protected":false},"author":2,"featured_media":214265,"comment_status":"","ping_status":"","sticky":false,"template":"","format":"standard","meta":{"footnotes":""},"categories":[80],"tags":[57689,57699,57686,82,57685,13559,57696,57698,57687,57705,95,57703,94,25,24,57691,46616,54161,57695,57701,57690,57692,57704,136,57694,57700,57702,23,57697,57688,57693],"class_list":{"0":"post-214264","1":"post","2":"type-post","3":"status-publish","4":"format-standard","5":"has-post-thumbnail","7":"category-economia","8":"tag-automatizacion-industrial","9":"tag-ayudas-digitales","10":"tag-ayudas-pymes-murcia","11":"tag-business","12":"tag-cheque-tic","13":"tag-ciberseguridad","14":"tag-consejeria-de-empresa","15":"tag-convocatorias-2025","16":"tag-digitalizacion-empresas","17":"tag-digitalizacion-regional","18":"tag-economia","19":"tag-economia-social","20":"tag-economy","21":"tag-es","22":"tag-espana","23":"tag-fondo-feder","24":"tag-fondos-europeos","25":"tag-gemelos-digitales","26":"tag-gobierno-regional-murcia","27":"tag-industria-4-0","28":"tag-info-murcia","29":"tag-innovacion-empresarial","30":"tag-innovacion-murcia","31":"tag-inteligencia-artificial","32":"tag-marisa-lopez-aragon","33":"tag-modernizacion-tecnologica","34":"tag-pymes-region-de-murcia","35":"tag-spain","36":"tag-subvencion-pymes","37":"tag-subvenciones-tecnologia","38":"tag-transformacion-digital-murcia"},"share_on_mastodon":{"url":"","error":"Validation failed: Text character limit of 500 exceeded"},"_links":{"self":[{"href":"https:\/\/www.europesays.com\/es\/wp-json\/wp\/v2\/posts\/214264","targetHints":{"allow":["GET"]}}],"collection":[{"href":"https:\/\/www.europesays.com\/es\/wp-json\/wp\/v2\/posts"}],"about":[{"href":"https:\/\/www.europesays.com\/es\/wp-json\/wp\/v2\/types\/post"}],"author":[{"embeddable":true,"href":"https:\/\/www.europesays.com\/es\/wp-json\/wp\/v2\/users\/2"}],"replies":[{"embeddable":true,"href":"https:\/\/www.europesays.com\/es\/wp-json\/wp\/v2\/comments?post=214264"}],"version-history":[{"count":0,"href":"https:\/\/www.europesays.com\/es\/wp-json\/wp\/v2\/posts\/214264\/revisions"}],"wp:featuredmedia":[{"embeddable":true,"href":"https:\/\/www.europesays.com\/es\/wp-json\/wp\/v2\/media\/214265"}],"wp:attachment":[{"href":"https:\/\/www.europesays.com\/es\/wp-json\/wp\/v2\/media?parent=214264"}],"wp:term":[{"taxonomy":"category","embeddable":true,"href":"https:\/\/www.europesays.com\/es\/wp-json\/wp\/v2\/categories?post=214264"},{"taxonomy":"post_tag","embeddable":true,"href":"https:\/\/www.europesays.com\/es\/wp-json\/wp\/v2\/tags?post=214264"}],"curies":[{"name":"wp","href":"https:\/\/api.w.org\/{rel}","templated":true}]}}