{"id":214272,"date":"2025-11-02T10:59:11","date_gmt":"2025-11-02T10:59:11","guid":{"rendered":"https:\/\/www.europesays.com\/es\/214272\/"},"modified":"2025-11-02T10:59:11","modified_gmt":"2025-11-02T10:59:11","slug":"el-real-murcia-club-de-tenis-campeon-de-espana-absoluto","status":"publish","type":"post","link":"https:\/\/www.europesays.com\/es\/214272\/","title":{"rendered":"El Real Murcia Club de Tenis, campe\u00f3n de Espa\u00f1a absoluto"},"content":{"rendered":"<p><a class=\"v-mdl-ath__fig-a\" href=\"https:\/\/www.laverdad.es\/autor\/fernando-perals-3252.html\" title=\"Fernando Perals\" rel=\"nofollow noopener\" target=\"_blank\"><br \/>\n<img decoding=\"async\" class=\"v-mdl-ath__img\" src=\"https:\/\/www.europesays.com\/es\/wp-content\/uploads\/2025\/08\/autor-3252-foto-3.jpeg\" alt=\"Fernando Perals\"\/><br \/>\n<\/a><\/p>\n<p class=\"v-mdl-ath__p v-mdl-ath__p--6\">\nDomingo, 2 de noviembre 2025, 08:15<\/p>\n<p class=\"v-p\">El Real Murcia Club de Tenis 1919 se proclam\u00f3 ayer ganador del Campeonato de Espa\u00f1a Mapfre de tenis absoluto por equipos masculinos tras vencer por 4-1 al Real Club de Tenis Barcelona 1899. El conjunto local logr\u00f3 imponerse a los catalanes con cuatro contundentes victorias que se resolvieron en solo dos sets. En concreto, Iv\u00e1n Gakhov derrot\u00f3 a Albert Ramos (6-3, 6-2); Javier Barranco venci\u00f3 a \u00c1lex Mart\u00ed (6-3, 6-3) y Ra\u00fal Brancaccio gan\u00f3 a Jorge Plans (6-0, 6-1). El partido que confirm\u00f3 el trofeo para el Real Murcia Club de Tenis 1919 es el que enfrent\u00f3 a Pablo Llamas contra Pol Mart\u00edn Tiff\u00f3n, que termin\u00f3 en un 6-1, 6-4 a favor de los murcianos. <\/p>\n<p class=\"v-p\">El \u00faltimo partido, en el que se med\u00edan en la pista Nikol\u00e1s S\u00e1nchez Izquierdo contra Max Alcal\u00e1, se par\u00f3 cuando el Real Club de Tenis Barcelona 1899 iba ganando 6-2, 2-0, puesto que el resultado del torneo ya estaba determinado con el marcador del resto de los encuentros.<\/p>\n<p class=\"v-p\">Con esta victoria, el Real Murcia Club de Tenis 1919 suma su tercer trofeo en el Campeonato de Espa\u00f1a por equipos masculinos. Anteriormente, se proclam\u00f3 vencedor tanto en 2018 como en 2023.<\/p>\n<p>Reporta un error<\/p>\n","protected":false},"excerpt":{"rendered":"Domingo, 2 de noviembre 2025, 08:15 El Real Murcia Club de Tenis 1919 se proclam\u00f3 ayer ganador del&hellip;\n","protected":false},"author":2,"featured_media":214273,"comment_status":"","ping_status":"","sticky":false,"template":"","format":"standard","meta":{"footnotes":""},"categories":[274],"tags":[11353,5773,1798,168,25,24,1478,798,23,167,327,326],"class_list":{"0":"post-214272","1":"post","2":"type-post","3":"status-publish","4":"format-standard","5":"has-post-thumbnail","7":"category-tenis","8":"tag-absoluto","9":"tag-campeon","10":"tag-club","11":"tag-deportes","12":"tag-es","13":"tag-espana","14":"tag-murcia","15":"tag-real","16":"tag-spain","17":"tag-sports","18":"tag-tenis","19":"tag-tennis"},"share_on_mastodon":{"url":"https:\/\/pubeurope.com\/@es\/115479757827301364","error":""},"_links":{"self":[{"href":"https:\/\/www.europesays.com\/es\/wp-json\/wp\/v2\/posts\/214272","targetHints":{"allow":["GET"]}}],"collection":[{"href":"https:\/\/www.europesays.com\/es\/wp-json\/wp\/v2\/posts"}],"about":[{"href":"https:\/\/www.europesays.com\/es\/wp-json\/wp\/v2\/types\/post"}],"author":[{"embeddable":true,"href":"https:\/\/www.europesays.com\/es\/wp-json\/wp\/v2\/users\/2"}],"replies":[{"embeddable":true,"href":"https:\/\/www.europesays.com\/es\/wp-json\/wp\/v2\/comments?post=214272"}],"version-history":[{"count":0,"href":"https:\/\/www.europesays.com\/es\/wp-json\/wp\/v2\/posts\/214272\/revisions"}],"wp:featuredmedia":[{"embeddable":true,"href":"https:\/\/www.europesays.com\/es\/wp-json\/wp\/v2\/media\/214273"}],"wp:attachment":[{"href":"https:\/\/www.europesays.com\/es\/wp-json\/wp\/v2\/media?parent=214272"}],"wp:term":[{"taxonomy":"category","embeddable":true,"href":"https:\/\/www.europesays.com\/es\/wp-json\/wp\/v2\/categories?post=214272"},{"taxonomy":"post_tag","embeddable":true,"href":"https:\/\/www.europesays.com\/es\/wp-json\/wp\/v2\/tags?post=214272"}],"curies":[{"name":"wp","href":"https:\/\/api.w.org\/{rel}","templated":true}]}}