{"id":214277,"date":"2025-11-02T11:04:09","date_gmt":"2025-11-02T11:04:09","guid":{"rendered":"https:\/\/www.europesays.com\/es\/214277\/"},"modified":"2025-11-02T11:04:09","modified_gmt":"2025-11-02T11:04:09","slug":"de-su-boda-en-la-catedral-de-mallorca-a-compartir-plato-con-su-hermano-joaquin-prat","status":"publish","type":"post","link":"https:\/\/www.europesays.com\/es\/214277\/","title":{"rendered":"de su boda en la Catedral de Mallorca a compartir plat\u00f3 con su hermano Joaqu\u00edn Prat"},"content":{"rendered":"<p>La periodista <strong>Alejandra Prat<\/strong> ha iniciado una nueva etapa profesional en Telecinco como copresentadora del programa &#8216;El tiempo justo&#8217; junto a su hermano <a href=\"https:\/\/www.ultimahora.es\/etiqueta\/Joaqu%C3%ADn+Prat.html?utm_source=Inline-tag&amp;utm_medium=internal\" rel=\"nofollow noopener\" target=\"_blank\">Joaqu\u00edn Prat<\/a>. Este nuevo proyecto marca su consolidaci\u00f3n en la cadena tras haberse incorporado como colaboradora a &#8216;Vamos a ver&#8217; en 2024, despu\u00e9s de un periodo alejada de los focos para dedicarse a su familia. La hija del m\u00edtico presentador Joaqu\u00edn Prat ha demostrado a lo largo de su trayectoria una s\u00f3lida <strong>formaci\u00f3n period\u00edstica<\/strong> y una notable versatilidad profesional, habiendo pasado por diversos formatos televisivos.<\/p>\n<p>Nacida en Dinamarca y <strong>licenciada en Periodismo por la Universidad Europea de Madrid<\/strong>, Alejandra comenz\u00f3 su andadura profesional en &#8216;D\u00eda a d\u00eda&#8217; bajo la tutela de Mar\u00eda Teresa Campos. Posteriormente, trabaj\u00f3 con Ana Rosa Quintana durante varias temporadas y particip\u00f3 en 2003 en la primera edici\u00f3n espa\u00f1ola del reality &#8216;La isla de los Famosos&#8217; de Antena 3. Tambi\u00e9n ejerci\u00f3 como reportera en diversos desfiles de Cibeles Madrid Fashion Week. Tras un par\u00e9ntesis voluntario para centrarse en su vida familiar, regres\u00f3 a la televisi\u00f3n en 2022 de la mano de Sonsoles \u00d3nega en el programa &#8216;Y ahora Sonsoles&#8217; de Antena 3, demostrando que su talento ante las c\u00e1maras permanec\u00eda intacto.<\/p>\n<p>En el \u00e1mbito personal, <strong>la periodista contrajo matrimonio con Juan Manuel Alcaraz<\/strong> el <a title=\"Alejandra Prat recuerda su boda en la Seu: \u00abNo se me ocurr\u00eda un escenario mejor\u00bb\" href=\"https:\/\/www.ultimahora.es\/vips\/quiosco-rosa\/2023\/11\/27\/2058099\/alejandra-prat-recuerda-boda-mallorca-ocurria-escenario-mejor.html?utm_source=Related&amp;utm_medium=internal\" data-model=\"Noticia\" data-value=\"2058099\" rel=\"nofollow noopener\" target=\"_blank\">22 de junio de 2007<\/a> en un marco tan emblem\u00e1tico como la Catedral de Mallorca. \u00abNo se me ocurr\u00eda un escenario mejor para casarme. Mallorca es el lugar donde he veraneado toda mi vida, las cenizas de mi padre reposan all\u00ed y todos los recuerdos que tengo de la isla son maravillosos\u00bb, confesaba en una entrevista concedida a Vanitatis. De esta uni\u00f3n han nacido tres hijos: Adriana, Alejandro y Amaro, quienes fueron la principal raz\u00f3n por la que la comunicadora decidi\u00f3 apartarse temporalmente del mundo de la televisi\u00f3n.<\/p>\n<p>La propia Alejandra ha explicado los motivos que la llevaron a alejarse de los focos medi\u00e1ticos durante varios a\u00f1os. \u00abYo dej\u00e9 de trabajar porque quer\u00eda dedicarme a mi familia y a mis hijos, porque me satisfac\u00eda el hecho de estar con mi familia y mis ni\u00f1os. Nadie me lo pidi\u00f3. Lo hice porque yo quise\u00bb, ha manifestado la periodista, <strong>dejando claro que fue una elecci\u00f3n personal<\/strong> y no una imposici\u00f3n externa. Esta decisi\u00f3n muestra la determinaci\u00f3n de Alejandra por establecer sus propias prioridades vitales, algo que no siempre resulta sencillo en un sector tan exigente como el audiovisual.<\/p>\n<p>Su regreso a la televisi\u00f3n se produjo primero con su incorporaci\u00f3n al equipo de &#8216;Y ahora Sonsoles&#8217; en Antena 3 durante 2022, para posteriormente dar el salto a Telecinco en 2024 como colaboradora de &#8216;Vamos a ver&#8217; y despu\u00e9s trabajar en &#8216;El tiempo justo&#8217;. La incorporaci\u00f3n de Alejandra Prat a este formato como copresentadora junto a su hermano Joaqu\u00edn representa la continuidad de un importante legado televisivo iniciado por su padre, Joaqu\u00edn Prat, uno de los presentadores m\u00e1s carism\u00e1ticos y queridos de la televisi\u00f3n espa\u00f1ola.<\/p>\n<p>Este nuevo t\u00e1ndem familiar en Telecinco rememora, de alg\u00fan modo, <strong>la huella dejada por el patriarca de la familia<\/strong>, fallecido en 1995 y cuyas cenizas descansan precisamente en Mallorca, isla que tantos recuerdos evoca para Alejandra. La qu\u00edmica entre hermanos promete ser uno de los principales atractivos del formato, aunando la experiencia y solidez de Joaqu\u00edn Prat, ya consolidado como uno de los rostros m\u00e1s reconocibles de la cadena, con la frescura y profesionalidad de Alejandra. Este reencuentro profesional supone adem\u00e1s un interesante giro en la carrera de ambos, <strong>quienes hasta ahora hab\u00edan desarrollado trayectorias separadas<\/strong> pese a compartir vocaci\u00f3n y apellido.<\/p>\n","protected":false},"excerpt":{"rendered":"La periodista Alejandra Prat ha iniciado una nueva etapa profesional en Telecinco como copresentadora del programa &#8216;El tiempo&hellip;\n","protected":false},"author":2,"featured_media":214278,"comment_status":"","ping_status":"","sticky":false,"template":"","format":"standard","meta":{"footnotes":""},"categories":[174],"tags":[5233,255,146,147,25,24,256,10403,12648,8494,25283,25281,25282,23],"class_list":{"0":"post-214277","1":"post","2":"type-post","3":"status-publish","4":"format-standard","5":"has-post-thumbnail","7":"category-famosos","8":"tag-audiencias-um","9":"tag-celebrities","10":"tag-entertainment","11":"tag-entretenimiento","12":"tag-es","13":"tag-espana","14":"tag-famosos","15":"tag-famosos-en-mallorca","16":"tag-ia-news","17":"tag-joaquin-prat","18":"tag-parejas-de-famosos","19":"tag-prensa-rosa","20":"tag-quiosco-rosa","21":"tag-spain"},"share_on_mastodon":{"url":"https:\/\/pubeurope.com\/@es\/115479777524649722","error":""},"_links":{"self":[{"href":"https:\/\/www.europesays.com\/es\/wp-json\/wp\/v2\/posts\/214277","targetHints":{"allow":["GET"]}}],"collection":[{"href":"https:\/\/www.europesays.com\/es\/wp-json\/wp\/v2\/posts"}],"about":[{"href":"https:\/\/www.europesays.com\/es\/wp-json\/wp\/v2\/types\/post"}],"author":[{"embeddable":true,"href":"https:\/\/www.europesays.com\/es\/wp-json\/wp\/v2\/users\/2"}],"replies":[{"embeddable":true,"href":"https:\/\/www.europesays.com\/es\/wp-json\/wp\/v2\/comments?post=214277"}],"version-history":[{"count":0,"href":"https:\/\/www.europesays.com\/es\/wp-json\/wp\/v2\/posts\/214277\/revisions"}],"wp:featuredmedia":[{"embeddable":true,"href":"https:\/\/www.europesays.com\/es\/wp-json\/wp\/v2\/media\/214278"}],"wp:attachment":[{"href":"https:\/\/www.europesays.com\/es\/wp-json\/wp\/v2\/media?parent=214277"}],"wp:term":[{"taxonomy":"category","embeddable":true,"href":"https:\/\/www.europesays.com\/es\/wp-json\/wp\/v2\/categories?post=214277"},{"taxonomy":"post_tag","embeddable":true,"href":"https:\/\/www.europesays.com\/es\/wp-json\/wp\/v2\/tags?post=214277"}],"curies":[{"name":"wp","href":"https:\/\/api.w.org\/{rel}","templated":true}]}}