{"id":214279,"date":"2025-11-02T11:05:11","date_gmt":"2025-11-02T11:05:11","guid":{"rendered":"https:\/\/www.europesays.com\/es\/214279\/"},"modified":"2025-11-02T11:05:11","modified_gmt":"2025-11-02T11:05:11","slug":"annie-leibovitz-la-fotografa-viva-mejor-pagada-del-mundo-aterriza-en-la-fundacion-marta-ortega-con-imagenes-ineditas","status":"publish","type":"post","link":"https:\/\/www.europesays.com\/es\/214279\/","title":{"rendered":"Annie Leibovitz, la fot\u00f3grafa viva mejor pagada del mundo, aterriza en la Fundaci\u00f3n Marta Ortega con im\u00e1genes in\u00e9ditas"},"content":{"rendered":"<p class=\"paragraph\" id=\"paragraph_1\">Algunas de\u00a0las\u00a0<strong>im\u00e1genes m\u00e1s ic\u00f3nicas de la fotograf\u00eda contempor\u00e1nea<\/strong>,\u00a0del\u00a0retrato art\u00edstico al documental pasando por la moda,\u00a0llevan su firma.\u00a0John y Yoko en la cama para la portada de\u00a0Rolling Stone\u00a0(1980) horas antes de que el cantautor fuera asesinado, una joven Whoopi Goldberg sumergida en una ba\u00f1era de leche (1984).<\/p>\n<p class=\"paragraph\" id=\"paragraph_2\">Tambi\u00e9n Demi Moore, desnuda y embarazada en la portada de\u00a0Vanity Fair\u00a0(1991). Leonardo DiCaprio con un cisne enroscado en el cuello (1997), la reina Isabel II en el Palacio de Buckingham (2007) o la actriz Pen\u00e9lope Cruz interpretando a Bella, de\u00a0La Bella y la Bestia, para una campa\u00f1a de Disney (2011)\u2026\u00a0<\/p>\n<p class=\"paragraph\" id=\"paragraph_3\">Todas definen escenas \u00edntimas o conceptuales pero, sin duda, forman parte de la historia y han contribuido a que la artista tras el objetivo exprese al mundo su propio punto de vista.\u00a0Anna Lou (Annie) Leibovitz\u00a0(Connecticut, 1949) protagoniza\u00a0<strong>desde el 22 de noviembre<\/strong>\u00a0la muestra n\u00famero 6 organizada por la Fundaci\u00f3n MOP en A Coru\u00f1a dentro del programa de grandes exposiciones de fotograf\u00eda.<\/p>\n<p><img loading=\"lazy\" decoding=\"async\" alt=\"La pr\u00f3xima exposici\u00f3n de la Fundaci\u00f3n Marta Ortega en A Coru\u00f1a ser\u00e1 de Annie Leibovitz\" height=\"180\" src=\"https:\/\/www.europesays.com\/es\/wp-content\/uploads\/2025\/11\/1003743920151_258608830_320x180.jpg\" width=\"320\" data-lazy-status=\"processed\" data-lazy-info=\"remove loading item 1\"\/><\/p>\n<p class=\"paragraph\" id=\"paragraph_4\">Por el Muelle de Bater\u00eda ha pasado el trabajo de Peter Lindberg, Steven Meisel, Helmut Newton, Irving Penn y David Bailey. Leibovitz es la primera mujer en tener su espacio dentro de este marco y, adem\u00e1s, ser\u00e1 la<strong>\u00a0primera gran retrospectiva sobre su trabajo en Espa\u00f1a.<\/strong>\u00a0<\/p>\n<p class=\"paragraph\" id=\"paragraph_5\">A trav\u00e9s de su lente, el p\u00fablico se sumergir\u00e1 en un mundo de celebridades y personajes hist\u00f3ricos. Pero, m\u00e1s all\u00e1 de eso, tambi\u00e9n entrar\u00e1 en universos contados desde su perspectiva. Como ha dicho Bruce Sprinsteen en alguna ocasi\u00f3n: \u201cLa forma en la que ella te muestre ser\u00e1 la forma en la que el mundo te ver\u00e1\u201d.\u00a0<\/p>\n<p>Repaso a sus or\u00edgenes\u00a0<\/p>\n<p class=\"paragraph\" id=\"paragraph_6\">A lo largo de su prol\u00edfica carrera \u2014lleva m\u00e1s de 55 a\u00f1os disparando su objetivo\u2014,\u00a0el retrato documental y el lenguaje art\u00edstico han ido fundi\u00e9ndose en uno, evolucionando hacia algo mucho m\u00e1s conceptual y, sin embargo, contando grandes historias para el gran p\u00fablico.\u00a0<\/p>\n<p><img decoding=\"async\" alt=\"Retrato de la fot\u00f3grafa estadounidense.\" height=\"1279\" loading=\"lazy\" width=\"1706\" data-lazy-status=\"processed\" id=\"6e2f5ab51f\" src=\"https:\/\/www.elespanol.com\/mujer\/protagonistas\/20251102\/annie-leibovitz-fotografa-viva-mejor-pagada-mundo-aterriza-fundacion-marta-ortega-imagenes-ineditas\/[\" https:=\"\" data-lazy-info=\"changed src\"\/><\/p>\n<p>                                                            Retrato de la fot\u00f3grafa estadounidense.<\/p>\n<p>                    \u00a9 Annie Leibovitz<\/p>\n<p class=\"paragraph\" id=\"paragraph_7\">En alguna ocasi\u00f3n,\u00a0ella misma ha recordado su vida \u201ca trav\u00e9s del encuadre de una ventanilla de coche\u201d,\u00a0quiz\u00e1s debido a una infancia repleta de viajes por la profesi\u00f3n de su padre, que era militar.\u00a0<\/p>\n<p class=\"paragraph\" id=\"paragraph_8\">Cuando a\u00fan estudiaba Bellas Artes en el Instituto De Arte de San Francisco, comenz\u00f3 a colaborar con\u00a0<strong>Rolling Stone.\u00a0<\/strong>Poco despu\u00e9s, en 1973, fue\u00a0<strong>nombrada<\/strong>\u00a0<strong>jefa de fotograf\u00eda\u00a0<\/strong>de la revista. Una d\u00e9cada despu\u00e9s, se estrenaba como<strong>\u00a0retratista para\u00a0Vanity Fair<\/strong>.\u00a0<\/p>\n<p class=\"paragraph\" id=\"paragraph_9\">\u201cEleg\u00ed llamarme fot\u00f3grafa de retratos porque siempre me estaban poniendo etiquetas. Cuando trabajaba en\u00a0Rolling Stone\u00a0era fot\u00f3grafa de\u00a0rock and roll; en\u00a0Vanity Fair, de celebridades. Pero\u00a0<strong>yo s\u00f3lo soy una fot\u00f3grafa<\/strong>\u201d, dijo para ArtReview Asia durante la inauguraci\u00f3n de una exposici\u00f3n en Hong Kong hace algunos a\u00f1os.\u00a0<\/p>\n<p>Tocada por Anna Wintour\u00a0<\/p>\n<p class=\"paragraph\" id=\"paragraph_10\">Desde finales de los 80, es colaboradora estrella y retratista habitual de la revista\u00a0<strong>Vogue<\/strong>, donde ha realizado portadas y editoriales ic\u00f3nicos con figuras como Nicole Kidman, Cate Blanchett, Rihanna, Serena Williams o Lady Gaga.\u00a0<\/p>\n<p class=\"paragraph\" id=\"paragraph_11\">\u201cEs la mejor que tenemos en America y lo m\u00e1s extraordinario de Annie es que no se reconoce as\u00ed\u201d, ha dicho Anna Wintour sobre ella en una entrevista con James Corden. Le debe mucho a Leibovitz, pero ocurre lo mismo en la direcci\u00f3n opuesta. En innumerables ocasiones, la primera ha ejercido de voz, reivindicando su arte y poniendo en palabras el sentir del p\u00fablico al contemplar sus obras.\u00a0<\/p>\n<p class=\"paragraph\" id=\"paragraph_12\">De hecho, en un momento de su fruct\u00edfera relaci\u00f3n laboral, la que fuera directora de Vogue America durante 37 a\u00f1os, durante el acto en el que la fot\u00f3grafa fue\u00a0<strong>nombrada miembro de la Academia francesa de Bellas Artes en 2024<\/strong>, dijo: \u201cMientras otros segu\u00edan l\u00edneas tradicionales, sus retratos estaban salvajemente al l\u00edmite. Su don es la capacidad de capturar la esencia del personaje\u201d.\u00a0<\/p>\n<p>Su\u00a0Pa\u00eds de las Maravillas\u00a0<\/p>\n<p class=\"paragraph\" id=\"paragraph_13\"><strong>Wonderland<\/strong>\u00a0es el nombre del editorial que la revista le encarg\u00f3 en 2003 y que protagoniz\u00f3 la modelo Natalia Vodianova con la inspiraci\u00f3n de\u00a0Alicia en el Pa\u00eds de las Maravillas. A\u00f1os m\u00e1s tarde, en 2021, y bajo el mismo t\u00edtulo, Phaidon public\u00f3 un libro con series fotogr\u00e1ficas que resum\u00edan en el gran talento de la americana para la fotograf\u00eda de moda.\u00a0<\/p>\n<p class=\"paragraph\" id=\"paragraph_14\">\u201cMi trabajo para Vogue prendi\u00f3 la mecha para un tipo de fotograf\u00eda que de otro modo quiz\u00e1s jam\u00e1s hubiera explorado\u201d, dice en el libro. Ahora,\u00a0Wonderland\u00a0da nombre a esta muestra, la primera retrospectiva sobre ella que se hace en Espa\u00f1a, como una manera de resumir en una sola palabra la clave de su trabajo.\u00a0<\/p>\n<p class=\"paragraph\" id=\"paragraph_15\">En este sentido, reconocida por su narrativa cultural, las instant\u00e1neas de Annie Leibovitz tienen que ver con capturar y preservar el mundo, con conocimiento profundo de lo que ve para poder contarlo con una imagen. Su trabajo nunca ha dejado de estar anclado a la tierra, derrochando verdad; sin embargo, tambi\u00e9n se dejaba llevar por la imaginaci\u00f3n, sin apartarse del realismo, pero aportando un punto de vista. El suyo.\u00a0<\/p>\n<p class=\"paragraph\" id=\"paragraph_16\">En este sentido, gracias a ese discurso art\u00edstico y talento para encapsular la realidad, nuestro pa\u00eds ya ha reconocido su trabajo con galardones de prestigio, entre ellos el\u00a0<strong>Premio Pr\u00edncipe de Asturias de Comunicaci\u00f3n y Humanidades<\/strong>, que recibi\u00f3 en 2013.\u00a0<\/p>\n<p><img decoding=\"async\" alt=\"La fot\u00f3grafa Annie Leibovitz recibi\u00f3 el Premio Pr\u00edncipe de Asturias de Comunicaci\u00f3n y Humanidades en 2013.\" data-imgm=\"true\" height=\"180\" loading=\"lazy\"  src=\"https:\/\/www.europesays.com\/es\/wp-content\/uploads\/2025\/11\/1003743995426_259699390_1024x576.jpg\"  width=\"320\"\/><\/p>\n<p>                                                            La fot\u00f3grafa Annie Leibovitz recibi\u00f3 el Premio Pr\u00edncipe de Asturias de Comunicaci\u00f3n y Humanidades en 2013.<\/p>\n<p>                    Getty Images<\/p>\n<p>C\u00f3mo recorrer la exposici\u00f3n<\/p>\n<p class=\"paragraph\" id=\"paragraph_18\">La exhibici\u00f3n monogr\u00e1fica sobre la artista americana se articula en\u00a0<strong>cuatro secciones<\/strong>\u00a0diferentes que nunca antes se han presentado de manera conjunta en una misma muestra.\u00a0<\/p>\n<p class=\"paragraph\" id=\"paragraph_19\">En primer lugar, el visitante se adentrar\u00e1 en una instalaci\u00f3n inversiva para tratar de revivir la historia y el trabajo al lado de The Rolling Stones, banda de m\u00fasica que la solicit\u00f3 para documentar su gira en 1975.\u00a0<strong>Fue<\/strong>\u00a0<strong>el propio Mick Jagger quien le pidi\u00f3 que ella fuera \u201csu Henry Cartier Bresson\u201d.\u00a0<\/strong><\/p>\n<p class=\"paragraph\" id=\"paragraph_20\">Esta primera secci\u00f3n no s\u00f3lo recrea la atm\u00f3sfera de los conciertos y ensayos, sino que tambi\u00e9n permite a los asistentes explorar el proceso creativo de Leibovitz, mostrando c\u00f3mo capturaba la energ\u00eda y la personalidad de los m\u00fasicos, en escena, desde el\u00a0backstage\u00a0o en los hoteles, a trav\u00e9s de su lente.\u00a0<\/p>\n<p><img decoding=\"async\" alt=\"Annie Leibovitz en una fotograf\u00eda de archivo.\" data-imgm=\"true\" height=\"180\" loading=\"lazy\"  src=\"https:\/\/www.europesays.com\/es\/wp-content\/uploads\/2025\/11\/1003743995443_259699725_1024x576.jpg\"  width=\"320\"\/><\/p>\n<p>                                                            Annie Leibovitz en una fotograf\u00eda de archivo.<\/p>\n<p>                    Getty Images<\/p>\n<p class=\"paragraph\" id=\"paragraph_21\">Los Rolling Stones marcan el comienzo de una historia particular de la artista con el mundo de la m\u00fasica (igual que lo hizo con el del deporte, la pol\u00edtica, las artes y la realeza). As\u00ed, no fueron los \u00fanicos a los que captur\u00f3 Leibovitz. Le siguieron otros como\u00a0<strong>John Lennon, Bob Dylan, Patti Smith y Keith Richards<\/strong>, entre otros.\u00a0<\/p>\n<p class=\"paragraph\" id=\"paragraph_22\">En 2024,\u00a0<strong>fue Rihanna la cantante que se puso frente a su objetivo en la ciudad de la Habana\u00a0<\/strong>y el resultado forma parte de la muestra. Cada retrato revela un enfoque \u00fanico: desde la intimidad de las escenas hasta la fuerza y el car\u00e1cter los personajes que las protagonizan, mostrando la capacidad de Leibovitz para conectar con sus sujetos y reflejar su esencia en im\u00e1genes que se han convertido en iconos culturales.\u00a0<\/p>\n<p class=\"paragraph\" id=\"paragraph_23\">Para muestra, las instant\u00e1neas repletas de fantas\u00eda y cierto sentido del humor en las que, por ejemplo,\u00a0<strong>Sarah Jessica Parker\u00a0<\/strong>posa delante de una monta\u00f1a de almohadas en el Hotel Plaza de Nueva York; o\u00a0<strong>Ben Stiller<\/strong>, rodeado de las tops Karolina Kurkova, Jacquetta Weeler y Stella Tennant, entre otras, luciendo cornamenta de ciervo.\u00a0<\/p>\n<p>Su discurso narrativo\u00a0<\/p>\n<p class=\"paragraph\" id=\"paragraph_24\">Adem\u00e1s, a trav\u00e9s de las dos siguientes secciones, denominadas\u00a0<strong>Early Years<\/strong>\u00a0(primeros a\u00f1os) y<strong>\u00a0<\/strong><strong>Stream of Consciousness<\/strong>\u00a0(flujo de conciencia), la muestra ofrece una visi\u00f3n completa del impacto de Leibovitz en la fotograf\u00eda contempor\u00e1nea, de su t\u00e9cnica narrativa.<\/p>\n<p class=\"paragraph\" id=\"paragraph_25\">Destacan, de esta forma,\u00a0<strong>su habilidad para capturar momentos que trascienden el tiempo y la cultura trasladando sensaciones, impulsos y experiencias\u00a0<\/strong>al p\u00fablico a trav\u00e9s de sus producciones.\u00a0<\/p>\n<p class=\"paragraph\" id=\"paragraph_26\">En palabras de\u00a0<strong>Marta<\/strong>\u00a0<strong>Ortega<\/strong>, presidenta de la fundaci\u00f3n MOP (Marta Ortega P\u00e9rez), \u201cme entusiasma que sea la primera mujer en presentar su trabajo dentro de nuestro programa de grandes exposiciones de fotograf\u00eda en A Coru\u00f1a\u00bb.<\/p>\n<p class=\"paragraph\" id=\"paragraph_27\">A lo largo de su carrera, a\u00f1ade la directiva de Inditex, \u00abha sido una extraordinaria representante de las mujeres de todas las edades. En particular,\u00a0<strong>sus im\u00e1genes de mujeres mayores son de una dignidad y belleza sin parang\u00f3n<\/strong>\u201d.\u00a0<\/p>\n<p class=\"paragraph\" id=\"paragraph_28\">Este mismo a\u00f1o ve\u00edamos a la artista estadounidense,<strong>\u00a0considerada la fot\u00f3grafa viva m\u00e1s conocida (y mejor pagada) del mundo<\/strong>, junto a los reyes Felipe VI y Do\u00f1a Letizia.<\/p>\n<p><img decoding=\"async\" alt=\"El d\u00edptico de los reyes Felipe VI y Letizia realizado por Annie Leibovitz el pasado 7 de febrero en el Palacio Real.\" height=\"180\" loading=\"lazy\" width=\"320\" data-lazy-status=\"processed\" id=\"1c4deb9ccc\" src=\"https:\/\/www.elespanol.com\/mujer\/protagonistas\/20251102\/annie-leibovitz-fotografa-viva-mejor-pagada-mundo-aterriza-fundacion-marta-ortega-imagenes-ineditas\/[\" https:=\"\" data-lazy-info=\"changed src\"\/><\/p>\n<p class=\"paragraph\" id=\"paragraph_29\">Encargada de acometer los nuevos retratos de los monarcas para el Banco de Espa\u00f1a (instituci\u00f3n que ha pagado 137.000 euros por cada uno), se reunieron en febrero para presentar\u00a0<strong>el resultado de su trabajo, que puede verse hoy en la sede de Cibeles.\u00a0<\/strong><\/p>\n<p><img decoding=\"async\" alt=\"Obra de la artista.\" height=\"1142\" loading=\"lazy\" width=\"1706\" data-lazy-status=\"processed\" id=\"52afba289b\" src=\"https:\/\/www.elespanol.com\/mujer\/protagonistas\/20251102\/annie-leibovitz-fotografa-viva-mejor-pagada-mundo-aterriza-fundacion-marta-ortega-imagenes-ineditas\/[\" https:=\"\" data-lazy-info=\"changed src\"\/><\/p>\n<p>                                                            Obra de la artista.<\/p>\n<p>                    \u00a9 Annie Leibovitz<\/p>\n<p class=\"paragraph\" id=\"paragraph_30\">La exposici\u00f3n, como si dejara parte de lo mejor para el final,\u00a0<strong>concluye con la secci\u00f3n\u00a0Wonderland,\u00a0que, adem\u00e1s, da nombre a toda la muestra.<\/strong>\u00a0<\/p>\n<p class=\"paragraph\" id=\"paragraph_31\">A trav\u00e9s de<strong>\u00a0100 im\u00e1genes, muchas no expuestas anteriormente<\/strong>, e instalaciones de video, el p\u00fablico confirmar\u00e1 la capacidad de la americana a la hora de encontrar el enclave perfecto y el personaje id\u00f3neo que protagonice sus escenas de moda. Como Pen\u00e9lope Cruz en la portada de Vanity Fair Italia en 2008 o Zendaya para Vogue America en 2024.<\/p>\n","protected":false},"excerpt":{"rendered":"Algunas de\u00a0las\u00a0im\u00e1genes m\u00e1s ic\u00f3nicas de la fotograf\u00eda contempor\u00e1nea,\u00a0del\u00a0retrato art\u00edstico al documental pasando por la moda,\u00a0llevan su firma.\u00a0John y&hellip;\n","protected":false},"author":2,"featured_media":214280,"comment_status":"","ping_status":"","sticky":false,"template":"","format":"standard","meta":{"footnotes":""},"categories":[173],"tags":[37067,229,233,231,230,232,234,146,147,25,24,244,37261,6874,23],"class_list":{"0":"post-214279","1":"post","2":"type-post","3":"status-publish","4":"format-standard","5":"has-post-thumbnail","7":"category-arte-y-diseno","8":"tag-annie-leibovitz","9":"tag-arte","10":"tag-arte-y-diseno","11":"tag-arts","12":"tag-arts-and-design","13":"tag-design","14":"tag-diseno","15":"tag-entertainment","16":"tag-entretenimiento","17":"tag-es","18":"tag-espana","19":"tag-fotografia","20":"tag-marta-ortega","21":"tag-protagonistas","22":"tag-spain"},"share_on_mastodon":{"url":"https:\/\/pubeurope.com\/@es\/115479781632701160","error":""},"_links":{"self":[{"href":"https:\/\/www.europesays.com\/es\/wp-json\/wp\/v2\/posts\/214279","targetHints":{"allow":["GET"]}}],"collection":[{"href":"https:\/\/www.europesays.com\/es\/wp-json\/wp\/v2\/posts"}],"about":[{"href":"https:\/\/www.europesays.com\/es\/wp-json\/wp\/v2\/types\/post"}],"author":[{"embeddable":true,"href":"https:\/\/www.europesays.com\/es\/wp-json\/wp\/v2\/users\/2"}],"replies":[{"embeddable":true,"href":"https:\/\/www.europesays.com\/es\/wp-json\/wp\/v2\/comments?post=214279"}],"version-history":[{"count":0,"href":"https:\/\/www.europesays.com\/es\/wp-json\/wp\/v2\/posts\/214279\/revisions"}],"wp:featuredmedia":[{"embeddable":true,"href":"https:\/\/www.europesays.com\/es\/wp-json\/wp\/v2\/media\/214280"}],"wp:attachment":[{"href":"https:\/\/www.europesays.com\/es\/wp-json\/wp\/v2\/media?parent=214279"}],"wp:term":[{"taxonomy":"category","embeddable":true,"href":"https:\/\/www.europesays.com\/es\/wp-json\/wp\/v2\/categories?post=214279"},{"taxonomy":"post_tag","embeddable":true,"href":"https:\/\/www.europesays.com\/es\/wp-json\/wp\/v2\/tags?post=214279"}],"curies":[{"name":"wp","href":"https:\/\/api.w.org\/{rel}","templated":true}]}}