{"id":214287,"date":"2025-11-02T11:11:12","date_gmt":"2025-11-02T11:11:12","guid":{"rendered":"https:\/\/www.europesays.com\/es\/214287\/"},"modified":"2025-11-02T11:11:12","modified_gmt":"2025-11-02T11:11:12","slug":"aguacate-en-temporada-como-incluirlo-en-tu-dieta-con-sentido-comun","status":"publish","type":"post","link":"https:\/\/www.europesays.com\/es\/214287\/","title":{"rendered":"Aguacate en temporada: c\u00f3mo incluirlo en tu dieta con sentido com\u00fan"},"content":{"rendered":"<p class=\"parrafo\">Una encuesta realizada por la Organizaci\u00f3n Mundial del Aguacate revel\u00f3 que<strong> el 56% de los espa\u00f1oles comen al menos un aguacate a la semana<\/strong>. De los pa\u00edses encuestados (Italia, Alemania, Francia, Reino Unido y Espa\u00f1a), nuestro pa\u00eds es el que hace mayor consumo medio de aguacates, con una media de 1,3 piezas a la semana, siendo muy com\u00fan entre las generaciones m\u00e1s j\u00f3venes. <strong>Y, aunque su temporada var\u00eda seg\u00fan la variedad y la zona de producci\u00f3n, en Espa\u00f1a su cosecha se concentra entre los meses de octubre y mayo, por lo que no tienes excusa para a\u00f1adir este alimento a tu dieta diaria.<\/strong><\/p>\n<p>C\u00f3mo incluir el aguacate en tu dieta diaria<\/p>\n<p class=\"parrafo\">Inma Palma, directora del Grado de Nutrici\u00f3n Humana y Diet\u00e9tica de la Facultad de Ciencias de la Salud Blanquena-Universitat Ramon Llull explica para la<a href=\"https:\/\/www.academianutricionydietetica.org\/que-comer\/valor-nutricional-aguacate\/\" class=\"intext-link\" rel=\"nofollow noopener\" target=\"_blank\"> Academia de Nutrici\u00f3n y Diet\u00e9tica<\/a> como incluir este alimento en la dieta diaria sin complicaciones: <strong>\u00bbUna tostada con aguacate, acompa\u00f1ada de algo de tomate, queso fresco o un huevo duro es un desayuno saludable. Adem\u00e1s, al ser muy saciante, es muy dif\u00edcil consumirlo en grandes cantidades y esto se convierte en un buen apoyo para las dietas de adelgazamiento bien planificadas\u00bb<\/strong>. <\/p>\n<p><img decoding=\"async\" src=\"https:\/\/www.europesays.com\/es\/wp-content\/uploads\/2025\/11\/5e0347d5-0c37-46b0-8940-b0e88da114e0_800x534.jpeg\" loading=\"lazy\"\/><\/p>\n<p class=\"parrafo\">Algunas alternativas para el resto del d\u00eda podr\u00eda ser, como indica la Academia, para preparar un guacamoles que sustituya a otras cremas o mayonesas menos saludables o para extenderlo en tostadas, para las variedades m\u00e1s cremosas.<strong> Pero recuerda que no debes evitar la sustituci\u00f3n sistem\u00e1tica del aceite de oliva.<\/strong> Para las variedades de aguacates menos cremosos y que est\u00e9n m\u00e1s enteros, son una gran guarnici\u00f3n, o como complemento a los tatar o ensalada, pudi\u00e9ndolo cortar en dados.<\/p>\n<p>Beneficios y contraindicaciones del aguacate<\/p>\n<p class=\"parrafo\">La nutricionista Inma Palma indica que: <strong>\u00bbSi tomamos medio aguacate, estaremos ingiriendo entre 8 y 10 gramos de grasa (el equivalente a una cuchara sopera de aceite), una cantidad que no tiene por qu\u00e9 descompensar la dieta de una persona que se encuentre controlando las calor\u00edas de su alimentaci\u00f3n diaria\u00bb<\/strong>. Adem\u00e1s, es un alimento que tambi\u00e9n pueden comer las personas con el colesterol alto: \u00bbAl igual que ocurre con el aceite de oliva, hay estudios cient\u00edficos que han demostrado c\u00f3mo las grasas insaturadas, como el \u00e1cido oleico, pueden favorecer el descenso del colesterol en sangre\u00bb. <\/p>\n<p class=\"parrafo\"><strong>Tambi\u00e9n \u00bbcontiene tambi\u00e9n vitaminas liposolubles, que son vitaminas que se encuentran en alimentos con grasa, como la vitamina  E\u00bb<\/strong>, adem\u00e1s de vitaminas K y B6 y \u00bbuna amplia variedad de sustancias fitoqu\u00edmicas activas, muchas de ellas antioxidantes\u00bb. Es tambi\u00e9n un alimento que contiene muy pocos carbohidratos, por lo que presenta un \u00edndice gluc\u00e9mico bajo. Aporta tambi\u00e9n 6,3 gramos de fibra por cada 100 gramos, lo que lo convierte, seg\u00fan la Academia de Nutrici\u00f3n y Diet\u00e9tica, en un gran aliado para combatir el estre\u00f1imiento y la salud intestinal en general. <strong>Eso s\u00ed, esa gran cantidad en fibra es lo que hace que pueda quedar restringido en pacientes con alg\u00fan tipo de alteraci\u00f3n en el sistema digestivo.<\/strong><\/p>\n<p><img decoding=\"async\" src=\"https:\/\/www.europesays.com\/es\/wp-content\/uploads\/2025\/11\/7b37a7a5-a8a9-4f6a-b68d-80cb59d37dc5_800x533.jpeg\" loading=\"lazy\"\/><\/p>\n<p class=\"parrafo\">Sus contradicciones son pocas, ya que pueden consumirlos la mayor\u00eda de la poblaci\u00f3n.<strong> La excepci\u00f3n son aquellas personas que tengan alergia al l\u00e1tex, ya que al tener al\u00e9rgenos parecidos, deben eliminarlos de su dieta para <a href=\"https:\/\/www.estadiodeportivo.com\/estar-al-dia\/asun-gonzalez-asesora-nutricional-tus-intolerancias-pueden-revertir-20251009-515758.html\" class=\"intext-link\" rel=\"nofollow noopener\" target=\"_blank\">evitar posibles reacciones<\/a> al\u00e9rgicas<\/strong>. Cuidado tambi\u00e9n si tienes problemas renales, ya que por la gran cantidad de potasio que tienen no estar\u00edan indicados. <\/p>\n<p><a class=\"elementos-rel-t2\" href=\"https:\/\/www.estadiodeportivo.com\/bienestar\/deporte-como-prevencion-cancer-mama-20251029-517706.html\" title=\"El deporte como prevenci\u00f3n en el c\u00e1ncer de mama \" rel=\"nofollow noopener\" target=\"_blank\">El deporte como prevenci\u00f3n en el c\u00e1ncer de mama <img decoding=\"async\" src=\"https:\/\/www.europesays.com\/es\/wp-content\/uploads\/2025\/11\/884fc338-2922-4f02-837a-8ced10a669ba_320x180.jpeg\" alt=\"El deporte como prevenci\u00f3n en el c\u00e1ncer de mama \"\/><\/a><a class=\"elementos-rel-t2\" href=\"https:\/\/www.estadiodeportivo.com\/bienestar\/mejor-dormir-mejor-vivir-horario-laboral-que-ayuda-cuidar-salud-20251026-517944.html\" title=\"Mejor dormir, mejor vivir: el horario laboral que te ayuda a cuidar tu salud\" rel=\"nofollow noopener\" target=\"_blank\">Mejor dormir, mejor vivir: el horario laboral que te ayuda a cuidar tu salud<img decoding=\"async\" src=\"https:\/\/www.europesays.com\/es\/wp-content\/uploads\/2025\/11\/6ada2af6-b48b-44d4-b3db-4269eab34a13_320x180.jpeg\" alt=\"Mejor dormir, mejor vivir: el horario laboral que te ayuda a cuidar tu salud\"\/><\/a><a class=\"elementos-rel-t2\" href=\"https:\/\/www.estadiodeportivo.com\/bienestar\/maria-amador-creadora-contenido-fitness-podeis-comer-carbonara-aunque-esteis-dieta-perdida-grasa-20251027-518102.html\" title=\"Mar\u00eda Amador, creadora de contenido fitness: &#039;&#039;Pod\u00e9is comer carbonara aunque est\u00e9is en dieta de perdida de grasa&#039;&#039;\" rel=\"nofollow noopener\" target=\"_blank\">Mar\u00eda Amador, creadora de contenido fitness: \u00bbPod\u00e9is comer carbonara aunque est\u00e9is en dieta de perdida de grasa\u00bb<img decoding=\"async\" src=\"https:\/\/www.europesays.com\/es\/wp-content\/uploads\/2025\/11\/9dc95cbf-f590-4923-b25a-5c07be31b00a_320x180.png\" alt=\"Mar\u00eda Amador, creadora de contenido fitness: ''Pod\u00e9is comer carbonara aunque est\u00e9is en dieta de perdida de grasa''\"\/><\/a>No es necesario comerlo a diario<\/p>\n<p class=\"parrafo\">A pesar de tener m\u00faltiples propiedades, no es estrictamente necesario consumirlos a diario, ya que no ha formado hist\u00f3ricamente parte de la dieta mediterr\u00e1nea y podemos obtener los mismo nutrientes a trav\u00e9s de otros alimentos de nuestra dieta. El mayor ejemplo, seg\u00fan Palma, es nuestro aceite de oliva:  \u00bbEs verdad que el aceite de oliva no tiene potasio, pero este mineral es muy accesible en frutas, hortalizas, tub\u00e9rculos, frutos secos, legumbres, etc. Tampoco aporta fibra, pero complementando a lo largo del d\u00eda con frutos secos, vegetales y legumbres, ya la obtendr\u00edamos. <strong>Adem\u00e1s, el aceite de oliva es m\u00e1s eficiente en cuanto al aporte de<a href=\"https:\/\/www.estadiodeportivo.com\/estar-al-dia\/natalia-sirvent-nutricionista-los-altramuces-son-superalimento-que-deberias-tener-casa-20251024-517203.html\" class=\"intext-link\" rel=\"nofollow noopener\" target=\"_blank\"> grasas cardiosaludables<\/a> y compuestos fen\u00f3licos con probado efecto cardioprotector<\/strong>\u00bb. <\/p>\n<p class=\"parrafo\">Por lo que un consumo de aguacate 2-3 veces en semana, a\u00f1adiendo otras frutas y hortalizas a nuestra dieta es lo ideal: \u00bbPara aquellas personas a las que les guste mucho y quieran tomarlo a diario, la soluci\u00f3n est\u00e1 en tomar solo la mitad o uno peque\u00f1o. En estos casos, <strong>es importante controlar el resto de grasas, y evitar la sustituci\u00f3n del aceite de oliva, que es un veh\u00edculo para el consumo de otros alimentos como las hortalizas, legumbres, pescados, etc.<\/strong> ya que mejora las propiedades organol\u00e9pticas de esos alimentos\u00bb.<\/p>\n","protected":false},"excerpt":{"rendered":"Una encuesta realizada por la Organizaci\u00f3n Mundial del Aguacate revel\u00f3 que el 56% de los espa\u00f1oles comen al&hellip;\n","protected":false},"author":2,"featured_media":214288,"comment_status":"","ping_status":"","sticky":false,"template":"","format":"standard","meta":{"footnotes":""},"categories":[92],"tags":[4251,25,24,284,165,166,23],"class_list":{"0":"post-214287","1":"post","2":"type-post","3":"status-publish","4":"format-standard","5":"has-post-thumbnail","7":"category-salud","8":"tag-bienestar","9":"tag-es","10":"tag-espana","11":"tag-estadio-deportivo","12":"tag-health","13":"tag-salud","14":"tag-spain"},"share_on_mastodon":{"url":"https:\/\/pubeurope.com\/@es\/115479805436363224","error":""},"_links":{"self":[{"href":"https:\/\/www.europesays.com\/es\/wp-json\/wp\/v2\/posts\/214287","targetHints":{"allow":["GET"]}}],"collection":[{"href":"https:\/\/www.europesays.com\/es\/wp-json\/wp\/v2\/posts"}],"about":[{"href":"https:\/\/www.europesays.com\/es\/wp-json\/wp\/v2\/types\/post"}],"author":[{"embeddable":true,"href":"https:\/\/www.europesays.com\/es\/wp-json\/wp\/v2\/users\/2"}],"replies":[{"embeddable":true,"href":"https:\/\/www.europesays.com\/es\/wp-json\/wp\/v2\/comments?post=214287"}],"version-history":[{"count":0,"href":"https:\/\/www.europesays.com\/es\/wp-json\/wp\/v2\/posts\/214287\/revisions"}],"wp:featuredmedia":[{"embeddable":true,"href":"https:\/\/www.europesays.com\/es\/wp-json\/wp\/v2\/media\/214288"}],"wp:attachment":[{"href":"https:\/\/www.europesays.com\/es\/wp-json\/wp\/v2\/media?parent=214287"}],"wp:term":[{"taxonomy":"category","embeddable":true,"href":"https:\/\/www.europesays.com\/es\/wp-json\/wp\/v2\/categories?post=214287"},{"taxonomy":"post_tag","embeddable":true,"href":"https:\/\/www.europesays.com\/es\/wp-json\/wp\/v2\/tags?post=214287"}],"curies":[{"name":"wp","href":"https:\/\/api.w.org\/{rel}","templated":true}]}}