{"id":214305,"date":"2025-11-02T11:26:08","date_gmt":"2025-11-02T11:26:08","guid":{"rendered":"https:\/\/www.europesays.com\/es\/214305\/"},"modified":"2025-11-02T11:26:08","modified_gmt":"2025-11-02T11:26:08","slug":"previa-cortes-apunta-al-11-del-sporting-que-defiende-su-plaza-de-playoff-contra-un-las-palmas-recien-eliminado-de-la-copa-por-un-2a-rfef-la-voz-de-asturias","status":"publish","type":"post","link":"https:\/\/www.europesays.com\/es\/214305\/","title":{"rendered":"Previa: Cort\u00e9s apunta al 11 del Sporting, que defiende su plaza de Playoff contra un Las Palmas reci\u00e9n eliminado de la Copa por un 2\u00aa RFEF &#8211; La Voz de Asturias"},"content":{"rendered":"<ol>\n<li><a href=\"https:\/\/news.google.com\/rss\/articles\/CBMiowJBVV95cUxNYWpSYVhkbXRTX24waXVfVW9sQkpCU3YwbWFjdFlNY05MS21RRXUxNmpMVEJuei11NGhMT1hrVWE5ekQza1hHWWFBUW5wQktUbDhUQ3RxeU1BNjI2bTdSdjZ2UG5Yeng4ZUFQRU9uOVM0ZlVKYjhyZDZ0Qmk0REk4Q3dENkxKdWdoLWVUOXZTV3BYMDcwZkllNDZaUEt3dmNqRGJkWVNFV2Y3SGh6VHMyYXZWcmt4aUNwSTY2NkF2VG5wekhLYlN0dzNNY1pLX1hzSkdndjBqeEVVTndNS3NWSU11R0xhR3FyeC1MZFBobXEzWXY0NW44NzFRWm04ZVpWVWlRTklhUUR4Rndsemg4QzEyS29XRm9hTl9uU0hXYlNWeFk?oc=5\" target=\"_blank\" rel=\"nofollow noopener\">Previa: Cort\u00e9s apunta al 11 del Sporting, que defiende su plaza de Playoff contra un Las Palmas reci\u00e9n eliminado de la Copa por un 2\u00aa RFEF<\/a>&nbsp;&nbsp;La Voz de Asturias<\/li>\n<li><a href=\"https:\/\/news.google.com\/rss\/articles\/CBMingFBVV95cUxObHlycHdGbVg4OTdSS2R0U2xMYVJqNDR3RDFlSk5iTTBFRHc3VHRocktPYm1TY2xqSzhoRUJPQXB3dWZCZ0lWanFBVkUtX2FWVFBvY2FQaFo2SHNWRzI0RUlrZmNhelc2b1FTWlZ2Tlp5bUdKR0FMV1V3emJXb0hmSGZvbUlJdFVrQy1zWk82Y2pSdGpNSnJpQ1k3VWpBUdIBsgFBVV95cUxPb3J4d1B6dFRaTlZ1eUg2MHl0eUcxcUllQ0QtNTliTjc0Y2J2TXBKRG1LTVR2aHQwYXBlQkRBbnlPRzJadE1HZmdJYWkyMGc3aGlDdWVKOTVod2hIa2JQWVprS2NJRzByZnpEWFk1a2p6Q0k2WGsyS0ZWRnRvNnV6Xy1WWklLZ000Z0dWc3lCYnVWWGRMNjNVemFoRjY5b3NjVkxMZ1VtNUMtNVBZaFU0Tkl3?oc=5\" target=\"_blank\" rel=\"nofollow noopener\">Duelo de aspirantes en El Molin\u00f3n-Quini cargado de bajas<\/a>&nbsp;&nbsp;Diario AS<\/li>\n<li><a href=\"https:\/\/news.google.com\/rss\/articles\/CBMi3gFBVV95cUxQZXJ1SUxva1NfM3c4YUJYTlR5YVQ4T3Z3anBEcHJvUXhhdkNmaTdtSy1PRjYyNC12TDlhUnNOSElvMUtvXzA2RlU5RWxCVzlWQVZPV01CeC1jbW9MUndlMUJVd1R5b25CVW1DX093WTExWjZ4YkZ6WUotc3VJTlNlLXVhWVltNk5uWlN6M2dwVU9GVXE4RVRJYWphc0NCa1dzQlowV0JVN3Y3T0pfcmFDQXpmR0NhcnIzcC1oWWxLTFlrRGtNTlk4WFo3UWY1VkoyZzVJdHFLVFo2eHQ3TWfSAd4BQVVfeXFMTm5iT2FkYVJtZlZXa0s3b3RSbGFONW44dDQtUDhQTjhTdGd1ZDUyVHppckNNLXFuQU1wdXRGTm5HUjVTX2x2OWZ5RnBiY2Z3emItbGJJWmxXWGpxZW01UjdfXzB4UGplOXluamxLczF6SVJiNXhRZEltWjlXWlZEeER0SzJPLTRxYWEzN1dYRHBXWUxCNlNBMl9UaGsySnpoWEt2MDQtYWZkQmNnanNzTVh5dVRjNGhWY3BuQ0VUX3NLTzhSYm4xUHczMVdjZnoxU2JzaWdsSVVfU0pLLTN3?oc=5\" target=\"_blank\" rel=\"nofollow noopener\">Sporting de Gij\u00f3n &#8211; Las Palmas: horario y d\u00f3nde ver hoy el partido de Segunda divisi\u00f3n<\/a>&nbsp;&nbsp;MARCA<\/li>\n<li><a href=\"https:\/\/news.google.com\/rss\/articles\/CBMigwFBVV95cUxQRzYyX1FEZ1UyYVJZRFhGN1R2aV9kc2dObzRtel9rMmNHWFF1bEdMMDVUYmhMVGgxVkd4TnNCRHdNbkF4a244czA3N2Rpd2xaUk43cWpwOFM4ZExzT3NSOHI2MTZWWkZpNmUtZGVtbmVyZXhLLUk1MmZMOUlITU9vRlUtdw?oc=5\" target=\"_blank\" rel=\"nofollow noopener\">\u00daltimo entrenamiento y convocatoria<\/a>&nbsp;&nbsp;Real Sporting<\/li>\n<li><a href=\"https:\/\/news.google.com\/rss\/articles\/CBMingFBVV95cUxORlZpcE5UN1NqY0JZdl9qTWtka0xpWnVoWkJZQ2M2MjB5dXJNUER1NTNnRTRIYlNVeDZJWnZXNERtaWtIUS1iTU85emg3TlZwSHV1OVctNWZJS2syVWlOczVKZnNPS0dPTmtabjVfYVlxTnZQYXU5R01Ua1FGUThEd0tLbGZfcHdFTXR5ZUM1dDBMUmduQzBIaXlzTml0dw?oc=5\" target=\"_blank\" rel=\"nofollow noopener\">Sporting de Gij\u00f3n-Las Palmas: Borja Jim\u00e9nez pone a prueba su fondo de armario<\/a>&nbsp;&nbsp;El Comercio<\/li>\n<\/ol>\n","protected":false},"excerpt":{"rendered":"Previa: Cort\u00e9s apunta al 11 del Sporting, que defiende su plaza de Playoff contra un Las Palmas reci\u00e9n&hellip;\n","protected":false},"author":2,"featured_media":90805,"comment_status":"","ping_status":"","sticky":false,"template":"","format":"standard","meta":{"footnotes":""},"categories":[268],"tags":[168,25,24,280,282,281,23,4783,167],"class_list":{"0":"post-214305","1":"post","2":"type-post","3":"status-publish","4":"format-standard","5":"has-post-thumbnail","7":"category-futbol","8":"tag-deportes","9":"tag-es","10":"tag-espana","11":"tag-football","12":"tag-futbol","13":"tag-soccer","14":"tag-spain","15":"tag-sporting-de-gijon","16":"tag-sports"},"share_on_mastodon":{"url":"https:\/\/pubeurope.com\/@es\/115479863873592313","error":""},"_links":{"self":[{"href":"https:\/\/www.europesays.com\/es\/wp-json\/wp\/v2\/posts\/214305","targetHints":{"allow":["GET"]}}],"collection":[{"href":"https:\/\/www.europesays.com\/es\/wp-json\/wp\/v2\/posts"}],"about":[{"href":"https:\/\/www.europesays.com\/es\/wp-json\/wp\/v2\/types\/post"}],"author":[{"embeddable":true,"href":"https:\/\/www.europesays.com\/es\/wp-json\/wp\/v2\/users\/2"}],"replies":[{"embeddable":true,"href":"https:\/\/www.europesays.com\/es\/wp-json\/wp\/v2\/comments?post=214305"}],"version-history":[{"count":0,"href":"https:\/\/www.europesays.com\/es\/wp-json\/wp\/v2\/posts\/214305\/revisions"}],"wp:featuredmedia":[{"embeddable":true,"href":"https:\/\/www.europesays.com\/es\/wp-json\/wp\/v2\/media\/90805"}],"wp:attachment":[{"href":"https:\/\/www.europesays.com\/es\/wp-json\/wp\/v2\/media?parent=214305"}],"wp:term":[{"taxonomy":"category","embeddable":true,"href":"https:\/\/www.europesays.com\/es\/wp-json\/wp\/v2\/categories?post=214305"},{"taxonomy":"post_tag","embeddable":true,"href":"https:\/\/www.europesays.com\/es\/wp-json\/wp\/v2\/tags?post=214305"}],"curies":[{"name":"wp","href":"https:\/\/api.w.org\/{rel}","templated":true}]}}