{"id":214343,"date":"2025-11-02T11:57:09","date_gmt":"2025-11-02T11:57:09","guid":{"rendered":"https:\/\/www.europesays.com\/es\/214343\/"},"modified":"2025-11-02T11:57:09","modified_gmt":"2025-11-02T11:57:09","slug":"carlos-gonzalez-pediatra-habla-de-las-ventajas-y-desventajas-de-la-guarderia-y-le-llueven-las-criticas-estos-videos-meten-miedo-a-las-madres-primerizas","status":"publish","type":"post","link":"https:\/\/www.europesays.com\/es\/214343\/","title":{"rendered":"Carlos Gonz\u00e1lez, pediatra, habla de las ventajas y desventajas de la guarder\u00eda y le llueven las cr\u00edticas: \u00abEstos v\u00eddeos meten miedo a las madres primerizas\u00bb"},"content":{"rendered":"<p class=\"ft-text\">En un reciente v\u00eddeo publicado en su cuenta de <a class=\"ft-link ft-link--decoration\" href=\"https:\/\/www.elperiodico.com\/es\/temas\/instagram-15491\" rel=\"nofollow noopener\" target=\"_blank\">Instagram<\/a>, el <strong>pediatra<\/strong> y <strong>escritor Carlos Gonz\u00e1lez<\/strong> comparte su visi\u00f3n sobre el papel de las <a class=\"ft-link ft-link--decoration\" href=\"https:\/\/www.elperiodico.com\/es\/temas\/guarderias-31711\" rel=\"nofollow noopener\" target=\"_blank\">guarder\u00edas<\/a> en la primera infancia.\u2028Seg\u00fan el especialista, las guarder\u00edas <strong>no aportan aprendizajes que los ni\u00f1os no puedan adquirir fuera de ellas<\/strong>, ya que el <strong>entorno familiar<\/strong> tambi\u00e9n ofrece <strong>est\u00edmulos suficientes<\/strong> para su <strong>desarrollo cognitivo<\/strong>.<\/p>\n<p class=\"ft-text\">\u201cLos <strong>ni\u00f1os <\/strong>que van a la <strong>guarder\u00eda aprenden cosas<\/strong>, exactamente <strong>lo mismo que aprenden fuera<\/strong>. <strong>No hay nadie que no sepa la diferencia entre un c\u00edrculo y un cuadrado porque no fue a la guarder\u00eda<\/strong>\u201d, explica Gonz\u00e1lez.<\/p>\n<p class=\"ft-text\">El pediatra aclara que, si los <strong>padres no pueden estar presentes<\/strong>, la guarder\u00eda es una <strong>opci\u00f3n <\/strong>mucho mejor que dejar al ni\u00f1o solo en casa, algo \u201cnada recomendable y, adem\u00e1s, prohibido por ley\u201d.<\/p>\n<p>Desventajas se\u00f1aladas por el doctor<\/p>\n<p class=\"ft-text\">Gonz\u00e1lez menciona <strong>dos grandes desventajas<\/strong> de las guarder\u00edas:<\/p>\n<ul class=\"ft-list ft-list--primary\" data-aida-text=\"\">\n<li class=\"ft-list__item\">La <strong>separaci\u00f3n temprana<\/strong>: \u201cA la mayor\u00eda de los <strong>ni\u00f1os peque\u00f1os no les gusta separarse de sus pap\u00e1s<\/strong>, especialmente de su <a class=\"ft-link ft-link--decoration\" href=\"https:\/\/www.elperiodico.com\/es\/temas\/mamas-papas-ninos-39051\" rel=\"nofollow noopener\" target=\"_blank\">mam\u00e1<\/a>\u201d, comenta el pediatra, subrayando que esta <strong>ruptura diaria puede generar angustia<\/strong> en algunos menores.<\/li>\n<li class=\"ft-list__item\">La <strong>exposici\u00f3n a virus<\/strong>: los ni\u00f1os que asisten a guarder\u00edas <strong>suelen contagiarse con mayor frecuencia<\/strong>.\u2028\u201c<strong>Pillan todos los <\/strong><a class=\"ft-link ft-link--decoration\" href=\"https:\/\/www.elperiodico.com\/es\/temas\/virus-27716\" rel=\"nofollow noopener\" target=\"_blank\"><strong>virus<\/strong><\/a><strong> del mundo<\/strong>\u201d, advierte.\u2028Esto, seg\u00fan \u00e9l, puede ser m\u00e1s <strong>problem\u00e1tico cuanto menor es la edad del ni\u00f1o<\/strong>, ya que su sistema respiratorio a\u00fan es inmaduro y m\u00e1s vulnerable a infecciones como bronquitis o resfriados fuertes.<\/li>\n<\/ul>\n<p>Ventajas adicionales de la guarder\u00eda<\/p>\n<p class=\"ft-text\">Aunque Gonz\u00e1lez pone el acento en los riesgos y la no necesidad educativa de las guarder\u00edas, <strong>diversos estudios y especialistas<\/strong> aseguran que estas generan <strong>cantidad de beneficios<\/strong> para el <strong>desarrollo infantil<\/strong>:<\/p>\n<ul class=\"ft-list ft-list--primary\" data-aida-text=\"\">\n<li class=\"ft-list__item\"><strong>Socializaci\u00f3n temprana<\/strong>: ayudar\u00e1 al peque\u00f1o a aprender a <strong>convivir con otros ni\u00f1os<\/strong>. Esto favorece el <strong>desarrollo <\/strong>de <strong>habilidades sociales <\/strong>como la <strong>empat\u00eda<\/strong>, el <strong>respeto <\/strong>o la <strong>cooperaci\u00f3n<\/strong>.<\/li>\n<li class=\"ft-list__item\"><strong>Rutinas y autonom\u00eda<\/strong>: las guarder\u00edas ayudan a <strong>establecer horarios y h\u00e1bitos<\/strong> que<strong> facilitan la adaptaci\u00f3n posterior al colegio<\/strong>, promoviendo <strong>independencia <\/strong>en <strong>tareas b\u00e1sicas<\/strong> como <strong>comer <\/strong>o <strong>vestirse<\/strong>.<\/li>\n<li class=\"ft-list__item\"><strong>Estimulaci\u00f3n diversa<\/strong>: los entornos educativos ofrecen <strong>actividades planificadas<\/strong> para <strong>estimular <\/strong>el <strong>lenguaje<\/strong>, la <strong>motricidad <\/strong>y la <strong>creatividad<\/strong>.<\/li>\n<li class=\"ft-list__item\"><strong>Apoyo a las familias<\/strong>: las guarder\u00edas tambi\u00e9n representan un <strong>respiro para los padres<\/strong>, que <strong>pueden conciliar su vida laboral o personal<\/strong> sabiendo que sus hijos est\u00e1n en un <strong>entorno seguro<\/strong> y <strong>cuidado<\/strong>.<\/li>\n<\/ul>\n<p>Opiniones contradictorias<\/p>\n<p class=\"ft-text\">La reflexi\u00f3n de Carlos Gonz\u00e1lez invita a pensar en la guarder\u00eda no como una <strong>necesidad educativa<\/strong>, sino como una <strong>herramienta pr\u00e1ctica y social para muchas familias<\/strong>.\u2028Si bien <strong>no es indispensable<\/strong> para el <strong>aprendizaje b\u00e1sico<\/strong>, puede ser un <strong>espacio enriquecedor <\/strong>cuando <strong>se elige con criterio y se respeta el ritmo y las necesidades emocionales del ni\u00f1o<\/strong>.<\/p>\n<p class=\"ft-text\">Despu\u00e9s de ver este v\u00eddeo gran cantidad de <strong>familias <\/strong>y <strong>educadores <\/strong>han mostrado su <strong>desacuerdo <\/strong>con las palabras del experto, como @carmenmimendi, que dice: \u00abYo en mi caso he visto las ventajas para mi hija en su desarrollo claramente. Creo que estos v\u00eddeos meten miedo a las madres primerizas\u00bb.<\/p>\n<p class=\"ft-text\">As\u00ed mismo, @magginela comenta que ella, como madre y educadora, asegura que llevar a tu hijo a la escuela infantil le aporta gran cantidad de beneficios: \u00abYo envi\u00e9 a mi hija al jard\u00edn con 8 meses y no porque yo lo necesitaba, sino porque consideraba que ella lo necesitaba\u00bb.<\/p>\n<p class=\"ft-text\">Por \u00faltimo, @laura_mama2022 dice que \u00abno me parece correcto tirar por tierra el trabajo de las escuelas infantiles diciendo que no aporta ninguna ventaja\u00bb.<\/p>\n","protected":false},"excerpt":{"rendered":"En un reciente v\u00eddeo publicado en su cuenta de Instagram, el pediatra y escritor Carlos Gonz\u00e1lez comparte su&hellip;\n","protected":false},"author":2,"featured_media":214344,"comment_status":"","ping_status":"","sticky":false,"template":"","format":"standard","meta":{"footnotes":""},"categories":[92],"tags":[21676,57721,4482,2026,23378,25,24,630,43885,23376,165,563,3622,1913,3621,47088,166,23,3017],"class_list":{"0":"post-214343","1":"post","2":"type-post","3":"status-publish","4":"format-standard","5":"has-post-thumbnail","7":"category-salud","8":"tag-crianza","9":"tag-desventajas","10":"tag-dv","11":"tag-educacion","12":"tag-educacion-infantil","13":"tag-es","14":"tag-espana","15":"tag-familias","16":"tag-guarderia","17":"tag-guarderias","18":"tag-health","19":"tag-hijos","20":"tag-madres","21":"tag-maternidad","22":"tag-padres","23":"tag-pediatra","24":"tag-salud","25":"tag-spain","26":"tag-ventajas"},"share_on_mastodon":{"url":"https:\/\/pubeurope.com\/@es\/115479985772783775","error":""},"_links":{"self":[{"href":"https:\/\/www.europesays.com\/es\/wp-json\/wp\/v2\/posts\/214343","targetHints":{"allow":["GET"]}}],"collection":[{"href":"https:\/\/www.europesays.com\/es\/wp-json\/wp\/v2\/posts"}],"about":[{"href":"https:\/\/www.europesays.com\/es\/wp-json\/wp\/v2\/types\/post"}],"author":[{"embeddable":true,"href":"https:\/\/www.europesays.com\/es\/wp-json\/wp\/v2\/users\/2"}],"replies":[{"embeddable":true,"href":"https:\/\/www.europesays.com\/es\/wp-json\/wp\/v2\/comments?post=214343"}],"version-history":[{"count":0,"href":"https:\/\/www.europesays.com\/es\/wp-json\/wp\/v2\/posts\/214343\/revisions"}],"wp:featuredmedia":[{"embeddable":true,"href":"https:\/\/www.europesays.com\/es\/wp-json\/wp\/v2\/media\/214344"}],"wp:attachment":[{"href":"https:\/\/www.europesays.com\/es\/wp-json\/wp\/v2\/media?parent=214343"}],"wp:term":[{"taxonomy":"category","embeddable":true,"href":"https:\/\/www.europesays.com\/es\/wp-json\/wp\/v2\/categories?post=214343"},{"taxonomy":"post_tag","embeddable":true,"href":"https:\/\/www.europesays.com\/es\/wp-json\/wp\/v2\/tags?post=214343"}],"curies":[{"name":"wp","href":"https:\/\/api.w.org\/{rel}","templated":true}]}}