{"id":214350,"date":"2025-11-02T12:01:10","date_gmt":"2025-11-02T12:01:10","guid":{"rendered":"https:\/\/www.europesays.com\/es\/214350\/"},"modified":"2025-11-02T12:01:10","modified_gmt":"2025-11-02T12:01:10","slug":"los-sospechosos-del-robo-en-el-louvre-no-responden-al-perfil-del-crimen-organizado","status":"publish","type":"post","link":"https:\/\/www.europesays.com\/es\/214350\/","title":{"rendered":"Los sospechosos del robo en el Louvre \u00abno responden al perfil del crimen organizado\u00bb"},"content":{"rendered":"<p>\t\t\t \t\t \t\t\t\t\t\t\tLa vigilancia sigue en el Louvre <strong class=\"pd-l\">Abdul Saboor | REUTERS  <\/strong><\/p>\n<p>\t\t\t\t\t\t\u00abFalta una persona al menos\u00bb, asegura la fiscal del caso, que confirma que se siguen buscando m\u00e1s c\u00f3mplices del delito en el museo parisino<br \/>\n\t\t\t\t\t\t\t\t\t\t\t\t<strong>02 nov 2025<\/strong> . Actualizado a las 11:07 h.\t\t\t\t\t\t<\/p>\n<p class=\"first-paragraph txt\">El <a class=\"link-txt\" href=\"https:\/\/www.lavozdegalicia.es\/noticia\/cultura\/2025\/10\/19\/cuatro-ladrones-roban-siete-minutos-joyas-corona-napoleon-louvre\/00031760865624729319510.htm\" rel=\"nofollow noopener\" target=\"_blank\">robo de joyas en el Louvre<\/a> va camino de convertirse en el mejor de los guiones de una pel\u00edcula.<\/p>\n<p class=\"txt\">Los cuatro inculpados, tres de ellos sospechosos de haber participado directamente en el crimen el pasado 19 de octubre no dan el perfil que la investigaci\u00f3n les atribu\u00eda. Y es que los sospechosos son delincuentes residentes en la periferia de Par\u00eds fichados por delitos que <strong>\u00abno responden al alto espectro del crimen organizado\u00bb.<\/strong><\/p>\n<p class=\"txt\">As\u00ed lo expres\u00f3 la fiscal de Par\u00eds, Laure Beccuau, en declaraciones a la radio France Info, donde asegur\u00f3 que los cuatro ten\u00edan v\u00ednculos anteriores al robo y los dos inculpados este s\u00e1bado eran pareja.<\/p>\n<p class=\"txt\">\u00abSon personas cercanas, todos viv\u00edan todos en Seine Saint-Denis (a las afueras de Par\u00eds), dos de ellos viv\u00edan en pareja y hab\u00edan tenido hijos. Tenemos perfiles no conocidos del crimen organizado, pero que acaban cometiendo actos muy graves de crimen organizado\u00bb, se\u00f1al\u00f3.<\/p>\n<p class=\"txt\">Beccuau asegur\u00f3 que, con estos datos en su poder, <strong>consideran que ya han detenido a tres de los cuatro integrantes del comando<\/strong> (adem\u00e1s de a la pareja de uno de ellos, inculpada por complicidad) que provoc\u00f3 el robo de ocho joyas de la corona francesa, valoradas en 88 millones de euros.<\/p>\n<p class=\"txt\">La fiscal agreg\u00f3 que, adem\u00e1s del cuarto integrante del comando, est\u00e1n buscando tambi\u00e9n a otros posibles c\u00f3mplices, aunque por ahora consideran que los ladrones no contaron con compinches dentro del museo.<\/p>\n<p class=\"txt\">\n<p>\t\t\t\t\t\t\t\t\t\t\t\t&#13;<br \/>\n\t\t\t\t\t\t\t\t&#13;<br \/>\n&#13;<br \/>\n&#13;<\/p>\n<p>\t\t\t&#13;<br \/>\n\t&#13;<\/p>\n<p>\t\t\t<a href=\"https:\/\/www.lavozdegalicia.es\/noticia\/cultura\/2025\/10\/21\/puede-volver-ocurrir-louvre-seguridad-100-impensable\/00031761056920989725300.htm\" data-analytics=\"link-embed\" rel=\"nofollow noopener\" target=\"_blank\">\u00bfPuede volver a ocurrir el\u00a0robo del Louvre?: \u00abLa seguridad al 100 % es impensable\u00bb<\/a><\/p>\n<p class=\"a-min-author\">\n<p>\t\t\t\t\t\t\t\t\t\t\t<a href=\"https:\/\/www.lavozdegalicia.es\/firmas\/tamara-montero\" rel=\"nofollow noopener\" target=\"_blank\"> \tTamara Montero<\/a><\/p>\n<p>\t&#13;<br \/>\n\t&#13;<br \/>\n&#13;<\/p>\n<p class=\"txt\"><a class=\"link-txt\" href=\"https:\/\/www.lavozdegalicia.es\/noticia\/cultura\/2025\/11\/01\/inculpan-mujer-complicidad-robo-louvre-liberan-detenido\/00031762014237976978760.htm\" rel=\"nofollow noopener\" target=\"_blank\">Sobre los dos inculpados este s\u00e1bado, asegur\u00f3 que de uno de ellos se encontr\u00f3 ADN en la gr\u00faa que sirvi\u00f3 para acceder al balc\u00f3n de la galer\u00eda<\/a> Apolo por la que se introdujeron en el edificio gracias a una sierra radial. Una pista que les lleva a deducir que era uno de los miembros del comando, por lo que fue procesado por robo en banda organizada y asociaci\u00f3n de malhechores.<\/p>\n<p class=\"txt\">En cuanto a su pareja, Beccuau afirm\u00f3 que tambi\u00e9n se encontr\u00f3 ADN en la gr\u00faa, pero que puede ser \u00abde traspaso\u00bb, es decir, haber llegado a ese lugar a trav\u00e9s de un objeto y no de forma directa, por lo que est\u00e1 procesada solo por complicidad, algo que ella niega, seg\u00fan asegur\u00f3 su abogado.<\/p>\n<p class=\"txt\">La fiscal afirm\u00f3 que los tres sospechosos de formar parte del comando tienen <strong>importantes antecedentes judiciales<\/strong>, la mayor\u00eda por robo y en el caso de uno cometido en Par\u00eds en 2015, coinciden dos de ellos. \u00abSi comparamos sus certificados judiciales, son perfiles de personas cercanas\u00bb, asegur\u00f3.<\/p>\n<p class=\"txt\">El inculpado este s\u00e1bado, un hombre de 37 a\u00f1os que seg\u00fan la fiscal no quiso declarar, ten\u00eda once condenas anteriores, una decena de ellas por robo agravado, aunque tambi\u00e9n delitos de circulaci\u00f3n vial. Otro de los inculpados ten\u00eda pendiente un juicio por robo agravado, al haber asaltado un cajero estrellando contra \u00e9l un veh\u00edculo.<\/p>\n<p class=\"txt\">\n<p>\t\t\t\t\t\t\t\t\t\t\t\t&#13;<br \/>\n\t\t\t\t\t\t\t\t&#13;<br \/>\n&#13;<br \/>\n&#13;<\/p>\n<p>\t\t\t&#13;<br \/>\n\t&#13;<\/p>\n<p>\t\t\t<a href=\"https:\/\/www.lavozdegalicia.es\/noticia\/cultura\/2025\/10\/20\/destino-piezas-robadas-louvre-despiece-rescate\/00031760958977466684341.htm\" data-analytics=\"link-embed\" rel=\"nofollow noopener\" target=\"_blank\">El destino de las piezas robadas del Louvre: o venderlas despiezadas o\u00a0pedir un\u00a0rescate<\/a><\/p>\n<p class=\"a-min-author\">\n<p>\t\t\t\t\t\t\t\t\t\t\t<a href=\"https:\/\/www.lavozdegalicia.es\/firmas\/tamara-montero\" rel=\"nofollow noopener\" target=\"_blank\"> \tTamara Montero<\/a><\/p>\n<p>\t&#13;<br \/>\n\t&#13;<br \/>\n&#13;<\/p>\n<p class=\"txt\"><strong>\u00abFalta una persona al menos\u00bb<\/strong>, dijo la fiscal, que no descart\u00f3 que haya otros c\u00f3mplices y record\u00f3 que tras el robo los cuatro integrantes del comando se fueron en moto hasta alg\u00fan lugar de Par\u00eds donde subieron a otro veh\u00edculo relevo y no se sabe si fueron ellos quienes robaron el 10 de octubre la gr\u00faa con la que perpetraron el crimen.<\/p>\n<p class=\"txt\">Sobre el paradero del bot\u00edn, la fiscal asegur\u00f3 que est\u00e1n examinando \u00abtodas las capacidades del mercado paralelo que permitan la venta de esas joyas, que no se espera que se produzca de forma pr\u00f3xima\u00bb.<\/p>\n<p>&#13;<br \/>\n\tArchivado en:&#13;<br \/>\n\t\t\t\t\t<a href=\"https:\/\/www.lavozdegalicia.es\/temas\/museo-del-louvre\/\" target=\"_blank\" class=\"mg-l\" rel=\"nofollow noopener\">Museo del Louvre<\/a>&#13;<br \/>\n\t\t\t\t\t<a href=\"https:\/\/www.lavozdegalicia.es\/temas\/francia\/\" target=\"_blank\" class=\"mg-l\" rel=\"nofollow noopener\">Francia<\/a>&#13;<br \/>\n\t&#13;<\/p>\n","protected":false},"excerpt":{"rendered":"La vigilancia sigue en el Louvre Abdul Saboor | REUTERS \u00abFalta una persona al menos\u00bb, asegura la fiscal&hellip;\n","protected":false},"author":2,"featured_media":214351,"comment_status":"","ping_status":"","sticky":false,"template":"","format":"standard","meta":{"footnotes":""},"categories":[42],"tags":[17,18,13,14,317,11,61,62,63,64,19,20,41530,9,10,15,16,12,21,22,65,66,67],"class_list":{"0":"post-214350","1":"post","2":"type-post","3":"status-publish","4":"format-standard","5":"has-post-thumbnail","7":"category-internacional","8":"tag-breaking-news","9":"tag-breakingnews","10":"tag-featured-news","11":"tag-featurednews","12":"tag-francia","13":"tag-headlines","14":"tag-internacional","15":"tag-international","16":"tag-international-news","17":"tag-internationalnews","18":"tag-latest-news","19":"tag-latestnews","20":"tag-museo-del-louvre","21":"tag-news","22":"tag-noticias","23":"tag-noticias-destacadas","24":"tag-noticiasdestacadas","25":"tag-titulares","26":"tag-ultimas-noticias","27":"tag-ultimasnoticias","28":"tag-world","29":"tag-world-news","30":"tag-worldnews"},"share_on_mastodon":{"url":"https:\/\/pubeurope.com\/@es\/115480001587546747","error":""},"_links":{"self":[{"href":"https:\/\/www.europesays.com\/es\/wp-json\/wp\/v2\/posts\/214350","targetHints":{"allow":["GET"]}}],"collection":[{"href":"https:\/\/www.europesays.com\/es\/wp-json\/wp\/v2\/posts"}],"about":[{"href":"https:\/\/www.europesays.com\/es\/wp-json\/wp\/v2\/types\/post"}],"author":[{"embeddable":true,"href":"https:\/\/www.europesays.com\/es\/wp-json\/wp\/v2\/users\/2"}],"replies":[{"embeddable":true,"href":"https:\/\/www.europesays.com\/es\/wp-json\/wp\/v2\/comments?post=214350"}],"version-history":[{"count":0,"href":"https:\/\/www.europesays.com\/es\/wp-json\/wp\/v2\/posts\/214350\/revisions"}],"wp:featuredmedia":[{"embeddable":true,"href":"https:\/\/www.europesays.com\/es\/wp-json\/wp\/v2\/media\/214351"}],"wp:attachment":[{"href":"https:\/\/www.europesays.com\/es\/wp-json\/wp\/v2\/media?parent=214350"}],"wp:term":[{"taxonomy":"category","embeddable":true,"href":"https:\/\/www.europesays.com\/es\/wp-json\/wp\/v2\/categories?post=214350"},{"taxonomy":"post_tag","embeddable":true,"href":"https:\/\/www.europesays.com\/es\/wp-json\/wp\/v2\/tags?post=214350"}],"curies":[{"name":"wp","href":"https:\/\/api.w.org\/{rel}","templated":true}]}}