{"id":214357,"date":"2025-11-02T12:11:09","date_gmt":"2025-11-02T12:11:09","guid":{"rendered":"https:\/\/www.europesays.com\/es\/214357\/"},"modified":"2025-11-02T12:11:09","modified_gmt":"2025-11-02T12:11:09","slug":"avenida-necesita-una-reaccion-firme","status":"publish","type":"post","link":"https:\/\/www.europesays.com\/es\/214357\/","title":{"rendered":"Avenida necesita una reacci\u00f3n firme"},"content":{"rendered":"<p class=\"v-mdl-ath__p v-mdl-ath__p--2\">\n\u00c1lex G. Santana\n<\/p>\n<p class=\"v-mdl-ath__p v-mdl-ath__p--3\">\nSalamanca\n<\/p>\n<p class=\"v-mdl-ath__p v-mdl-ath__p--6\">\nDomingo, 2 de noviembre 2025, 07:15<\/p>\n<p class=\"v-p\">\u00abPens\u00e1bamos que \u00edbamos a reaccionar, pero no fue as\u00ed\u00bb, comentaba Anna Monta\u00f1ana este s\u00e1bado antes de viajar a Lugo, sobre las dos \u00faltimas derrotas de su equipo. Inesperadas y muy dolorosas, por los rivales, IDK y Panathinaikos, por ser delante de los aficionados, y porque tuvieron varias caracter\u00edsticas comunes que reflejan que el Perfumer\u00edas Avenida no est\u00e1 donde quer\u00eda a estas alturas, aunque ya se hab\u00eda vaticinado que iba a hacerle falta tiempo. <strong>El equipo no est\u00e1 funcionando y dentro del mismo llevan muchos d\u00edas intentando analizar las causas<\/strong>. No es problema de actitud, ni mucho menos, pero s\u00ed de concentraci\u00f3n y de baloncesto, porque hay que reconocer que tampoco en el juego se ven muchas se\u00f1ales para ser optimistas. Por si fuera poco, este domingo (11:00 horas) toca visitar el Pazo Provincial dos Deportes de Lugo para enfrentarse al Dur\u00e1n Maquinaria Ensino, pabell\u00f3n y rival que a lo largo de tres d\u00e9cadas no se les han dado especialmente bien a las charras. <strong>Adem\u00e1s, el cuadro gallego est\u00e1 protagonizando un gran arranque de temporada y est\u00e1 en los primeros puestos de la clasificaci\u00f3n.<\/strong><\/p>\n<p class=\"v-p\">Pero Avenida debe centrarse en s\u00ed mismo: hacer las cosas mucho mejor y durante todo el tiempo posible, y dejar atr\u00e1s de una vez esos tramos de los partidos en los que llega el bloqueo y no hay de d\u00f3nde tirar, especialmente despu\u00e9s de remontar en el marcador. Parece que tras el esfuerzo, el equipo se vac\u00eda.<strong> Y hay que crecer tambi\u00e9n colectivamente, porque no se puede depender todos los d\u00edas de la actuaci\u00f3n de Cave<\/strong>, Iyana, Soriano o la agresividad de Vilar\u00f3. Con eso no es suficiente, ni mucho menos. Parec\u00eda que no iba a ser as\u00ed en la Liga Femenina, pero por lo visto el mi\u00e9rcoles, tampoco en la Eurocup.<\/p>\n<p class=\"v-p\">Monta\u00f1ana no oculta su preocupaci\u00f3n: \u00abNo hay otra forma de salir que no sea estar m\u00e1s concentradas durante m\u00e1s tiempo. La actitud est\u00e1, pero hay que materializarlo ante un rival muy duro. Va a ser una batalla dura. Estamos fastidiadas y hay una responsabilidad en todas y el staff para sacarlo adelante. Se transmite presi\u00f3n y tensi\u00f3n, pero tambi\u00e9n ganas que siempre est\u00e1n. somos mejor equipo que lo que estamos mostrando, nos falta rematar y saber jugar con ventaja, hay que gestionarlo con dureza mental, f\u00edsica y con ilusi\u00f3n y ganas\u00bb. Por su parte, Jes\u00fas Luis Garrido, entrenador del Ensino, no se f\u00eda del momento de las charras:\u00abAvenida es un conjunto al que hay que tenerle much\u00edsimo respeto, pero ning\u00fan miedo. Las derrotas pueden crearles dudas, pero aprend\u00ed que a un equipo as\u00ed nunca hay que darlo por derrotado, cuando un le\u00f3n est\u00e1 herido es much\u00edsimo m\u00e1s peligroso\u00bb.<\/p>\n<p class=\"v-p\">No hay m\u00e1s tiempo,<strong> la reacci\u00f3n tiene que llegar de una vez.<\/strong><\/p>\n<p>Reporta un error<\/p>\n","protected":false},"excerpt":{"rendered":"\u00c1lex G. Santana Salamanca Domingo, 2 de noviembre 2025, 07:15 \u00abPens\u00e1bamos que \u00edbamos a reaccionar, pero no fue&hellip;\n","protected":false},"author":2,"featured_media":214358,"comment_status":"","ping_status":"","sticky":false,"template":"","format":"standard","meta":{"footnotes":""},"categories":[269],"tags":[14092,299,298,168,25,24,8076,18007,9173,23,167],"class_list":{"0":"post-214357","1":"post","2":"type-post","3":"status-publish","4":"format-standard","5":"has-post-thumbnail","7":"category-baloncesto","8":"tag-avenida","9":"tag-baloncesto","10":"tag-basketball","11":"tag-deportes","12":"tag-es","13":"tag-espana","14":"tag-firme","15":"tag-necesita","16":"tag-reaccion","17":"tag-spain","18":"tag-sports"},"share_on_mastodon":{"url":"https:\/\/pubeurope.com\/@es\/115480041214334783","error":""},"_links":{"self":[{"href":"https:\/\/www.europesays.com\/es\/wp-json\/wp\/v2\/posts\/214357","targetHints":{"allow":["GET"]}}],"collection":[{"href":"https:\/\/www.europesays.com\/es\/wp-json\/wp\/v2\/posts"}],"about":[{"href":"https:\/\/www.europesays.com\/es\/wp-json\/wp\/v2\/types\/post"}],"author":[{"embeddable":true,"href":"https:\/\/www.europesays.com\/es\/wp-json\/wp\/v2\/users\/2"}],"replies":[{"embeddable":true,"href":"https:\/\/www.europesays.com\/es\/wp-json\/wp\/v2\/comments?post=214357"}],"version-history":[{"count":0,"href":"https:\/\/www.europesays.com\/es\/wp-json\/wp\/v2\/posts\/214357\/revisions"}],"wp:featuredmedia":[{"embeddable":true,"href":"https:\/\/www.europesays.com\/es\/wp-json\/wp\/v2\/media\/214358"}],"wp:attachment":[{"href":"https:\/\/www.europesays.com\/es\/wp-json\/wp\/v2\/media?parent=214357"}],"wp:term":[{"taxonomy":"category","embeddable":true,"href":"https:\/\/www.europesays.com\/es\/wp-json\/wp\/v2\/categories?post=214357"},{"taxonomy":"post_tag","embeddable":true,"href":"https:\/\/www.europesays.com\/es\/wp-json\/wp\/v2\/tags?post=214357"}],"curies":[{"name":"wp","href":"https:\/\/api.w.org\/{rel}","templated":true}]}}