{"id":214365,"date":"2025-11-02T12:16:08","date_gmt":"2025-11-02T12:16:08","guid":{"rendered":"https:\/\/www.europesays.com\/es\/214365\/"},"modified":"2025-11-02T12:16:08","modified_gmt":"2025-11-02T12:16:08","slug":"la-desgracia-se-cierne-sobre-luisa","status":"publish","type":"post","link":"https:\/\/www.europesays.com\/es\/214365\/","title":{"rendered":"La desgracia se cierne sobre Luisa"},"content":{"rendered":"<p data-journey-content=\"true\" data-node-id=\"3\" class=\"css-6wxqfj emevuu60\">Esta semana en &#8216;<a href=\"https:\/\/www.diezminutos.es\/valle-salvaje\/\" target=\"_blank\" data-vars-ga-outbound-link=\"https:\/\/www.diezminutos.es\/valle-salvaje\/\" data-vars-ga-ux-element=\"Hyperlink\" data-vars-ga-call-to-action=\"Valle Salvaje\" data-node-id=\"3.1\" class=\"body-link css-177bzfx emevuu60\" rel=\"nofollow noopener\">Valle Salvaje<\/a>&#8216;, en el coraz\u00f3n de la Casa Grande, los hilos del destino se tensan. Leonardo, firme en su decisi\u00f3n, se niega a acompa\u00f1ar a sus padres en un viaje <strong data-node-id=\"3.3\">cuyo prop\u00f3sito es presentar a Irene como su futura esposa<\/strong> ante la sociedad. Mientras tanto, el duque se enfrenta a un Alejo devastado, quien, entre l\u00e1grimas y rabia, le revela una verdad que nadie esperaba. En las cocinas, <a href=\"https:\/\/www.diezminutos.es\/telenovela\/espanolas\/a69187759\/valle-salvaje-capitulo-285-avance-del-jueves-30-de-octubre-serie-tve-netflix\/\" target=\"_blank\" data-vars-ga-outbound-link=\"https:\/\/www.diezminutos.es\/telenovela\/espanolas\/a69187759\/valle-salvaje-capitulo-285-avance-del-jueves-30-de-octubre-serie-tve-netflix\/\" data-vars-ga-ux-element=\"Hyperlink\" data-vars-ga-call-to-action=\"el secreto que une a Eva y Amadeo\" data-node-id=\"3.5\" class=\"body-link css-177bzfx emevuu60\" rel=\"nofollow noopener\">el secreto que une a Eva y Amadeo<\/a> comienza a tambalearse bajo la mirada inquisitiva de Isabel, que sospecha m\u00e1s de lo que dice.<\/p>\n<p><img draggable=\"true\" alt=\"valle salvaje\" title=\"Valle Salvaje\" loading=\"lazy\" width=\"4096\" height=\"2731\" decoding=\"async\" data-nimg=\"1\" style=\"color:transparent;width:100%;height:auto;\"   src=\"https:\/\/www.europesays.com\/es\/wp-content\/uploads\/2025\/11\/g25xqx8x0aaspde-68ee395cc460c.jpeg\" class=\"css-0 e1g79fud0\"\/><\/p>\n<p>RTVE<\/p>\n<p>Victoria, desesperada por liberarse de D\u00e1maso en &#8216;Valle Salvaje&#8217;<\/p>\n<p data-journey-content=\"true\" data-node-id=\"8\" class=\"css-6wxqfj emevuu60\">Don Hernando, astuto y manipulador, logra desarmar emocionalmente a Irene, envolvi\u00e9ndola en su red de influencias. B\u00e1rbara, por su parte, intenta alejar a Leonardo, temerosa de perder su lugar en su vida. En paralelo, Adriana, <strong data-node-id=\"8.1\">Rafael y Alejo trazan un plan para visitar la c\u00e1rcel<\/strong> y abogar por Luisa, cuya situaci\u00f3n se vuelve cada vez m\u00e1s incierta. Jos\u00e9 Luis, con el rostro endurecido por la determinaci\u00f3n, abandona el Valle con la intenci\u00f3n de cerrar un cap\u00edtulo que lo persigue desde hace tiempo. Victoria, desesperada por liberarse de D\u00e1maso, acude al duque en busca de ayuda, pero la reacci\u00f3n de Jos\u00e9 Luis la toma por sorpresa. En la casa peque\u00f1a, el capit\u00e1n de la Santa Hermandad irrumpe con una noticia que sacude los cimientos: algo ha cambiado en el caso de Luisa.<\/p>\n<p data-journey-content=\"true\" data-node-id=\"10\" class=\"css-6wxqfj emevuu60\">Isabel, atormentada por los errores del pasado, toma una decisi\u00f3n radical que podr\u00eda liberarla\u2026 o condenarla. Mientras tanto, <strong data-node-id=\"10.1\">Adriana y Rafael logran acceder a la prisi\u00f3n<\/strong>, donde el G\u00e1lvez de Aguirre impone su autoridad para que Adriana pueda ver a Luisa. Pero lo que encuentra all\u00ed la deja helada: una revelaci\u00f3n que transforma el dolor en urgencia.<\/p>\n<p>Luisa se confiesa con Adriana en &#8216;Valle Salvaje&#8217;<img draggable=\"true\" alt=\"valle salvaje\" title=\"Valle Salvaje\" loading=\"lazy\" width=\"4096\" height=\"2731\" decoding=\"async\" data-nimg=\"1\" style=\"color:transparent;width:100%;height:auto;\"   src=\"https:\/\/www.europesays.com\/es\/wp-content\/uploads\/2025\/11\/g1yswuhwyaarykn-68e64e3f0eca9.jpg\" class=\"css-0 e1g79fud0\"\/><\/p>\n<p>Add RTVE<\/p>\n<p data-journey-content=\"true\" data-node-id=\"16\" class=\"css-6wxqfj emevuu60\">En un encuentro cargado de emociones, Luisa confiesa a Adriana que fue ella quien rob\u00f3 la talla, desvelando un secreto que podr\u00eda cambiarlo todo. Eva y Amadeo, interrogados por Atanasio, insisten en que <strong data-node-id=\"16.1\">desconocen los motivos que llevaron a Isabel a marcharse<\/strong>. Victoria, inquieta, ordena al secretario que investigue, pero ser\u00e1 Adriana quien reciba finalmente las noticias m\u00e1s reveladoras\u2026 de boca de su aya. As\u00ed, entre confesiones, traiciones y decisiones que marcan el alma, los protagonistas de esta historia se enfrentan a sus propios abismos, mientras el destino sigue escribiendo sus p\u00e1ginas con tinta de secretos.<\/p>\n<p><img src=\"https:\/\/www.europesays.com\/es\/wp-content\/uploads\/2025\/11\/1762085768_685_43af9b8f-983e-4e74-8e74-9a7479b0966b_1681831601.file\" alt=\"Headshot of Pilar Mart\u00ednez\" title=\"Headshot of Pilar Mart\u00ednez\" width=\"100%\" height=\"100%\" decoding=\"async\" loading=\"lazy\" class=\"css-o0wq4v ev8dhu53\"\/><\/p>\n<p>Pilar Mart\u00ednez es periodista especializada en contenidos de televisi\u00f3n y cultura, se gradu\u00f3 en la carrera en Periodismo en la Facultad de Ciencias de la Informaci\u00f3n (Universidad Complutense de Madrid) en el a\u00f1o 2018. Desde entonces ha pasado por las redacciones de Ecoteuve (El Economista), donde realiz\u00f3 sus primeras pr\u00e1cticas durante el verano del 2016.<\/p>\n<p>Posteriormente, concretamente, en el a\u00f1o 2017 se pas\u00f3 al grupo Hearst Espa\u00f1a, donde comenz\u00f3 su andadura en las revistas de televisi\u00f3n: Supertele, Teleprograma, Telenovela. Ahora colabora con Diez Minutos, en su versi\u00f3n web, donde se encarga de realizar los avances semanales de las ficciones diarias de moda, as\u00ed como entrevistas y art\u00edculos sobre los melodramas o telenovelas que aterrizan en nuestro pa\u00eds y aquellos que est\u00e1n por venir.<\/p>\n<p>Toda una cazadora de exclusivas. A esto, se suma su puesto como redactora jefe de la secci\u00f3n de novela narrativa en la revista Culturamas, medio digital de alto impacto al que lleva unida desde el a\u00f1o 2013. \u00c1vida lectora, cin\u00e9fila y seri\u00e9fila de primer nivel, ha hecho de su vocaci\u00f3n su oficio. \u00a0<\/p>\n","protected":false},"excerpt":{"rendered":"Esta semana en &#8216;Valle Salvaje&#8216;, en el coraz\u00f3n de la Casa Grande, los hilos del destino se tensan.&hellip;\n","protected":false},"author":2,"featured_media":214366,"comment_status":"","ping_status":"","sticky":false,"template":"","format":"standard","meta":{"footnotes":""},"categories":[171],"tags":[253,146,147,25,24,23,214],"class_list":{"0":"post-214365","1":"post","2":"type-post","3":"status-publish","4":"format-standard","5":"has-post-thumbnail","7":"category-tv","8":"tag-discover","9":"tag-entertainment","10":"tag-entretenimiento","11":"tag-es","12":"tag-espana","13":"tag-spain","14":"tag-tv"},"share_on_mastodon":{"url":"https:\/\/pubeurope.com\/@es\/115480060726581458","error":""},"_links":{"self":[{"href":"https:\/\/www.europesays.com\/es\/wp-json\/wp\/v2\/posts\/214365","targetHints":{"allow":["GET"]}}],"collection":[{"href":"https:\/\/www.europesays.com\/es\/wp-json\/wp\/v2\/posts"}],"about":[{"href":"https:\/\/www.europesays.com\/es\/wp-json\/wp\/v2\/types\/post"}],"author":[{"embeddable":true,"href":"https:\/\/www.europesays.com\/es\/wp-json\/wp\/v2\/users\/2"}],"replies":[{"embeddable":true,"href":"https:\/\/www.europesays.com\/es\/wp-json\/wp\/v2\/comments?post=214365"}],"version-history":[{"count":0,"href":"https:\/\/www.europesays.com\/es\/wp-json\/wp\/v2\/posts\/214365\/revisions"}],"wp:featuredmedia":[{"embeddable":true,"href":"https:\/\/www.europesays.com\/es\/wp-json\/wp\/v2\/media\/214366"}],"wp:attachment":[{"href":"https:\/\/www.europesays.com\/es\/wp-json\/wp\/v2\/media?parent=214365"}],"wp:term":[{"taxonomy":"category","embeddable":true,"href":"https:\/\/www.europesays.com\/es\/wp-json\/wp\/v2\/categories?post=214365"},{"taxonomy":"post_tag","embeddable":true,"href":"https:\/\/www.europesays.com\/es\/wp-json\/wp\/v2\/tags?post=214365"}],"curies":[{"name":"wp","href":"https:\/\/api.w.org\/{rel}","templated":true}]}}