{"id":214371,"date":"2025-11-02T12:20:12","date_gmt":"2025-11-02T12:20:12","guid":{"rendered":"https:\/\/www.europesays.com\/es\/214371\/"},"modified":"2025-11-02T12:20:12","modified_gmt":"2025-11-02T12:20:12","slug":"asi-es-como-la-microbiota-influyen-en-el-estado-de-animo","status":"publish","type":"post","link":"https:\/\/www.europesays.com\/es\/214371\/","title":{"rendered":"as\u00ed es como la microbiota influyen en el estado de \u00e1nimo"},"content":{"rendered":"<p data-journey-content=\"true\" data-node-id=\"3\" class=\"body-dropcap css-1sphjjy emevuu60\">Estudios recogidos en gastroenterolog\u00eda y hepatolog\u00eda estiman que el 45% de la poblaci\u00f3n experimenta s\u00edntomas como hinchaz\u00f3n, diarrea o dolor abdominal, problemas que afectan directamente al bienestar f\u00edsico, emocional y social de quienes los padecen. \u201cLa alimentaci\u00f3n tiene un impacto directo sobre el sistema digestivo y, por extensi\u00f3n, sobre el sistema inmune y el estado de \u00e1nimo\u201d, explica <strong data-node-id=\"3.1\">Isabel Martorell, doctora en biomedicina y responsable del equipo de nutrici\u00f3n y salud en<\/strong> <a href=\"https:\/\/www.nootric.com\/es\" target=\"_blank\" rel=\"nofollow noopener\" data-vars-ga-outbound-link=\"https:\/\/www.nootric.com\/es\" data-vars-ga-ux-element=\"Hyperlink\" data-vars-ga-call-to-action=\"Nootric\" data-node-id=\"3.3\" class=\"body-link css-1kzkd1m emevuu60\">Nootric<\/a>. \u201cAdaptar la alimentaci\u00f3n a las necesidades individuales es, en muchos casos, la primera herramienta para prevenir desequilibrios o mejorar s\u00edntomas ya presentes\u201d.<\/p>\n<p data-journey-content=\"true\" data-node-id=\"6\" class=\"css-6wxqfj emevuu60\">El estilo de vida moderno no ayuda. Horarios irregulares de comida, exceso de cafe\u00edna, baja ingesta de agua y <a href=\"https:\/\/www.esquire.com\/es\/cuidados-hombre\/a45317051\/estres-sintomas-cuerpo\/\" target=\"_blank\" data-vars-ga-outbound-link=\"https:\/\/www.esquire.com\/es\/cuidados-hombre\/a45317051\/estres-sintomas-cuerpo\/\" data-vars-ga-ux-element=\"Hyperlink\" data-vars-ga-call-to-action=\"estr\u00e9s\" data-node-id=\"6.1\" class=\"body-link css-1kzkd1m emevuu60\" rel=\"nofollow noopener\">estr\u00e9s<\/a> constante son algunos de los factores que alteran el ritmo intestinal y contribuyen a la aparici\u00f3n de s\u00edntomas que perjudican el estado de \u00e1nimo. \u201cHay que entender que el sistema digestivo tambi\u00e9n necesita rutinas y cuidados. <strong data-node-id=\"6.3\">La forma en que comemos -no solo lo que comemos- influye profundamente en c\u00f3mo nos sentimos<\/strong>\u201d, recuerda la experta.<\/p>\n<p data-journey-content=\"true\" data-node-id=\"8\" class=\"css-6wxqfj emevuu60\">La clave est\u00e1 en saber c\u00f3mo ciertos nutrientes pueden favorecer la digesti\u00f3n y qu\u00e9 h\u00e1bitos debemos cambiar para aliviar molestias. La incorporaci\u00f3n de <strong data-node-id=\"8.1\">alimentos fermentados, frutas y verduras de temporada, cereales integrales y <\/strong><a href=\"https:\/\/www.esquire.com\/es\/salud-fitness-running\/a40483680\/batidos-proteinas-errores-evitar\/\" target=\"_blank\" data-vars-ga-outbound-link=\"https:\/\/www.esquire.com\/es\/salud-fitness-running\/a40483680\/batidos-proteinas-errores-evitar\/\" data-vars-ga-ux-element=\"Hyperlink\" data-vars-ga-call-to-action=\"prote\u00ednas\" data-node-id=\"8.2\" class=\"body-link css-1kzkd1m emevuu60\" rel=\"nofollow noopener\">prote\u00ednas<\/a> de buena calidad es una base s\u00f3lida para el bienestar digestivo.<\/p>\n<p data-journey-content=\"true\" data-node-id=\"12\" class=\"css-6wxqfj emevuu60\">\u201cEs fundamental comprender que <strong data-node-id=\"12.1\">el bienestar digestivo influye no solo en el cuerpo, sino tambi\u00e9n en la mente<\/strong>. El sistema digestivo y el cerebro mantienen una conexi\u00f3n bidireccional conocida como eje intestino-cerebro. En este v\u00ednculo, la <a href=\"https:\/\/www.esquire.com\/es\/cuidados-hombre\/a62510485\/microbiota-que-es-digestion-hombre-enfermedad-cronica\/\" target=\"_blank\" data-vars-ga-outbound-link=\"https:\/\/www.esquire.com\/es\/cuidados-hombre\/a62510485\/microbiota-que-es-digestion-hombre-enfermedad-cronica\/\" data-vars-ga-ux-element=\"Hyperlink\" data-vars-ga-call-to-action=\"microbiota\" data-node-id=\"12.3\" class=\"body-link css-1kzkd1m emevuu60\" rel=\"nofollow noopener\">microbiota<\/a> intestinal desempe\u00f1a un papel clave: diferentes composiciones microbianas pueden afectar las emociones a trav\u00e9s de complejas redes de se\u00f1ales neuronales, inmunitarias y qu\u00edmicas. La ingesta y la calidad de los alimentos modulan directamente esta microbiota y, por tanto, influyen en la funci\u00f3n cerebral. Esto demuestra que la dieta constituye una herramienta imprescindible para mejorar la salud mental, el estado de \u00e1nimo y el rendimiento cognitivo\u201d, asegura <strong data-node-id=\"12.5\">Elvira Bereng\u00fc\u00ed, responsable de nutrici\u00f3n de<\/strong> <a href=\"https:\/\/www.pronokal.com\/es\/\" target=\"_blank\" rel=\"nofollow noopener\" data-vars-ga-outbound-link=\"https:\/\/www.pronokal.com\/es\/\" data-vars-ga-ux-element=\"Hyperlink\" data-vars-ga-call-to-action=\"PronoKal Group\" data-node-id=\"12.7\" class=\"body-link css-1kzkd1m emevuu60\">PronoKal Group<\/a>.<\/p>\n<p data-journey-content=\"true\" data-node-id=\"14\" class=\"css-6wxqfj emevuu60\"><strong data-node-id=\"14.0\">El estado de \u00e1nimo est\u00e1 estrechamente vinculado a la alimentaci\u00f3n<\/strong> y una dieta completa que incluya determinados nutrientes puede convertirse en un gran aliado para recuperar energ\u00eda y vitalidad.<\/p>\n<p>C\u00f3mo influyen las dietas en nuestro estado de \u00e1nimo<\/p>\n<p data-journey-content=\"true\" data-node-id=\"17\" class=\"css-6wxqfj emevuu60\">Las dietas suelen presentarse como herramientas para mejorar la salud o alcanzar un peso determinado. \u201cSin embargo, su impacto va m\u00e1s all\u00e1 del cuerpo. Cada vez hay m\u00e1s evidencia de c\u00f3mo la alimentaci\u00f3n influye directamente en el estado de \u00e1nimo, la energ\u00eda y la estabilidad emocional, especialmente cuando se sigue un patr\u00f3n restrictivo o excesivamente controlado. El v\u00ednculo entre lo que comemos y c\u00f3mo nos sentimos es bidireccional: la dieta afecta al estado emocional, y el estado emocional influye en la manera de alimentarnos\u201d, asegura <strong data-node-id=\"17.1\">Cristina Huelva Gonz\u00e1lez, psic\u00f3loga, <\/strong><strong data-node-id=\"17.2\">especializada en psiconutrici\u00f3n y acompa\u00f1amiento emocional y t\u00e9cnica en nutrici\u00f3n humana y diet\u00e9tica en <\/strong><a href=\"https:\/\/lonvital.com\/\" target=\"_blank\" rel=\"nofollow noopener\" data-vars-ga-outbound-link=\"https:\/\/lonvital.com\/\" data-vars-ga-ux-element=\"Hyperlink\" data-vars-ga-call-to-action=\"Lonvital\" data-node-id=\"17.3\" class=\"body-link css-1kzkd1m emevuu60\">Lonvital<\/a>.<\/p>\n<p><img draggable=\"true\" alt=\"sad young man sitting in a modern kitchen, looking down with disgust at the unhealthy meal before him, reflecting disappointment over his dietary choices and unhealthy lifestyle\" title=\"Sad young man disgusted by unhealthy food on fork in kitchen\" loading=\"lazy\" width=\"7008\" height=\"4672\" decoding=\"async\" data-nimg=\"1\" style=\"color:transparent;width:100%;height:auto;\"   src=\"https:\/\/www.europesays.com\/es\/wp-content\/uploads\/2025\/11\/gettyimages-2215526821-68fb14764512c.jpg\" class=\"css-0 e1g79fud0\"\/><\/p>\n<p>Milan Markovic<\/p>\n<p data-journey-content=\"true\" data-node-id=\"20\" class=\"css-6wxqfj emevuu60\">Las dietas restrictivas provocan, adem\u00e1s de hambre, irritabilidad y tristeza. Cuando se reduce dr\u00e1sticamente la ingesta o se eliminan grupos de alimentos, \u201cel cuerpo interpreta la situaci\u00f3n como una forma de estr\u00e9s. Esto activa respuestas hormonales como el aumento del cortisol y altera la disponibilidad de neurotransmisores relacionados con el bienestar, como la serotonina y la dopamina. Por eso muchas personas refieren irritabilidad, fatiga o cambios de humor durante periodos de restricci\u00f3n. A nivel emocional, se genera un ciclo frustrante: cuanto m\u00e1s se intenta controlar, m\u00e1s aumenta la tensi\u00f3n interna, lo que puede derivar en episodios de <a href=\"https:\/\/www.esquire.com\/es\/actualidad\/a34711820\/como-controlar-ansiedad-nervios\/\" target=\"_blank\" data-vars-ga-outbound-link=\"https:\/\/www.esquire.com\/es\/actualidad\/a34711820\/como-controlar-ansiedad-nervios\/\" data-vars-ga-ux-element=\"Hyperlink\" data-vars-ga-call-to-action=\"ansiedad\" data-node-id=\"20.1\" class=\"body-link css-1kzkd1m emevuu60\" rel=\"nofollow noopener\">ansiedad<\/a> o desmotivaci\u00f3n -detalla la psic\u00f3loga-. M\u00e1s all\u00e1 de los efectos fisiol\u00f3gicos, <strong data-node-id=\"20.3\">las dietas influyen en la manera en que los hombres piensan, se perciben y se tratan a s\u00ed mismos<\/strong>. El discurso interno suele volverse exigente y cr\u00edtico: \u2018Hoy lo he hecho mal\u2019, \u2018no tengo fuerza de voluntad\u2019. Este tipo de pensamientos, sostenidos en el tiempo, erosionan la autoestima y la motivaci\u00f3n, generando un malestar psicol\u00f3gico que muchas veces se normaliza como parte del proceso de \u2018ponerse a dieta\u2019. Diversas investigaciones en psicolog\u00eda de la alimentaci\u00f3n han mostrado que el exceso de autoexigencia y culpa predispone a la ansiedad y a la tristeza, especialmente cuando la alimentaci\u00f3n se percibe como una fuente de control o castigo\u201d.<\/p>\n<p>La relaci\u00f3n con la comida afecta a nuestro estado de \u00e1nimo<\/p>\n<p data-journey-content=\"true\" data-node-id=\"23\" class=\"css-6wxqfj emevuu60\">\u201cEl estado de \u00e1nimo influye en la forma en que comemos, y la forma en que comemos influye en c\u00f3mo nos sentimos. Cuando la <a href=\"https:\/\/www.esquire.com\/es\/cuidados-hombre\/a46101983\/dieta-hombre-adelgazar-alimentacion-intuitiva\/\" target=\"_blank\" data-vars-ga-outbound-link=\"https:\/\/www.esquire.com\/es\/cuidados-hombre\/a46101983\/dieta-hombre-adelgazar-alimentacion-intuitiva\/\" data-vars-ga-ux-element=\"Hyperlink\" data-vars-ga-call-to-action=\"alimentaci\u00f3n\" data-node-id=\"23.1\" class=\"body-link css-1kzkd1m emevuu60\" rel=\"nofollow noopener\">alimentaci\u00f3n<\/a> se convierte en una fuente de estr\u00e9s, comer deja de ser un acto de nutrici\u00f3n y placer para transformarse en una conducta vigilada. Esto puede favorecer episodios de hambre emocional o descontrol alimentario, provocando sensaci\u00f3n de \u2018fracaso\u2019 y la p\u00e9rdida de confianza en el propio cuerpo\u201d, asegura Cristina Huelva que nos propone, desde un enfoque psiconutricional, <strong data-node-id=\"23.3\">c\u00f3mo cuidar la alimentaci\u00f3n sin da\u00f1ar el bienestar emocional<\/strong>, un modelo de acompa\u00f1amiento basado en la comprensi\u00f3n, no en el control. Esto implica:<\/p>\n<ul data-node-id=\"24\" class=\"css-kw9lqy emevuu60\">\n<li data-node-id=\"24.0\">Escuchar las se\u00f1ales internas de hambre, saciedad y placer.<\/li>\n<li data-node-id=\"24.1\">Entender el papel de las emociones en la elecci\u00f3n de alimentos.<\/li>\n<li data-node-id=\"24.2\">Evitar la clasificaci\u00f3n r\u00edgida entre \u2018comidas buenas\u2019 y \u2018comidas malas\u2019.<\/li>\n<li data-node-id=\"24.3\">Fomentar el autocuidado, no la autoexigencia.<\/li>\n<\/ul>\n<p data-journey-content=\"true\" data-node-id=\"26\" class=\"css-6wxqfj emevuu60\">Debemos mantener una relaci\u00f3n sana y flexible con la comida, cuidar la salud sin sacrificar el bienestar emocional .\u201cLas dietas no solo cambian el cuerpo, tambi\u00e9n modifican el estado de \u00e1nimo, la motivaci\u00f3n y la relaci\u00f3n con uno mismo. Los enfoques restrictivos pueden mejorar algunos par\u00e1metros f\u00edsicos a corto plazo, pero a menudo deterioran la estabilidad emocional y la percepci\u00f3n de control personal. El verdadero bienestar surge cuando la alimentaci\u00f3n se aborda desde una mirada integral, que tenga en cuenta tanto la biolog\u00eda como la emoci\u00f3n. Cuidarse no deber\u00eda generar angustia, sino equilibrio.<strong data-node-id=\"26.1\"> Antes de iniciar un cambio alimentario, preg\u00fantate: \u2018\u00bfEstoy buscando cuidarme o controlarme?\u2019<\/strong> La respuesta marcar\u00e1 la diferencia entre el bienestar y el agotamiento emocional\u201d, recomienda la experta en psiconutrici\u00f3n y acompa\u00f1amiento emocional.<\/p>\n<p data-journey-content=\"true\" data-node-id=\"28\" class=\"css-6wxqfj emevuu60\">\u201cLa salud digestiva es clave. <strong data-node-id=\"28.1\">Una digesti\u00f3n eficiente asegura que los nutrientes se absorban de manera adecuada, algo esencial para el equilibrio de neurotransmisores<\/strong> como la serotonina, conocida como la \u2018hormona de la felicidad\u2019. La mayor parte de la serotonina se produce en el intestino, donde se sintetiza a partir del tript\u00f3fano -amino\u00e1cido esencial que debe aportarse a trav\u00e9s de la alimentaci\u00f3n-. Por tanto, si la salud digestiva est\u00e1 comprometida, el estado emocional tambi\u00e9n puede verse alterado. La alteraci\u00f3n de la microbiota -que puede deberse a <a href=\"https:\/\/www.esquire.com\/es\/cuidados-hombre\/a60371758\/comer-grasa-deja-calvo-engordar-caida-pelo-hombre\/\" target=\"_blank\" data-vars-ga-outbound-link=\"https:\/\/www.esquire.com\/es\/cuidados-hombre\/a60371758\/comer-grasa-deja-calvo-engordar-caida-pelo-hombre\/\" data-vars-ga-ux-element=\"Hyperlink\" data-vars-ga-call-to-action=\"si comes demasiada grasa\" data-node-id=\"28.3\" class=\"body-link css-1kzkd1m emevuu60\" rel=\"nofollow noopener\">si comes demasiada grasa<\/a>, a una alimentaci\u00f3n inadecuada o al estr\u00e9s, entre otros factores- genera inflamaci\u00f3n de bajo grado: un estado en el que el cuerpo mantiene una respuesta inmunitaria constante. Aumenta la permeabilidad de la barrera intestinal, permitiendo el paso de toxinas y mol\u00e9culas proinflamatorias al torrente sangu\u00edneo, lo que puede afectar tanto al cerebro como al estado de \u00e1nimo\u201d, explica Elvira Bereng\u00fc\u00ed.<\/p>\n<p>Cuidar la alimentaci\u00f3n mejora la salud tanto digestiva como cognitiva <\/p>\n<p data-journey-content=\"true\" data-node-id=\"31\" class=\"css-6wxqfj emevuu60\">\u201cRecomendamos que la alimentaci\u00f3n diaria incluya prote\u00ednas magras y de alta calidad, que aporten amino\u00e1cidos esenciales como el tript\u00f3fano. Una dieta rica en fibra y con un adecuado aporte de probi\u00f3ticos y prebi\u00f3ticos, ya que estos favorecen el equilibrio de la microbiota intestinal, contribuyendo a una mejor funci\u00f3n digestiva, una menor inflamaci\u00f3n y un mayor bienestar emocional. Hay que aprender a disfrutar de los alimentos de manera saludable, sin olvidar que el ejercicio, la gesti\u00f3n del estr\u00e9s y el <a href=\"https:\/\/www.esquire.com\/es\/salud-fitness-running\/a35496409\/como-acortar-periodo-recuperacion-descanso-activo\/\" target=\"_blank\" data-vars-ga-outbound-link=\"https:\/\/www.esquire.com\/es\/salud-fitness-running\/a35496409\/como-acortar-periodo-recuperacion-descanso-activo\/\" data-vars-ga-ux-element=\"Hyperlink\" data-vars-ga-call-to-action=\"descanso\" data-node-id=\"31.1\" class=\"body-link css-1kzkd1m emevuu60\" rel=\"nofollow noopener\">descanso<\/a> act\u00faan de forma sin\u00e9rgica para mejorar la salud metab\u00f3lica. En definitiva, <strong data-node-id=\"31.3\">cuidar la salud digestiva potencia el bienestar emocional<\/strong> y facilita una relaci\u00f3n m\u00e1s consciente y equilibrada con la comida\u201d, insiste Elvira.<\/p>\n<p>Alimentos que ayudan a regular el estado de \u00e1nimo<\/p>\n<p data-journey-content=\"true\" data-node-id=\"34\" class=\"css-6wxqfj emevuu60\">El contenido de tript\u00f3fano, magnesio y antioxidantes en determinados alimentos contribuye a procesos bioqu\u00edmicos esenciales para la s\u00edntesis y regulaci\u00f3n de neurotransmisores implicados en el equilibrio emocional. Ayudan al organismo a producir serotonina y dopamina, clave en la sensaci\u00f3n de calma, motivaci\u00f3n y bienestar. \u00abLa alimentaci\u00f3n tiene un papel mucho m\u00e1s importante en el estado de \u00e1nimo de lo que a menudo se piensa. Si el tript\u00f3fano act\u00faa como materia prima para fabricar serotonina, pMil graciasMMMMmMil millllllllllor su parte, el magnesio contribuye a reducir la tensi\u00f3n f\u00edsica y mental, y los antioxidantes ayudan a proteger nuestras c\u00e9lulas del da\u00f1o causado por el estr\u00e9s oxidativo. Incluir estos nutrientes de forma habitual en la dieta puede darle al cuerpo el apoyo necesario para sentirse mejor y mantener un equilibrio emocional\u00bb, se\u00f1ala <strong data-node-id=\"34.1\">Ingrid Daniele, nutricionista de<\/strong> <a href=\"https:\/\/segurossalud.sanitas.es\/dlandings\/aon\/sem\/ci\/massalud?_gl=1*1ka3t41*_up*MQ..*_gs*MQ..&amp;gclid=CjwKCAjwpOfHBhAxEiwAm1SwEjGbp7iczh8YrT6J7fsfQ6BO7gnFXVmuHe-Mf-TzVw83az53UHh_jxoCUMsQAvD_BwE&amp;gclsrc=aw.ds\" target=\"_blank\" rel=\"nofollow noopener\" data-vars-ga-outbound-link=\"https:\/\/segurossalud.sanitas.es\/dlandings\/aon\/sem\/ci\/massalud?_gl=1*1ka3t41*_up*MQ..*_gs*MQ..&amp;gclid=CjwKCAjwpOfHBhAxEiwAm1SwEjGbp7iczh8YrT6J7fsfQ6BO7gnFXVmuHe-Mf-TzVw83az53UHh_jxoCUMsQAvD_BwE&amp;gclsrc=aw.ds\" data-vars-ga-ux-element=\"Hyperlink\" data-vars-ga-call-to-action=\"Blua de Sanitas\" data-node-id=\"34.3\" class=\"body-link css-1kzkd1m emevuu60\">Blua de Sanitas<\/a>, que ha elaborado un listado con algunos alimentos que destacan por su capacidad para favorecer la salud f\u00edsica y mental. <\/p>\n<ul data-node-id=\"35\" class=\"css-kw9lqy emevuu60\">\n<li data-node-id=\"35.0\">Calabaza y boniato. Ricos en betacarotenos (precursores de la vitamina A), antioxidantes y carbohidratos complejos, proporcionan <strong data-node-id=\"35.0.2\">energ\u00eda de forma sostenida<\/strong>, lo que ayuda a evitar fluctuaciones en los niveles de glucosa y la fatiga asociada.<\/li>\n<li data-node-id=\"35.1\">Uvas y granadas. Su elevado contenido en polifenoles, resveratrol y vitamina C les confiere propiedades antiinflamatorias y antioxidantes. Estos compuestos contribuyen a mejorar la circulaci\u00f3n sangu\u00ednea y a proteger a las c\u00e9lulas del da\u00f1o oxidativo, lo que puede favorecer una mayor vitalidad y <strong data-node-id=\"35.1.2\">prevenir el decaimiento f\u00edsico y mental<\/strong>.<\/li>\n<li data-node-id=\"35.2\">Setas. Destacan por su contenido en <a href=\"https:\/\/www.esquire.com\/es\/cuidados-hombre\/a65059681\/como-aguantar-mas-en-el-sexo-hombre-consejos-mejorar-ereccion-vitamina-d\/\" target=\"_blank\" data-vars-ga-outbound-link=\"https:\/\/www.esquire.com\/es\/cuidados-hombre\/a65059681\/como-aguantar-mas-en-el-sexo-hombre-consejos-mejorar-ereccion-vitamina-d\/\" data-vars-ga-ux-element=\"Hyperlink\" data-vars-ga-call-to-action=\"vitamina D\" data-node-id=\"35.2.2\" class=\"body-link css-1kzkd1m emevuu60\" rel=\"nofollow noopener\">vitamina D<\/a>, clave para el funcionamiento del sistema inmunol\u00f3gico y la s\u00edntesis de serotonina, neurotransmisor relacionado con el <strong data-node-id=\"35.2.4\">estado de \u00e1nimo<\/strong>.<\/li>\n<li data-node-id=\"35.3\">Frutos secos. Nueces, almendras o avellanas son una fuente natural de magnesio, \u00e1cidos grasos omega 3 y antioxidantes como la vitamina E. Estos nutrientes contribuyen al correcto funcionamiento del sistema nervioso, y se han asociado con mejoras en la memoria, la concentraci\u00f3n y la <strong data-node-id=\"35.3.2\">regulaci\u00f3n emocional<\/strong>. <\/li>\n<li data-node-id=\"35.4\">Legumbres. Lentejas, garbanzos y alubias destacan por su contenido en tript\u00f3fano, prote\u00ednas vegetales de buena calidad y fibra soluble e insoluble. Estos componentes favorecen la producci\u00f3n de serotonina y promueven un adecuado tr\u00e1nsito intestinal, lo que resulta clave en el <strong data-node-id=\"35.4.2\">equilibrio emocional<\/strong> a trav\u00e9s del eje intestino-cerebro.<\/li>\n<li data-node-id=\"35.5\">Chocolate negro con alto contenido en cacao, 70% o m\u00e1s. Aporta flavonoides, magnesio y peque\u00f1as dosis de cafe\u00edna. Todo ello estimula la producci\u00f3n de endorfinas, asociadas a la <strong data-node-id=\"35.5.2\">sensaci\u00f3n de placer y bienestar<\/strong>. <\/li>\n<\/ul>\n<p data-journey-content=\"true\" data-node-id=\"37\" class=\"css-6wxqfj emevuu60\">\u201cSeguir <strong data-node-id=\"37.1\">una dieta variada y rica en productos frescos y de temporada, adem\u00e1s de ayudar a que el organismo funcione mejor, influye directamente en c\u00f3mo nos sentimos<\/strong>. De hecho, una alimentaci\u00f3n equilibrada es, en muchos casos, la primera medida para prevenir problemas emocionales como el cansancio cr\u00f3nico o los cambios de humor\u201d, concluye Ingrid Daniele.<\/p>\n<p><img src=\"https:\/\/www.europesays.com\/es\/wp-content\/uploads\/2025\/11\/06918c56-4940-4ac1-9b1d-b0313d15ef7b_1707470404.file\" alt=\"Headshot of Mayte Mart\u00ednez\" title=\"Headshot of Mayte Mart\u00ednez\" width=\"100%\" height=\"100%\" decoding=\"async\" loading=\"lazy\" class=\"css-o0wq4v ev8dhu53\"\/><\/p>\n<p>Mayte Mart\u00ednez es experta en belleza y temas de salud y dietas, temas de los que escribe habitualmente en medios de comunicaci\u00f3n generalistas y espec\u00edficamente beauties, tanto al p\u00fablico general como a profesionales del sector. Siempre al d\u00eda de los \u00faltimos lanzamientos de cosm\u00e9tica, medicina est\u00e9tica y cirug\u00eda as\u00ed como pendiente de las modas diet\u00e9ticas para comprobar, con asesoramiento endocrino, su eficacia, seguimiento nutricional y posibles efectos adversos en la salud, cuenta lo que le cuentan traduciendo a lenguaje de calle la jerga m\u00e9dica.<\/p>\n<p>Tras casi 30 a\u00f1os escribiendo de productos, centros de est\u00e9tica y \u00faltimas tecnolog\u00edas para estar m\u00e1s guapo, cada d\u00eda le gusta m\u00e1s hablar sobre su particular visi\u00f3n de este mundo est\u00e9tico que muchos catalogan de fr\u00edvolo y que para ella es casi una filosof\u00eda. Le encanta informar y dar su visi\u00f3n particular sobre tendencias, lugares de belleza \u2013desde peluquer\u00edas, institutos o salones de manipedi hasta Spas. Balnearios u hoteles donde el cuidado personal es una tradici\u00f3n-, nutrici\u00f3n, un poco de psico y todo lo bonito que conlleva la armon\u00eda y el bienestar. Porque para ella todo es belleza, los pensamientos, las relaciones con nosotros mismo, con los dem\u00e1s y con nuestro entorno. La vida.<\/p>\n<p>Mayte Mart\u00ednez se licenci\u00f3 en Ciencias de la Informaci\u00f3n, rama periodismo, en la Universidad Complutense de Madrid (UCM). Posteriormente hizo un master en comunicaci\u00f3n corporativa y publicidad, tambi\u00e9n en la UCM. Empez\u00f3 a trabajar en la radio a la vez que colaboraba en distintas revistas de inter\u00e9s general. Durante 20 a\u00f1os fue directora de belleza de la revista M\u00eda, del desaparecido grupo G+J, de gran relevancia durante la d\u00e9cada de los 90 y 2000. Ha colaborado en otros grupos editoriales y revistas como Prisa, Buena Vida, Globus, Prensa hispanoamericana, Expertos en Est\u00e9tica, Grupo V, Love, Cond\u00e9 Nast, Glamour, etc. \u00a0<\/p>\n","protected":false},"excerpt":{"rendered":"Estudios recogidos en gastroenterolog\u00eda y hepatolog\u00eda estiman que el 45% de la poblaci\u00f3n experimenta s\u00edntomas como hinchaz\u00f3n, diarrea&hellip;\n","protected":false},"author":2,"featured_media":214372,"comment_status":"","ping_status":"","sticky":false,"template":"","format":"standard","meta":{"footnotes":""},"categories":[92],"tags":[253,25,24,165,166,975,23],"class_list":{"0":"post-214371","1":"post","2":"type-post","3":"status-publish","4":"format-standard","5":"has-post-thumbnail","7":"category-salud","8":"tag-discover","9":"tag-es","10":"tag-espana","11":"tag-health","12":"tag-salud","13":"tag-seo","14":"tag-spain"},"share_on_mastodon":{"url":"https:\/\/pubeurope.com\/@es\/115480076246383209","error":""},"_links":{"self":[{"href":"https:\/\/www.europesays.com\/es\/wp-json\/wp\/v2\/posts\/214371","targetHints":{"allow":["GET"]}}],"collection":[{"href":"https:\/\/www.europesays.com\/es\/wp-json\/wp\/v2\/posts"}],"about":[{"href":"https:\/\/www.europesays.com\/es\/wp-json\/wp\/v2\/types\/post"}],"author":[{"embeddable":true,"href":"https:\/\/www.europesays.com\/es\/wp-json\/wp\/v2\/users\/2"}],"replies":[{"embeddable":true,"href":"https:\/\/www.europesays.com\/es\/wp-json\/wp\/v2\/comments?post=214371"}],"version-history":[{"count":0,"href":"https:\/\/www.europesays.com\/es\/wp-json\/wp\/v2\/posts\/214371\/revisions"}],"wp:featuredmedia":[{"embeddable":true,"href":"https:\/\/www.europesays.com\/es\/wp-json\/wp\/v2\/media\/214372"}],"wp:attachment":[{"href":"https:\/\/www.europesays.com\/es\/wp-json\/wp\/v2\/media?parent=214371"}],"wp:term":[{"taxonomy":"category","embeddable":true,"href":"https:\/\/www.europesays.com\/es\/wp-json\/wp\/v2\/categories?post=214371"},{"taxonomy":"post_tag","embeddable":true,"href":"https:\/\/www.europesays.com\/es\/wp-json\/wp\/v2\/tags?post=214371"}],"curies":[{"name":"wp","href":"https:\/\/api.w.org\/{rel}","templated":true}]}}