{"id":214381,"date":"2025-11-02T12:32:13","date_gmt":"2025-11-02T12:32:13","guid":{"rendered":"https:\/\/www.europesays.com\/es\/214381\/"},"modified":"2025-11-02T12:32:13","modified_gmt":"2025-11-02T12:32:13","slug":"miguel-indurain-la-confesion-de-su-rival-que-gano-un-tour-de-francia-iba-dopado-hasta-las-trancas","status":"publish","type":"post","link":"https:\/\/www.europesays.com\/es\/214381\/","title":{"rendered":"Miguel Indur\u00e1in | La confesi\u00f3n de su rival que gan\u00f3 un Tour de Francia: \u00abIba dopado hasta las trancas\u00bb"},"content":{"rendered":"<p class=\"ft-text\"><a class=\"ft-link ft-link--decoration\" href=\"https:\/\/www.superdeporte.es\/tags\/miguel-indurain\/\" target=\"_blank\" rel=\"nofollow noopener\"><strong>Miguel Indur\u00e1in<\/strong><\/a>\u00a0fue el \u00faltimo gran campe\u00f3n del ciclismo puro para muchos aficionados. El navarro domin\u00f3 cinco Tours de Francia consecutivos entre 1991 y 1995 con una autoridad serena, alejado de las sospechas que m\u00e1s tarde ensombrecer\u00edan una \u00e9poca entera del deporte. Ahora, casi tres d\u00e9cadas despu\u00e9s,\u00a0<strong>uno de sus mayores rivales en aquella \u00e9poca, el dan\u00e9s Bjarne Riis, removi\u00f3 los fantasmas del pasado<\/strong>\u00a0con una confesi\u00f3n cruda: \u00ab<strong>Estaba dopado hasta las trancas cuando gan\u00e9 el Tour<\/strong>\u00ab.<\/p>\n<p class=\"ft-text\"><strong>Riis se impuso en el Tour de Francia de 1996\u00a0<\/strong>(a\u00f1os despu\u00e9s le retiraron la victoria), justo la edici\u00f3n posterior al \u00faltimo t\u00edtulo de\u00a0<strong>Indur\u00e1in<\/strong>. Lo hizo tras una temporada marcada por el cambio de ciclo, el desgaste del navarro y la irrupci\u00f3n de corredores como\u00a0<strong>Ullrich<\/strong>,\u00a0<strong>Virenque\u00a0<\/strong>y\u00a0<strong>Pantani<\/strong>. Sin embargo,\u00a0<strong>la victoria del dan\u00e9s siempre estuvo bajo sospecha<\/strong>. Ya en 2007, confes\u00f3 el uso de EPO durante a\u00f1os. Lo que ha sorprendido ahora ha sido el tono: sin filtro, sin matices, sin justificaciones.<\/p>\n<p class=\"ft-text\">Durante una charla en un foro deportivo en Copenhague,\u00a0<strong>Riis\u00a0<\/strong>dijo textualmente: \u00ab<strong>Estaba completamente dopado. Yo sab\u00eda lo que hac\u00eda. No me arrepiento porque fue parte de ese tiempo y de un sistema que todos aceptamos en silencio<\/strong>\u00ab. La afirmaci\u00f3n, lejos de querer limpiar su imagen, parece tener un efecto cat\u00e1rtico, como si Riis necesitara expiar algo que sigue presente.<\/p>\n<p class=\"ft-text\">Para los aficionados espa\u00f1oles, esta revelaci\u00f3n tiene un sabor amargo.\u00a0<strong>Riis fue uno de los pocos que lleg\u00f3 a mirar de t\u00fa a t\u00fa a Indur\u00e1in<\/strong>\u00a0en su \u00faltima etapa como dominador. En el Tour de 1995, el dan\u00e9s fue tercero, solo por detr\u00e1s del navarro y del suizo\u00a0<strong>Alex Z\u00fclle<\/strong>. Ya entonces, su rendimiento en monta\u00f1a gener\u00f3 m\u00e1s de una ceja levantada.<\/p>\n<p class=\"ft-text\">El recuerdo m\u00e1s impactante de aquel <a class=\"ft-link ft-link--decoration\" href=\"https:\/\/www.superdeporte.es\/tag\/tour-de-francia\/\" rel=\"nofollow noopener\" target=\"_blank\">Tour<\/a> 1996<strong>\u00a0fue su ataque demoledor en Hautacam, donde revent\u00f3 la carrera<\/strong>. Esa jornada es hoy vista como uno de los momentos m\u00e1s turbios del ciclismo moderno.\u00a0<strong>Riis sub\u00eda mirando a c\u00e1mara, sin apenas esfuerzo aparente. Muchos vieron en esa imagen el inicio de la \u00abera EPO\u00bb<\/strong>. A\u00f1os despu\u00e9s, los an\u00e1lisis confirmaron las sospechas.<\/p>\n<p class=\"ft-text\">La figura de\u00a0<strong>Riis\u00a0<\/strong>ha sido pol\u00e9mica desde entonces. Como director del CSC fue mentor de corredores como<strong>\u00a0Ivan<\/strong>\u00a0<strong>Basso\u00a0<\/strong>o\u00a0<strong>Carlos Sastre<\/strong>, y su nombre siempre ha estado ligado a estructuras de dudosa \u00e9tica competitiva. Su confesi\u00f3n de estos d\u00edas, sin embargo, ha devuelto a la conversaci\u00f3n el contraste con figuras como\u00a0<strong>Indur\u00e1in<\/strong>, que nunca dieron positivo ni estuvieron bajo investigaciones formales.<\/p>\n<p>Un secreto a voces que no cambiar\u00e1 el palmar\u00e9s<\/p>\n<p class=\"ft-text\">En redes sociales, los aficionados no han tardado en reaccionar. \u00ab<strong>Todo el mundo lo sab\u00eda, pero que lo diga as\u00ed duele<\/strong>\u00ab, dec\u00eda un usuario. Otros, m\u00e1s viscerales, reclamaban que se le retire oficialmente el Tour. Pero muchos otros aprovecharon para reivindicar la figura de Indur\u00e1in: \u00ab<strong>Ahora m\u00e1s que nunca, lo de Miguel tiene a\u00fan m\u00e1s valor<\/strong>\u00ab.<\/p>\n<p><img decoding=\"async\" src=\"https:\/\/www.europesays.com\/es\/wp-content\/uploads\/2025\/11\/4cb5acb8-ba83-4003-b87b-4f8c040215b7_alta-libre-aspect-ratio_default_0_x603y345.jpg\" width=\"1200\" height=\"694\" alt=\"Miguel Indurain y Alejandro Valverde, en la salida de la Quebrantahuesos\" class=\"ft-helper-img-rd\" loading=\"lazy\" hasdataaida=\"true\"\/><\/p>\n<p class=\"ft-helper-fontColor-quaternary ft-helper-fontSize-body-S ft-helper-spacer-t-xxs\">Miguel Indurain y Alejandro Valverde, en la salida de la Quebrantahuesos  \/ @QHyTR<\/p>\n<p class=\"ft-text\">La confesi\u00f3n de\u00a0<strong>Riis\u00a0<\/strong>no cambiar\u00e1 el palmar\u00e9s, pero s\u00ed reabre heridas. Y confirma que, aunque el ciclismo ha evolucionado, su pasado todav\u00eda no est\u00e1 del todo cerrado.<\/p>\n","protected":false},"excerpt":{"rendered":"Miguel Indur\u00e1in\u00a0fue el \u00faltimo gran campe\u00f3n del ciclismo puro para muchos aficionados. El navarro domin\u00f3 cinco Tours de&hellip;\n","protected":false},"author":2,"featured_media":214382,"comment_status":"","ping_status":"","sticky":false,"template":"","format":"standard","meta":{"footnotes":""},"categories":[273],"tags":[2984,313,24235,312,168,16580,25,24,317,5557,4099,2549,6260,23,167,316,462],"class_list":{"0":"post-214381","1":"post","2":"type-post","3":"status-publish","4":"format-standard","5":"has-post-thumbnail","7":"category-ciclismo","8":"tag-aficionados","9":"tag-ciclismo","10":"tag-confesion","11":"tag-cycling","12":"tag-deportes","13":"tag-dopaje","14":"tag-es","15":"tag-espana","16":"tag-francia","17":"tag-gano","18":"tag-indurain","19":"tag-miguel-indurain","20":"tag-rival","21":"tag-spain","22":"tag-sports","23":"tag-tour","24":"tag-tour-de-francia"},"share_on_mastodon":{"url":"https:\/\/pubeurope.com\/@es\/115480123572909811","error":""},"_links":{"self":[{"href":"https:\/\/www.europesays.com\/es\/wp-json\/wp\/v2\/posts\/214381","targetHints":{"allow":["GET"]}}],"collection":[{"href":"https:\/\/www.europesays.com\/es\/wp-json\/wp\/v2\/posts"}],"about":[{"href":"https:\/\/www.europesays.com\/es\/wp-json\/wp\/v2\/types\/post"}],"author":[{"embeddable":true,"href":"https:\/\/www.europesays.com\/es\/wp-json\/wp\/v2\/users\/2"}],"replies":[{"embeddable":true,"href":"https:\/\/www.europesays.com\/es\/wp-json\/wp\/v2\/comments?post=214381"}],"version-history":[{"count":0,"href":"https:\/\/www.europesays.com\/es\/wp-json\/wp\/v2\/posts\/214381\/revisions"}],"wp:featuredmedia":[{"embeddable":true,"href":"https:\/\/www.europesays.com\/es\/wp-json\/wp\/v2\/media\/214382"}],"wp:attachment":[{"href":"https:\/\/www.europesays.com\/es\/wp-json\/wp\/v2\/media?parent=214381"}],"wp:term":[{"taxonomy":"category","embeddable":true,"href":"https:\/\/www.europesays.com\/es\/wp-json\/wp\/v2\/categories?post=214381"},{"taxonomy":"post_tag","embeddable":true,"href":"https:\/\/www.europesays.com\/es\/wp-json\/wp\/v2\/tags?post=214381"}],"curies":[{"name":"wp","href":"https:\/\/api.w.org\/{rel}","templated":true}]}}