{"id":214383,"date":"2025-11-02T12:34:15","date_gmt":"2025-11-02T12:34:15","guid":{"rendered":"https:\/\/www.europesays.com\/es\/214383\/"},"modified":"2025-11-02T12:34:15","modified_gmt":"2025-11-02T12:34:15","slug":"el-barca-va-a-mas-cuando-llega-el-ucam-murcia","status":"publish","type":"post","link":"https:\/\/www.europesays.com\/es\/214383\/","title":{"rendered":"El Bar\u00e7a va a m\u00e1s cuando llega el UCAM Murcia"},"content":{"rendered":"<p><a class=\"v-mdl-ath__fig-a\" href=\"https:\/\/www.laverdad.es\/autor\/emilio-sanchez-bolea-4245.html\" title=\"Emilio S\u00e1nchez-Bolea\" rel=\"nofollow noopener\" target=\"_blank\"><br \/>\n<img decoding=\"async\" class=\"v-mdl-ath__img\" src=\"https:\/\/www.europesays.com\/es\/wp-content\/uploads\/2025\/08\/1756359733_994_autor-4245-foto-2.png\" alt=\"Emilio S\u00e1nchez-Bolea\"\/><br \/>\n<\/a><\/p>\n<p class=\"v-mdl-ath__p v-mdl-ath__p--6\">\nDomingo, 2 de noviembre 2025, 08:16<\/p>\n<p class=\"v-p\">Cada vez son m\u00e1s las semanas en que la Euroliga plantea dos partidos entre semana a sus equipos, pero no siempre, por lo que, si  &#8230; se puede elegir, mejor que cuando el calendario de la Liga Endesa reserva un enfrentamiento ante los m\u00e1s grandes de la competici\u00f3n, mejor hacerlo cuando el rival pasa por ese desgaste. El UCAM ha tenido esa suerte y, a la vez, esa desdicha. El Bar\u00e7a llega al enfrentamiento de hoy despu\u00e9s de jugar martes y viernes dos intensos partidos resueltos por dos puntos cada uno. Ambos, a su favor, primero en el Palau ante el Mil\u00e1n (74-72) y, antes de ayer, en Belgrado ante el Partiz\u00e1n con un triple de Clyburn desde casi el centro de la pista (76-78).<\/p>\n<p class=\"v-p\">En un prematuro momento de la temporada para hablar de cansancio, son dos victorias que llenan de moral a un equipo necesitado de la misma. No sale el Bar\u00e7a de la irregularidad en que lleva instalado las \u00faltimas temporadas, pero, a talento, pocos le pueden hacer frente, pese a las bajas de Laprovittola y N\u00fa\u00f1ez. Y, con la flecha hacia arriba, eso hace todav\u00eda m\u00e1s peligroso a un equipo que, eso s\u00ed, tiene la distracci\u00f3n de que su pr\u00f3ximo partido en la competici\u00f3n es ante el Real Madrid.<\/p>\n<p class=\"v-scr__t\">Barcelona:<\/p>\n<p class=\"v-scr__p v-scr__p--3\">Marcos, Punter, Cale, Shengelia y Vesely -quinteto titular- Norris, Brizuela, Satoransky, Hernang\u00f3mez, Fall, Clyburn, Keita, Kusturica y Parra <\/p>\n<p class=\"v-scr__n-c v-scr__n-c--2\">\n&#8211;\n<\/p>\n<p class=\"v-scr__t\">UCAM Murcia:<\/p>\n<p class=\"v-scr__p v-scr__p--3\">De Julius, Ennis, Raieste, Nakic y Cacok -quinteto titular- Forrest, Garc\u00eda, Sant-Roos, Radebaugh, Falk, Cate, L\u00f3pez De la Torre, Diagne y Hicks.<\/p>\n<ul class=\"v-u\">\n<li class=\"v-u__l\">\n<p class=\"v-p\">\n\u00c1rbitros:<br \/>\nLuis Miguel Castillo, Arnau Padr\u00f3s e Iy\u00e1n Gonz\u00e1lez.\n<\/p>\n<\/li>\n<li class=\"v-u__l\">\n<p class=\"v-p\">\nPabell\u00f3n y hora:<br \/>\nPalau Blaugrana. 17.00 horas.\n<\/p>\n<\/li>\n<\/ul>\n<p>Golpe de efecto<\/p>\n<p class=\"v-p\">El UCAM, que buscar\u00e1 plantear un duelo de m\u00e1xima intensidad desde el salto inicial, se planta en un Palau donde solo gan\u00f3 en 2017 para buscar una victoria de las que tendr\u00edan intenso aroma a Copa del Rey. Los de Sito Alonso son terceros, con el mejor &#8216;basket-average&#8217; entre los equipos que han ganado tres partidos, y una victoria hoy le dar\u00eda su mejor arranque hist\u00f3rico tras cinco jornadas.<\/p>\n<p class=\"v-p\">Adem\u00e1s, hasta que el avanzar del calendario no diga otra cosa, el Bar\u00e7a es rival directo del UCAM estas semanas. Actualmente es noveno y ya ha sido sorprendido en casa, por el Lleida (86-91).<\/p>\n<p class=\"v-crt__t\"> L\u00edmite de sesiones alcanzadas<\/p>\n<p class=\"v-crt__p\">El acceso al contenido Premium est\u00e1 abierto por cortes\u00eda del establecimiento donde te encuentras, pero ahora mismo hay demasiados usuarios conectados a las vez.<\/p>\n<p class=\"v-crt__p\">Por favor, int\u00e9ntalo pasados unos minutos.<\/p>\n<p>\nVolver a intentar\n<\/p>\n<p class=\"v-crt__t\">Sesi\u00f3n cerrada<\/p>\n<p class=\"v-crt__p\">Al iniciar sesi\u00f3n desde un dispositivo distinto, por seguridad, se cerr\u00f3 la \u00faltima sesi\u00f3n en este.<\/p>\n<p class=\"v-crt__p\">Para continuar disfrutando de su suscripci\u00f3n digital, inicie sesi\u00f3n en este dispositivo.<\/p>\n<p>\nEste contenido es exclusivo para suscriptores\n<\/p>\n<p class=\"text\">\u00bfTienes una suscripci\u00f3n? <a href=\"https:\/\/secure.laverdad.es\/identidad\/inicio#vca=suscribete&amp;vso=laverdad&amp;vmc=on&amp;vli=cdn-ce-link-login\" class=\"login\" data-voc-vtm-id=\"comienzoSuscripcionON\" data-voc-vtm-info=\"cdn-ce-link-login\" rel=\"nofollow noopener\" target=\"_blank\">Inicia sesi\u00f3n<\/a><\/p>\n<p>Reporta un error<\/p>\n","protected":false},"excerpt":{"rendered":"Domingo, 2 de noviembre 2025, 08:16 Cada vez son m\u00e1s las semanas en que la Euroliga plantea dos&hellip;\n","protected":false},"author":2,"featured_media":214384,"comment_status":"","ping_status":"","sticky":false,"template":"","format":"standard","meta":{"footnotes":""},"categories":[269],"tags":[299,2296,298,168,25,24,5012,1478,23,167,9413],"class_list":{"0":"post-214383","1":"post","2":"type-post","3":"status-publish","4":"format-standard","5":"has-post-thumbnail","7":"category-baloncesto","8":"tag-baloncesto","9":"tag-barca","10":"tag-basketball","11":"tag-deportes","12":"tag-es","13":"tag-espana","14":"tag-llega","15":"tag-murcia","16":"tag-spain","17":"tag-sports","18":"tag-ucam"},"share_on_mastodon":{"url":"https:\/\/pubeurope.com\/@es\/115480131645584382","error":""},"_links":{"self":[{"href":"https:\/\/www.europesays.com\/es\/wp-json\/wp\/v2\/posts\/214383","targetHints":{"allow":["GET"]}}],"collection":[{"href":"https:\/\/www.europesays.com\/es\/wp-json\/wp\/v2\/posts"}],"about":[{"href":"https:\/\/www.europesays.com\/es\/wp-json\/wp\/v2\/types\/post"}],"author":[{"embeddable":true,"href":"https:\/\/www.europesays.com\/es\/wp-json\/wp\/v2\/users\/2"}],"replies":[{"embeddable":true,"href":"https:\/\/www.europesays.com\/es\/wp-json\/wp\/v2\/comments?post=214383"}],"version-history":[{"count":0,"href":"https:\/\/www.europesays.com\/es\/wp-json\/wp\/v2\/posts\/214383\/revisions"}],"wp:featuredmedia":[{"embeddable":true,"href":"https:\/\/www.europesays.com\/es\/wp-json\/wp\/v2\/media\/214384"}],"wp:attachment":[{"href":"https:\/\/www.europesays.com\/es\/wp-json\/wp\/v2\/media?parent=214383"}],"wp:term":[{"taxonomy":"category","embeddable":true,"href":"https:\/\/www.europesays.com\/es\/wp-json\/wp\/v2\/categories?post=214383"},{"taxonomy":"post_tag","embeddable":true,"href":"https:\/\/www.europesays.com\/es\/wp-json\/wp\/v2\/tags?post=214383"}],"curies":[{"name":"wp","href":"https:\/\/api.w.org\/{rel}","templated":true}]}}