{"id":214389,"date":"2025-11-02T12:37:13","date_gmt":"2025-11-02T12:37:13","guid":{"rendered":"https:\/\/www.europesays.com\/es\/214389\/"},"modified":"2025-11-02T12:37:13","modified_gmt":"2025-11-02T12:37:13","slug":"jesus-diez-el-artista-de-albacete-que-triunfa-en-europa-y-en-japon-hay-cosas-que-no-llegas-ni-a-sonar","status":"publish","type":"post","link":"https:\/\/www.europesays.com\/es\/214389\/","title":{"rendered":"Jes\u00fas D\u00edez, el artista de Albacete que triunfa en Europa y en Jap\u00f3n: \u00abHay cosas que no llegas ni a so\u00f1ar\u00bb"},"content":{"rendered":"<p>Jes\u00fas D\u00edez, natural de <a href=\"https:\/\/www.eldigitaldealbacete.com\/2025\/10\/25\/asi-es-la-finca-en-venta-mas-cara-de-albacete-una-joya-con-piscina-jardines-y-salon-de-juegos-que-cuesta-75-millones\/\" target=\"_blank\" rel=\"noreferrer noopener nofollow\">Albacete<\/a>, es una de esas personas que parecen vivir varias vidas al mismo tiempo. Compositor, guitarrista, productor, fot\u00f3grafo y profesional del mundo del videojuego, lleva a\u00f1os combinando la creatividad musical con la mirada art\u00edstica tras la c\u00e1mara.\u00a0<\/p>\n<p>Actualmente reside en Londres, pero su \u00faltima exposici\u00f3n fotogr\u00e1fica le ha llevado a Jap\u00f3n, pa\u00eds que considera su segunda casa. All\u00ed acaba de inaugurar <a href=\"https:\/\/www.eldigitaldealbacete.com\/2025\/10\/23\/la-feria-de-albacete-en-japon-gracias-a-jesus\/\" target=\"_blank\" rel=\"noreferrer noopener nofollow\">Cruce de Caminos: Albacete y Jap\u00f3n<\/a>, una muestra que une las tradiciones, emociones y paisajes de dos lugares que, a primera vista, parecen opuestos, pero que en su obra encuentran un buen equilibrio.<\/p>\n<p><img loading=\"lazy\" decoding=\"async\" width=\"1200\" height=\"675\" src=\"https:\/\/www.europesays.com\/es\/wp-content\/uploads\/2025\/11\/jesus1.jpeg\" alt=\"\" class=\"wp-image-1089041\"  \/>El albacete\u00f1o en Tokyo \/ Foto: cedida<\/p>\n<p>Su historia art\u00edstica comenz\u00f3 en la adolescencia, cuando descubri\u00f3 la m\u00fasica como un modo de dar sentido a la vida. \u00abEscuchando otros artistas hay algo que resuena, y de repente notas que t\u00fa tambi\u00e9n quieres crear algo, algo que te exprese y que llegue a ser inmortal\u00bb, recuerda.<\/p>\n<p>Esa pulsi\u00f3n creativa le llev\u00f3 a formar en 2005, junto a la vocalista Itea Benedicto, la banda de metal sinf\u00f3nico N\u00edobeth, un proyecto que alcanz\u00f3 notoriedad dentro y fuera de Espa\u00f1a. Con ellos public\u00f3 dos \u00e1lbumes \u2013The Shining Harmony of Universe (2008) y Silvery Moonbeams (2011)- que sonaron en Europa y Jap\u00f3n, acompa\u00f1ados de videoclips y giras por algunos de los festivales de rock y metal m\u00e1s importantes del pa\u00eds, como Leyendas del Rock o Vi\u00f1a Rock.<\/p>\n<p>\u00abFue una \u00e9poca muy bonita. Empezamos desde cero, sin apenas informaci\u00f3n ni recursos, y fuimos aprendiendo a base de inventar. Todo ese proceso de exploraci\u00f3n fue muy enriquecedor\u00bb, cuenta el albacete\u00f1o.\u00a0<\/p>\n<p>Los a\u00f1os con N\u00edobeth no solo le dejaron experiencias inolvidables -como su concierto sinf\u00f3nico con coro en el Teatro Circo de Albacete o una gira junto a la banda noruega Sirenia-, sino tambi\u00e9n la certeza de que el arte tiene un impacto profundo. \u00abRecuerdo el comentario de un chico de Brasil que dec\u00eda que una de nuestras canciones le hab\u00eda salvado la vida. Al final, el arte tiene un poder inmenso y es bueno recordarlo\u00bb, se\u00f1ala.<\/p>\n<p>La belleza de lo ef\u00edmero<\/p>\n<p>Tras la disoluci\u00f3n del grupo en 2011, D\u00edez continu\u00f3 su camino en solitario. En 2016 lanz\u00f3 Mono no Aware, un \u00e1lbum donde fusiona el metal sinf\u00f3nico con instrumentos tradicionales japoneses como el koto, el shamisen o el taiko, buscando capturar esa est\u00e9tica nipona que encuentra belleza en lo pasajero. \u00abM\u00e1s que un nuevo comienzo, fue una continuaci\u00f3n. No me rindo f\u00e1cilmente, y la m\u00fasica es algo a lo que he entregado mi vida\u00bb, dice.<\/p>\n<p><img loading=\"lazy\" decoding=\"async\" width=\"1200\" height=\"1198\" src=\"https:\/\/www.europesays.com\/es\/wp-content\/uploads\/2025\/11\/jesus4.jpeg\" alt=\"\" class=\"wp-image-1089043\"  \/>En el Teatro Circo tras la grabaci\u00f3n del videoclip de \u2018Mono no Aware\u2019 \/ Foto: cedida<\/p>\n<p>El disco fue acompa\u00f1ado de videoclips rodados en Kioto y Albacete, como el de la canci\u00f3n hom\u00f3nima, y m\u00e1s tarde del tema instrumental \u00abSolitude\u00bb, que reafirma su inter\u00e9s por la introspecci\u00f3n y el equilibrio entre culturas.<\/p>\n<p>De la m\u00fasica a la fotograf\u00eda<\/p>\n<p>Su inquietud creativa se extendi\u00f3 tambi\u00e9n a la fotograf\u00eda, una pasi\u00f3n que, seg\u00fan cuenta, hered\u00f3 de su madre. \u00abElla ten\u00eda una c\u00e1mara cuando casi nadie ten\u00eda una, y quiz\u00e1 me vino de ah\u00ed. La fotograf\u00eda me permite inmortalizar momentos. Todo pasa, y quiz\u00e1 con la c\u00e1mara puedes atrapar un fragmento del tiempo\u00bb, explica.<\/p>\n<p>Desde su primera exposici\u00f3n, Visiones de Jap\u00f3n (Toledo, 2019), sus im\u00e1genes han recorrido galer\u00edas y espacios p\u00fablicos en Espa\u00f1a y Reino Unido. En 2022 gan\u00f3 el Great Exposure Photography Award del Reino Unido, lo que llev\u00f3 una de sus obras al Aeropuerto de Heathrow, donde sigue expuesta.<\/p>\n<p><img loading=\"lazy\" decoding=\"async\" width=\"1200\" height=\"675\" src=\"https:\/\/www.europesays.com\/es\/wp-content\/uploads\/2025\/11\/jesus3.jpeg\" alt=\"\" class=\"wp-image-1089039\"  \/>Exposici\u00f3n de Jap\u00f3n \/ Foto: cedida<\/p>\n<p>Su nueva muestra, Cruce de Caminos: Albacete y Jap\u00f3n, inaugurada en la ciudad japonesa de Yamagata, establece un puente emocional entre su tierra natal y su pa\u00eds de inspiraci\u00f3n. En ella se contraponen escenas tradicionales de ambos lugares, como trajes, festivales, templos y rincones cotidianos.<\/p>\n<p>\u00abAlbacete est\u00e1 muy infravalorada. Cuando paso por el templete de los Jardinillos pienso que, si estuviera en Barcelona, estar\u00eda lleno de turistas. Me hac\u00eda mucha ilusi\u00f3n traer un trozo de Albacete hasta Jap\u00f3n\u00bb, indica.\u00a0<\/p>\n<p>La exposici\u00f3n, cuenta D\u00edez, est\u00e1 despertando gran inter\u00e9s entre los visitantes japoneses: \u00abHe dejado un libro para que el p\u00fablico escriba sus impresiones. Es precioso ver c\u00f3mo conectan con un lugar tan distinto al suyo\u00bb.<\/p>\n<p>Un creador polifac\u00e9tico<\/p>\n<p>Adem\u00e1s de su faceta art\u00edstica, Jes\u00fas D\u00edez ha trabajado durante a\u00f1os en el mundo de los videojuegos. Su trayectoria lo llev\u00f3 de una empresa londinense a las gigantes Square Enix -responsable de sagas como Final Fantasy o Kingdom Hearts- y posteriormente a Nintendo, donde fue productor de audio durante cinco a\u00f1os.<\/p>\n<p>\u00a0\u00abNunca lo plane\u00e9. De repente me vi trabajando en Nintendo, en un estudio de doblaje, con actores de voz, y pens\u00e9: \u00bfc\u00f3mo he llegado hasta aqu\u00ed? Fue un sue\u00f1o hecho realidad\u00bb, destaca.<\/p>\n<p><img loading=\"lazy\" decoding=\"async\" width=\"1200\" height=\"675\" src=\"https:\/\/www.europesays.com\/es\/wp-content\/uploads\/2025\/11\/jesus2.jpeg\" alt=\"\" class=\"wp-image-1089040\"  \/>Su \u00faltimo d\u00eda antes de dejar Nintendo \/ Foto: cedida<\/p>\n<p>Presente y futuro<\/p>\n<p>Desde Londres, D\u00edez sigue equilibrando m\u00fasica, fotograf\u00eda y proyectos audiovisuales. Tras la exposici\u00f3n japonesa, prepara otra para 2027 en Albacete y trabaja en un nuevo \u00e1lbum en el que espera tocar \u00e9l mismo los instrumentos tradicionales japoneses que ahora est\u00e1 aprendiendo: el shamisen y el taiko.<\/p>\n<p>\u00abSupongo que no s\u00e9 estarme quieto. Tengo ese impulso creativo y esa curiosidad. Mientras la energ\u00eda y el tiempo me lo permitan, seguir\u00e9 explorando todas las facetas que me apasionan\u00bb, concluye.<\/p>\n<p>La obra de Jes\u00fas D\u00edez es, en definitiva, un puente entre mundos. Entre Albacete y Kioto, entre el metal sinf\u00f3nico y la m\u00fasica ancestral, entre la fugacidad de la imagen y la eternidad del sonido. Su mirada es la de alguien que ha aprendido a contemplar la belleza en lo ef\u00edmero, y que sigue creando para que esa belleza no se pierda del todo.<\/p>\n","protected":false},"excerpt":{"rendered":"Jes\u00fas D\u00edez, natural de Albacete, es una de esas personas que parecen vivir varias vidas al mismo tiempo.&hellip;\n","protected":false},"author":2,"featured_media":214390,"comment_status":"","ping_status":"","sticky":false,"template":"","format":"standard","meta":{"footnotes":""},"categories":[173],"tags":[2545,229,233,231,230,4091,232,234,146,147,25,24,3564,7228,10,23],"class_list":{"0":"post-214389","1":"post","2":"type-post","3":"status-publish","4":"format-standard","5":"has-post-thumbnail","7":"category-arte-y-diseno","8":"tag-albacete","9":"tag-arte","10":"tag-arte-y-diseno","11":"tag-arts","12":"tag-arts-and-design","13":"tag-castilla-la-mancha","14":"tag-design","15":"tag-diseno","16":"tag-entertainment","17":"tag-entretenimiento","18":"tag-es","19":"tag-espana","20":"tag-japon","21":"tag-londres","22":"tag-noticias","23":"tag-spain"},"share_on_mastodon":{"url":"https:\/\/pubeurope.com\/@es\/115480143570357040","error":""},"_links":{"self":[{"href":"https:\/\/www.europesays.com\/es\/wp-json\/wp\/v2\/posts\/214389","targetHints":{"allow":["GET"]}}],"collection":[{"href":"https:\/\/www.europesays.com\/es\/wp-json\/wp\/v2\/posts"}],"about":[{"href":"https:\/\/www.europesays.com\/es\/wp-json\/wp\/v2\/types\/post"}],"author":[{"embeddable":true,"href":"https:\/\/www.europesays.com\/es\/wp-json\/wp\/v2\/users\/2"}],"replies":[{"embeddable":true,"href":"https:\/\/www.europesays.com\/es\/wp-json\/wp\/v2\/comments?post=214389"}],"version-history":[{"count":0,"href":"https:\/\/www.europesays.com\/es\/wp-json\/wp\/v2\/posts\/214389\/revisions"}],"wp:featuredmedia":[{"embeddable":true,"href":"https:\/\/www.europesays.com\/es\/wp-json\/wp\/v2\/media\/214390"}],"wp:attachment":[{"href":"https:\/\/www.europesays.com\/es\/wp-json\/wp\/v2\/media?parent=214389"}],"wp:term":[{"taxonomy":"category","embeddable":true,"href":"https:\/\/www.europesays.com\/es\/wp-json\/wp\/v2\/categories?post=214389"},{"taxonomy":"post_tag","embeddable":true,"href":"https:\/\/www.europesays.com\/es\/wp-json\/wp\/v2\/tags?post=214389"}],"curies":[{"name":"wp","href":"https:\/\/api.w.org\/{rel}","templated":true}]}}