{"id":214391,"date":"2025-11-02T12:39:24","date_gmt":"2025-11-02T12:39:24","guid":{"rendered":"https:\/\/www.europesays.com\/es\/214391\/"},"modified":"2025-11-02T12:39:24","modified_gmt":"2025-11-02T12:39:24","slug":"emily-en-paris-vive-el-amor-y-la-dolce-vita-en-roma-en-el-primer-avance-de-la-quinta-temporada","status":"publish","type":"post","link":"https:\/\/www.europesays.com\/es\/214391\/","title":{"rendered":"&#8216;Emily en Par\u00eds&#8217; vive el amor y la dolce vita en Roma en el primer avance de la quinta temporada"},"content":{"rendered":"<p id=\"eCBe8YRBzC\" data-wc=\"111\">Comienza la cuenta atr\u00e1s. El 18 de diciembre vuelve <strong>Emily en Par\u00eds<\/strong> y, esta vez, lo hace cambiando la <strong>Torre Eiffel<\/strong> por el <strong>Coliseo<\/strong>. En <a class=\"hm-link ho-link\" href=\"https:\/\/www.hola.com\/actualidad\/20250830851683\/lily-collins-tajante-sobre-la-quinta-temporada-de-emily-en-paris-gabriel-tiene-que-lidiar-con-las-repercusiones-de-su-decision\/\" data-mrf-recirculation=\"article-body-link\" rel=\"nofollow noopener\" target=\"_blank\">la quinta temporada<\/a>, la publicista m\u00e1s estilosa de <strong>Netflix<\/strong> se muda a <strong>Roma<\/strong> y se deja llevar por la \u00abdolce vita\u00bb: nuevos retos, nuevos amores y un escenario que promete tanto romance como caos. Para ir calentando motores, el gigante de streaming ha lanzado el primer avance y, por lo que se ve, <strong>Emily Cooper,\u00a0<\/strong>a quien da vida <strong>Lily Collins<\/strong>, no solo se adapta a la perfecci\u00f3n al ritmo de vida italiano, sino que tambi\u00e9n encuentra un nuevo motivo para sonre\u00edr y, quiz\u00e1, para enamorarse.\u00a0<\/p>\n<p> <img src=\"https:\/\/www.europesays.com\/es\/wp-content\/uploads\/2025\/08\/61eaad95812a-eipunit01556r.jpg\"   width=\"1024\" height=\"682\" loading=\"lazy\" decoding=\"async\" alt=\"Emily es la nueva directora de Agence Grateau en Roma\" fetchpriority=\"auto\" class=\"image ho-image\"\/>\u00a9 Netflix<\/p>\n<p id=\"eizS44XDxE\" data-wc=\"89\">Como ya avanz\u00f3 a Tudum <strong>Darren Sta<\/strong><strong>r<\/strong>, creador de la serie: \u201cEsta temporada es una historia de dos ciudades. Roma y<strong>\u00a0Par\u00eds.<\/strong> A caballo entre ambas, Emily lleva el amor y la vida al siguiente nivel\u201d. La ejecutiva de cuentas se ha instalado en la capital italiana para hacer frente a un nuevo reto profesional: ponerse al frente de la sucursal de <strong>Agence Grateau<\/strong> en la ciudad eterna. Pero adaptarse a su nuevo hogar no es su \u00fanico desaf\u00edo, ya que su vida sentimental tambi\u00e9n da un giro radical.<\/p>\n<p> <img src=\"https:\/\/www.europesays.com\/es\/wp-content\/uploads\/2025\/11\/dec74bc9a10b-eipunit01154r.jpg\"   width=\"1024\" height=\"682\" loading=\"lazy\" decoding=\"async\" alt=\"La relaci\u00f3n entre Emily y Marcello se va afianzando en los nuevos episodios\" fetchpriority=\"auto\" class=\"image ho-image\"\/>\u00a9 Netflix<\/p>\n<p id=\"e9esegsOif\" data-wc=\"127\">Dicen que cuando una puerta se cierra, se abre una ventana\u2026 y esa es precisamente la primera imagen que vemos: a la joven abriendo una de las de su nuevo apartamento, un gui\u00f1o a un nuevo comienzo. \u00abEmpieza con una mujer hermosa. Un hombre la acompa\u00f1a. Es evidente que se conocen\u00bb, as\u00ed de sugerente arranca el tr\u00e1iler de esta temporada. Pero va mucho m\u00e1s all\u00e1, la relaci\u00f3n con<strong>\u00a0Marcello<\/strong>, el guapo heredero italiano interpretado por <strong>Eugenio Franceschini<\/strong>, se intensifica por momentos. Entre fiestas, miradas c\u00f3mplices y risas\u2026 la cosa va subiendo de temperatura. \u00abNo pueden quitarse las manos de encima. Y al final se besan\u00bb, asegura una voz en off sobre im\u00e1genes que muestran la complicidad entre ambos y el romance que marcar\u00e1 su estancia en <strong>Italia. \u00a0<\/strong><\/p>\n<p> <img src=\"https:\/\/www.europesays.com\/es\/wp-content\/uploads\/2025\/11\/ced14d297f00-eipunit00913r.jpg\"   width=\"682\" height=\"1024\" loading=\"lazy\" decoding=\"async\" alt=\"No faltar\u00e1n glamurosas fiestas en la nueva temporada\" fetchpriority=\"auto\" class=\"image ho-image\"\/>\u00a9 Netflix<\/p>\n<p> <img src=\"https:\/\/www.europesays.com\/es\/wp-content\/uploads\/2025\/11\/63d84addbbf4-eipunit00385r.jpg\"   width=\"1024\" height=\"682\" loading=\"lazy\" decoding=\"async\" alt=\"Minnie Driver da vida a la princesa Jane en la quinta temporada de 'Emily en Par\u00eds'\" fetchpriority=\"auto\" class=\"image ho-image\"\/>\u00a9 Netflix<\/p>\n<p class=\"\" id=\"ePzKIPYj5u\" data-wc=\"85\">\u00abRoma te queda muy bien\u00bb, le dice <strong>Mindy (Ashley Park<\/strong><strong>)\u00a0<\/strong>a Emily, que con una inmensa sonrisa le da la raz\u00f3n. El resto del avance muestra lujosos paseos en barco, glamurosos eventos e introduce a <a class=\"hm-link ho-link\" href=\"https:\/\/www.hola.com\/actualidad\/20250819843056\/emily-en-paris-suma-tres-fichajes-clave-en-su-quinta-temporada-estoy-mas-que-emocionada-de-unirme-a-este-elenco\/\" data-mrf-recirculation=\"article-body-link\" rel=\"nofollow noopener\" target=\"_blank\">algunos de los nuevos fichajes<\/a> \u2014como <strong>Minnie Driver<\/strong>, que interpreta a la <strong>princesa Jane,<\/strong> una antigua amiga de <strong>Sylvie (Philippine Leroy-Beaulieu)<\/strong> casada con un miembro de la realeza\u2014, adem\u00e1s de las inevitables charlas de negocios. \u00abSi estamos todos aqu\u00ed, \u00bfqui\u00e9n est\u00e1 en Par\u00eds?\u00bb, pregunta <strong>Julien<\/strong> (Samuel Arnold) a sus colegas.<\/p>\n<p> <img src=\"https:\/\/www.europesays.com\/es\/wp-content\/uploads\/2025\/11\/9b6f186ce1a4-eipunit01251r.jpg\"   width=\"1024\" height=\"682\" loading=\"lazy\" decoding=\"async\" alt=\"Philippine Leroy-Beaulieu es Sylvie Grateau en Emily in Paris\" fetchpriority=\"auto\" class=\"image ho-image\"\/>\u00a9 Netflix<\/p>\n<p> <img src=\"https:\/\/www.europesays.com\/es\/wp-content\/uploads\/2025\/11\/09dc61219d63-emilyinparisns5072903r-1.jpg\"   width=\"1024\" height=\"512\" loading=\"lazy\" decoding=\"async\" alt=\"Emily tendr\u00e1 un rev\u00e9s profesional\" fetchpriority=\"auto\" class=\"image ho-image\"\/>\u00a9 Netflix<\/p>\n<p id=\"e-TiisXwfE\" data-wc=\"90\">Pero cuando todo parece ir viento en popa para Emily, una decisi\u00f3n en la oficina se tuerce y acaba pas\u00e1ndole factura tanto en lo personal como en lo profesional. En busca de un poco de calma, se sumerge en su estilo de vida franc\u00e9s \u2014porque Par\u00eds sigue estando presente esta temporada\u2014 hasta que un gran secreto pone en jaque una de sus relaciones m\u00e1s importantes. Al afrontar los problemas de frente y con sinceridad, la experta en marketing de lujo consigue fortalecer lazos, ganar claridad y abrirse a nuevas oportunidades.<\/p>\n<p> <img src=\"https:\/\/www.europesays.com\/es\/wp-content\/uploads\/2025\/08\/c40f472cd7e3-eipunit00260rx.jpg\"   width=\"1024\" height=\"682\" loading=\"lazy\" decoding=\"async\" alt=\"La quinta temporada seguir\u00e1 explorando la relaci\u00f3n entre Emily y Marcello\" fetchpriority=\"auto\" class=\"image ho-image\"\/>\u00a9 Netflix<\/p>\n<p id=\"euxN8l_VLs\" data-wc=\"94\">La gran novedad rom\u00e1ntica, como ya hemos visto, <a class=\"hm-link ho-link\" href=\"https:\/\/www.hola.com\/actualidad\/20240512253530\/emily-en-paris-eugenio-franceschini-nuevo-galan-cuarta-temporada\/\" data-mrf-recirculation=\"article-body-link\" rel=\"nofollow noopener\" target=\"_blank\">tiene nombre propio: Marcello<\/a>. Cooper comenzaba una relaci\u00f3n con \u00e9l en la temporada anterior, aportando aire fresco a la vida amorosa de la protagonista y ayud\u00e1ndola a olvidarse de <strong>Gabriel (Lucas Bravo)<\/strong>. \u201c<strong>Marcello<\/strong> es una aventura completamente nueva que queremos para Emily porque, en definitiva, queremos que pueda tener un mejor equilibrio entre su trabajo y su vida personal\u201d, contaba Llily Collins a Tudum, a\u00f1adiendo que \u201cqueremos que pueda sonre\u00edr sin reservas. Queremos verla m\u00e1s all\u00e1 de sus vacaciones. Y \u00e9l llega en el momento perfecto\u201d.\u00a0<\/p>\n<p> <img src=\"https:\/\/www.europesays.com\/es\/wp-content\/uploads\/2025\/11\/9be3996112c4-eipunit01832r.jpg\"   width=\"1024\" height=\"682\" loading=\"lazy\" decoding=\"async\" alt=\"Gabriel volver\u00e1 dispuesto a luchar por su amor con Emily\" fetchpriority=\"auto\" class=\"image ho-image\"\/>\u00a9 Netflix<\/p>\n<p id=\"ehf5MhVAll\" data-wc=\"85\">Como ya es habitual para Emily, el camino hacia la estabilidad sentimental no ser\u00e1 sencillo. El carism\u00e1tico chef y exnovio intermitente de la publicista tuvo una revelaci\u00f3n al final de la cuarta entrega: quiere estar con ella. Y aunque los problemas de comunicaci\u00f3n han complicado su historia, ahora est\u00e1 decidido a luchar por su amor. \u201cDesafortunadamente,<strong>\u00a0Gabriel<\/strong> tiene que lidiar con las repercusiones de su decisi\u00f3n de terminar con ella\u201d, reconoc\u00eda la actriz de<strong>\u00a0Blancanieves (Mirror, Mirror)<\/strong>, dejando claro que el pasado pesa\u2026 y mucho.<\/p>\n<p> <img src=\"https:\/\/www.europesays.com\/es\/wp-content\/uploads\/2025\/11\/0979023cc691-emilyinparisns5215322r.jpg\"   width=\"1024\" height=\"512\" loading=\"lazy\" decoding=\"async\" alt=\"Alfie vuelve como personaje regular, \u00bfquerr\u00e1 volver con Emily?\" fetchpriority=\"auto\" class=\"image ho-image\"\/>\u00a9 Netflix<\/p>\n<p id=\"eNiNxQCRCW\" data-wc=\"101\">A la agitada vida amorosa de la protagonista no le faltar\u00e1n giros. \u201cSu vida sentimental siempre es complicada\u201d, confesaba Star a Deadline, anticipando \u201cdesarrollos interesantes y sorprendentes\u201d en este terreno. El caos emocional no se limita a la conexi\u00f3n con Marcello y a los sentimientos que a\u00fan tiene hacia Gabriel, sino que se suma un tercero en discordia: <strong data-gid=\"ebPMnn1t5Tg\">Alfie (Lucien Laviscount),<\/strong> que <a class=\"hm-link ho-link\" href=\"https:\/\/www.hola.com\/actualidad\/20250130810006\/emily-en-paris-galan-regresa-pretendientes-quinta-temporada\/\" data-mrf-recirculation=\"article-body-link\" rel=\"nofollow noopener\" target=\"_blank\">vuelve como personaje regular<\/a> tras su comentada ruptura con Emily. \u201cEst\u00e1 b\u00e1sicamente en todos los episodios de esta temporada. Es fant\u00e1stico y estoy muy feliz de verlo de vuelta este a\u00f1o de una manera m\u00e1s significativa\u201d, comentaba el creador.<\/p>\n<p> <img src=\"https:\/\/www.europesays.com\/es\/wp-content\/uploads\/2025\/11\/f2c4b9d0192e-eipunit-00023r.jpg\"   width=\"1024\" height=\"684\" loading=\"lazy\" decoding=\"async\" alt=\"'Emily en Par\u00eds 5' ya tiene fecha de estreno y Lily Collins confiesa: \u201cGabriel tendr\u00e1 que lidiar con las repercusiones de su decisi\u00f3n\u201d\" fetchpriority=\"auto\" class=\"image ho-image\"\/>\u00a9 Netflix<\/p>\n<p id=\"eyggnH1eSe\" data-wc=\"71\">Con Par\u00eds y Roma como tel\u00f3n de fondo, entre dos ciudades y tres amores, Emily sigue intentando encontrar el equilibrio entre su vida personal y el trabajo, entre el coraz\u00f3n y la ambici\u00f3n. Y lo hace con su sello inconfundible, entre risas, malentendidos y decisiones que pueden cambiarlo todo. Esta nueva temporada promete m\u00e1s glamour, m\u00e1s caos y una dosis extra de romance\u2026 todo, por supuesto, al m\u00e1s puro estilo Cooper.\u00a0<\/p>\n","protected":false},"excerpt":{"rendered":"Comienza la cuenta atr\u00e1s. El 18 de diciembre vuelve Emily en Par\u00eds y, esta vez, lo hace cambiando&hellip;\n","protected":false},"author":2,"featured_media":214392,"comment_status":"","ping_status":"","sticky":false,"template":"","format":"standard","meta":{"footnotes":""},"categories":[171],"tags":[517,7065,23114,146,147,25,24,23115,152,23,214],"class_list":{"0":"post-214391","1":"post","2":"type-post","3":"status-publish","4":"format-standard","5":"has-post-thumbnail","7":"category-tv","8":"tag-actualidad","9":"tag-el-buscador-de-series","10":"tag-emily-in-paris","11":"tag-entertainment","12":"tag-entretenimiento","13":"tag-es","14":"tag-espana","15":"tag-lily-collins","16":"tag-netflix","17":"tag-spain","18":"tag-tv"},"share_on_mastodon":{"url":"https:\/\/pubeurope.com\/@es\/115480151507198187","error":""},"_links":{"self":[{"href":"https:\/\/www.europesays.com\/es\/wp-json\/wp\/v2\/posts\/214391","targetHints":{"allow":["GET"]}}],"collection":[{"href":"https:\/\/www.europesays.com\/es\/wp-json\/wp\/v2\/posts"}],"about":[{"href":"https:\/\/www.europesays.com\/es\/wp-json\/wp\/v2\/types\/post"}],"author":[{"embeddable":true,"href":"https:\/\/www.europesays.com\/es\/wp-json\/wp\/v2\/users\/2"}],"replies":[{"embeddable":true,"href":"https:\/\/www.europesays.com\/es\/wp-json\/wp\/v2\/comments?post=214391"}],"version-history":[{"count":0,"href":"https:\/\/www.europesays.com\/es\/wp-json\/wp\/v2\/posts\/214391\/revisions"}],"wp:featuredmedia":[{"embeddable":true,"href":"https:\/\/www.europesays.com\/es\/wp-json\/wp\/v2\/media\/214392"}],"wp:attachment":[{"href":"https:\/\/www.europesays.com\/es\/wp-json\/wp\/v2\/media?parent=214391"}],"wp:term":[{"taxonomy":"category","embeddable":true,"href":"https:\/\/www.europesays.com\/es\/wp-json\/wp\/v2\/categories?post=214391"},{"taxonomy":"post_tag","embeddable":true,"href":"https:\/\/www.europesays.com\/es\/wp-json\/wp\/v2\/tags?post=214391"}],"curies":[{"name":"wp","href":"https:\/\/api.w.org\/{rel}","templated":true}]}}