{"id":214406,"date":"2025-11-02T12:55:09","date_gmt":"2025-11-02T12:55:09","guid":{"rendered":"https:\/\/www.europesays.com\/es\/214406\/"},"modified":"2025-11-02T12:55:09","modified_gmt":"2025-11-02T12:55:09","slug":"oier-lazkano-rompe-el-silencio-y-defiende-su-inocencia-soy-un-deportista-limpio-naiz","status":"publish","type":"post","link":"https:\/\/www.europesays.com\/es\/214406\/","title":{"rendered":"Oier Lazkano rompe el silencio y defiende su inocencia: \u00absoy un deportista limpio\u00bb &#8211; naiz:"},"content":{"rendered":"<ol>\n<li><a href=\"https:\/\/news.google.com\/rss\/articles\/CBMiwwFBVV95cUxQNl91VW81RzlrVTdfODRPbjV6cldwR25IYVN0bXYxelNYSGtXR0FHODFISFNtcFVWT0swenU4VzdDb0ktSHZ3eG9RblpDVUxNakwzMTItOGo0aE9rZHU2ekVQa1hkbjVROHN4SDBhc2huTFJJbWxQRU1wdm05RE9FRGZOQ2J3V0FPa2s4UjVCRWh4SVU1eUJ5cDllMnNRTHR4TUxlNV9Sd3JXU0NaLWhkTllfeFMtLW1janZZR2ZpejlVcXPSAcgBQVVfeXFMT09Dc3lWZy1wcGszdFdFY2NaN0o5SHJ4dnlYODJ6R1l4MzRBUDhMTHY1c3F5dG1rVFRXWXhCaE03dWpsaFdFSXRrd0ExV3VnbERtZVJOWW1rU05WRmJKZUd1S0RKcE8tUUE0R01qU0dVR05pOHJQaVFvVjhpaGhjdkFUSXpJZU9fUEpLdmU3VHJmSF9udTdxR1dka3QtbTBBcXRFbHpJMTJlalVYLWVkdTFGbTZUWmRZVnV1VlJBM0kxZ3NsQVRpV1A?oc=5\" target=\"_blank\" rel=\"nofollow noopener\">Oier Lazkano rompe el silencio y defiende su inocencia: \u00absoy un deportista limpio\u00bb<\/a>&nbsp;&nbsp;naiz:<\/li>\n<li><a href=\"https:\/\/news.google.com\/rss\/articles\/CBMizAFBVV95cUxOOEhMQ0o2czE1cHdnYzlxWk85a0RMUlFWLTlTYVBOcFZSTmgyN2dUNTBGZVl6VXgtVlpVQ3dWLUNjcF9JVmVid0E3SXlxQjdLc3dwNTJpVUhPNE5aZFZ2UExzQm1wdlJBcGFDSFJ5eG9OSkhqVG1lb19lTk92T0kzNTRaQlZCaFBSVlpqNW5VdXdOdVNxSmlBdVZrWTRDbVNERmVKelRDSGVVM1RKVS1ScFUzTjlBU2NfTTNlcXdBemdtdUR6Y2ZrNTVkZ0M?oc=5\" target=\"_blank\" rel=\"nofollow noopener\">La investigaci\u00f3n que llev\u00f3 a la suspensi\u00f3n por dopaje del ciclista Oier Lazkano | Ciclismo | Deportes<\/a>&nbsp;&nbsp;EL PA\u00cdS<\/li>\n<li><a href=\"https:\/\/news.google.com\/rss\/articles\/CBMi7gFBVV95cUxPVEhFN3BkcXVybV9xMF9YaFF0djk3OEFQRUxmUkRVcll2aERhTElVZTAxWEtRRjBsVGFxY0xOU29QZ3l6bG9HNzdJcElDeEVRNzdBOW1HNjllb05UeFp2eEtxNzNuQWZ0SWo2ak50ZXp2cTMtZFdPbVVCZWg3a3pnUnlkY2hmYXc5RlZCOXFVNUNrSlBfMFpPSzZxWl9FUnpQVm5lY3JBNW9QSFRGOHpIRHNJeUtPRGQwRHppU2xTZTB1Ymx0bXF5XzBWS244VW05Tmw0dl9jVzF6dU44NGZROE9BYmMzbjJ2dGtJYVNR?oc=5\" target=\"_blank\" rel=\"nofollow noopener\">Roman Kreuziger e Ibai Salas tumbaron el pasaporte biol\u00f3gico que amenaza a Lazkano<\/a>&nbsp;&nbsp;El Correo<\/li>\n<li><a href=\"https:\/\/news.google.com\/rss\/articles\/CBMirAFBVV95cUxPdkdWZ2hJaXRJUV9oUnVNRzI5S1c5d2gydm5BczZhQmJ5UU41WUlMeTBDQlRqRUZLRVdRaDBiNllfeGgtUGtmaFhYYS1HVHdtUUFXRXJ0WXdtZmtoWWkwMVU2VlR4Y1ZBaVByWHN3cDRIYnFETTZTVlZoQVlVQ25tZzRTNm1IcXB6eFVaZVhIQ0hlejNYOWs1aTJzZXFLdGJ3S1NnNVRZUnZ6blRF?oc=5\" target=\"_blank\" rel=\"nofollow noopener\">Oier Lazkano rompe su silencio: \u201cSoy un deportista limpio y una persona \u00edntegra\u201d<\/a>&nbsp;&nbsp;MARCA<\/li>\n<li><a href=\"https:\/\/news.google.com\/rss\/articles\/CBMiqwFBVV95cUxQV1pLX1B6YnJUQTJDY3ZueHQ2aEJidG5rUWdTMmxsaXB4aHJITkxnU3VXcXh0aGljWUtPUHUzbmZwYlVpMEE4U0w4RVZNSDRvZEpBWllIRHZqTU1UVmZEamlNSm4zM1hYV0x0d193SHFpRzJ3S28wUXhwejlONlBiSFp5aDV1eGRLREFpeWZIY2pIaUd2blFpVV96TWxhT2dGQmdTd2pQNXFhekE?oc=5\" target=\"_blank\" rel=\"nofollow noopener\">\u00bfC\u00f3mo funciona el an\u00e1lisis del pasaporte biol\u00f3gico de los ciclistas profesionales?<\/a>&nbsp;&nbsp;Zikloland<\/li>\n<\/ol>\n","protected":false},"excerpt":{"rendered":"Oier Lazkano rompe el silencio y defiende su inocencia: \u00absoy un deportista limpio\u00bb&nbsp;&nbsp;naiz: La investigaci\u00f3n que llev\u00f3 a&hellip;\n","protected":false},"author":2,"featured_media":207057,"comment_status":"","ping_status":"","sticky":false,"template":"","format":"standard","meta":{"footnotes":""},"categories":[273],"tags":[313,312,168,25,24,23,167],"class_list":{"0":"post-214406","1":"post","2":"type-post","3":"status-publish","4":"format-standard","5":"has-post-thumbnail","7":"category-ciclismo","8":"tag-ciclismo","9":"tag-cycling","10":"tag-deportes","11":"tag-es","12":"tag-espana","13":"tag-spain","14":"tag-sports"},"share_on_mastodon":{"url":"https:\/\/pubeurope.com\/@es\/115480213758150631","error":""},"_links":{"self":[{"href":"https:\/\/www.europesays.com\/es\/wp-json\/wp\/v2\/posts\/214406","targetHints":{"allow":["GET"]}}],"collection":[{"href":"https:\/\/www.europesays.com\/es\/wp-json\/wp\/v2\/posts"}],"about":[{"href":"https:\/\/www.europesays.com\/es\/wp-json\/wp\/v2\/types\/post"}],"author":[{"embeddable":true,"href":"https:\/\/www.europesays.com\/es\/wp-json\/wp\/v2\/users\/2"}],"replies":[{"embeddable":true,"href":"https:\/\/www.europesays.com\/es\/wp-json\/wp\/v2\/comments?post=214406"}],"version-history":[{"count":0,"href":"https:\/\/www.europesays.com\/es\/wp-json\/wp\/v2\/posts\/214406\/revisions"}],"wp:featuredmedia":[{"embeddable":true,"href":"https:\/\/www.europesays.com\/es\/wp-json\/wp\/v2\/media\/207057"}],"wp:attachment":[{"href":"https:\/\/www.europesays.com\/es\/wp-json\/wp\/v2\/media?parent=214406"}],"wp:term":[{"taxonomy":"category","embeddable":true,"href":"https:\/\/www.europesays.com\/es\/wp-json\/wp\/v2\/categories?post=214406"},{"taxonomy":"post_tag","embeddable":true,"href":"https:\/\/www.europesays.com\/es\/wp-json\/wp\/v2\/tags?post=214406"}],"curies":[{"name":"wp","href":"https:\/\/api.w.org\/{rel}","templated":true}]}}