{"id":214411,"date":"2025-11-02T12:59:10","date_gmt":"2025-11-02T12:59:10","guid":{"rendered":"https:\/\/www.europesays.com\/es\/214411\/"},"modified":"2025-11-02T12:59:10","modified_gmt":"2025-11-02T12:59:10","slug":"asi-es-a-sus-43-anos-thora-birch-la-nina-de-hocus-pocus","status":"publish","type":"post","link":"https:\/\/www.europesays.com\/es\/214411\/","title":{"rendered":"As\u00ed es, a sus 43 a\u00f1os, Thora Birch, la ni\u00f1a de &#8216;Hocus Pocus&#8217;"},"content":{"rendered":"<p class=\"c-paragraph\">Aunque resulte sorprendente, Thora Birch, nacida en marzo de 1982 en Los \u00c1ngeles, es hija de Jack Birch y Carol Connors, ambos con un pasado en la industria del cine para adultos.<\/p>\n<p class=\"c-paragraph\">Sus padres, que siempre cuentan que <b>la llamaron Thora inspirados en el dios n\u00f3rdico Thor<\/b>, la introdujeron en el mundo de la interpretaci\u00f3n a la temprana edad de cuatro a\u00f1os, y con seis ya hab\u00eda hecho su debut cinematogr\u00e1fico.<\/p>\n<p class=\"c-paragraph\">En los noventa, y con apenas diez a\u00f1os reci\u00e9n cumplidos, <b>protagoniz\u00f3 Hocus Pocus\u00a0<\/b>(El retorno de las brujas, en Espa\u00f1a), un taquillazo de Disney para Halloween, y su fama se dispar\u00f3. Dio un gran salto y en los a\u00f1os siguientes hizo aut\u00e9nticos t\u00edtulos de culto como <b>American Beauty\u00a0o <\/b><b>Ghost World<\/b>, que le vali\u00f3 una nominaci\u00f3n al Globo de Oro.<\/p>\n<p class=\"c-paragraph\">Sin embargo, despu\u00e9s de un prometedor inicio y en medio de lo que parec\u00eda un ascenso imparable para convertirse en una actriz consagrada de Hollywood, Birch decidi\u00f3 ir por otros caminos.<\/p>\n<p class=\"c-paragraph\">Gir\u00f3 hacia pel\u00edculas menos comerciales y <b>se involucr\u00f3 en cine independiente y en g\u00e9neros m\u00e1s experimentales<\/b>. Algunos rumores apuntaron, entonces, a que algunos desacuerdos profesionales mientras participaba en un montaje de Dr\u00e1cula\u00a0en Broadway frenaron su impulso en un momento clave. Y, aunque en los \u00faltimos a\u00f1os ha tenido presencia en la televisi\u00f3n, en algunas pel\u00edculas y, especialmente, en The Walking Dead, parece que la actriz se siente c\u00f3moda manteni\u00e9ndose en la segunda l\u00ednea del foco.<\/p>\n<p class=\"c-paragraph\">En <a href=\"https:\/\/people.com\/thora-birch-on-mayfair-witches-hocus-pocus-now-and-then-nostalgia-exclusive-8769982\" rel=\"nofollow noreferrer noopener\" target=\"_blank\">una entrevista<\/a> con la revista People a principios de este a\u00f1o, dec\u00eda preferir \u00ab<b>jugar en todos los espacios<\/b>\u00ab, en lugar de centrarse en un \u00fanico tipo de rol o pel\u00edcula.<\/p>\n<p class=\"c-paragraph\">Tal vez por eso, en los \u00faltimos a\u00f1os, ha decidido tambi\u00e9n probar con la direcci\u00f3n y, aunque ni siquiera tiene redes sociales en su af\u00e1n por llevar un perfil intimista, se convirti\u00f3 en una de las estrellas de la pasarela en Cannes por ser una de las protagonistas de La cronolog\u00eda del agua, el debut como directora de Kristen Stewart.<\/p>\n<p class=\"c-paragraph\">En definitiva, aunque su visibilidad es mucho menor que en los &#8217;90 y <b>su presencia p\u00fablica se reduce a los m\u00ednimos<\/b>, su ocupaci\u00f3n exclusiva sigue siendo el cine y la televisi\u00f3n, en todas sus formas, y su carrera parece muy lejos de haberse apagado.<\/p>\n","protected":false},"excerpt":{"rendered":"Aunque resulte sorprendente, Thora Birch, nacida en marzo de 1982 en Los \u00c1ngeles, es hija de Jack Birch&hellip;\n","protected":false},"author":2,"featured_media":214412,"comment_status":"","ping_status":"","sticky":false,"template":"","format":"standard","meta":{"footnotes":""},"categories":[174],"tags":[11111,988,8722,255,146,147,25,24,256,23,20899],"class_list":{"0":"post-214411","1":"post","2":"type-post","3":"status-publish","4":"format-standard","5":"has-post-thumbnail","7":"category-famosos","8":"tag-11111","9":"tag-anos","10":"tag-asi","11":"tag-celebrities","12":"tag-entertainment","13":"tag-entretenimiento","14":"tag-es","15":"tag-espana","16":"tag-famosos","17":"tag-spain","18":"tag-sus"},"share_on_mastodon":{"url":"https:\/\/pubeurope.com\/@es\/115480229687783050","error":""},"_links":{"self":[{"href":"https:\/\/www.europesays.com\/es\/wp-json\/wp\/v2\/posts\/214411","targetHints":{"allow":["GET"]}}],"collection":[{"href":"https:\/\/www.europesays.com\/es\/wp-json\/wp\/v2\/posts"}],"about":[{"href":"https:\/\/www.europesays.com\/es\/wp-json\/wp\/v2\/types\/post"}],"author":[{"embeddable":true,"href":"https:\/\/www.europesays.com\/es\/wp-json\/wp\/v2\/users\/2"}],"replies":[{"embeddable":true,"href":"https:\/\/www.europesays.com\/es\/wp-json\/wp\/v2\/comments?post=214411"}],"version-history":[{"count":0,"href":"https:\/\/www.europesays.com\/es\/wp-json\/wp\/v2\/posts\/214411\/revisions"}],"wp:featuredmedia":[{"embeddable":true,"href":"https:\/\/www.europesays.com\/es\/wp-json\/wp\/v2\/media\/214412"}],"wp:attachment":[{"href":"https:\/\/www.europesays.com\/es\/wp-json\/wp\/v2\/media?parent=214411"}],"wp:term":[{"taxonomy":"category","embeddable":true,"href":"https:\/\/www.europesays.com\/es\/wp-json\/wp\/v2\/categories?post=214411"},{"taxonomy":"post_tag","embeddable":true,"href":"https:\/\/www.europesays.com\/es\/wp-json\/wp\/v2\/tags?post=214411"}],"curies":[{"name":"wp","href":"https:\/\/api.w.org\/{rel}","templated":true}]}}