{"id":214453,"date":"2025-11-02T13:29:14","date_gmt":"2025-11-02T13:29:14","guid":{"rendered":"https:\/\/www.europesays.com\/es\/214453\/"},"modified":"2025-11-02T13:29:14","modified_gmt":"2025-11-02T13:29:14","slug":"levante-celta-en-directo","status":"publish","type":"post","link":"https:\/\/www.europesays.com\/es\/214453\/","title":{"rendered":"Levante &#8211; Celta en directo"},"content":{"rendered":"\n<p class=\"ue-c-article__paragraph \">Muy buenas tardes y bienvenidos al directo de este partido entre el <strong>Levante <\/strong>y el <strong>Celta de Vigo<\/strong> correspondiente a la jornada 11 de LaLiga EA Sports. Duelo en la parte baja de la tabla hoy en el <strong>Ciutat de Val\u00e8ncia.<\/strong> El <strong>Levante recibe al Celta de Vigo<\/strong>, dos equipos separados por un solo punto para los que comienza a ser una urgencia sumar. Una victoria para cualquiera de ambos cambiar\u00eda completamente el panorama y les permitir\u00eda asentarse en la zona templada de la clasificaci\u00f3n que est\u00e1 muy concurrida.<\/p>\n<p class=\"ue-c-article__paragraph \">El <strong>Levante<\/strong> llega al partido contra el Celta tras empatar contra el Mallorca, ahora mismo el Levante se encuentra <strong>en la posici\u00f3n 16 con 9 puntos<\/strong>.<\/p>\n<p class=\"ue-c-article__paragraph \">El <strong>Celta de Vigo<\/strong> llega al partido contra el Levante de LaLiga EA Sports tras ganar contra Osasuna, ahora mismo el Celta se encuentra <strong>en la posici\u00f3n 14 con 10 puntos.<\/strong><\/p>\n<p><img loading=\"lazy\" decoding=\"async\" width=\"660\" height=\"681\" class=\"ue-c-article__image\" alt=\"\" src=\"https:\/\/www.europesays.com\/es\/wp-content\/uploads\/2025\/11\/17620826134202.jpg\"\/><\/p>\n<p class=\"ue-c-article__paragraph \">\u00a1EMPEZAMOS!<\/p>\n","protected":false},"excerpt":{"rendered":"Muy buenas tardes y bienvenidos al directo de este partido entre el Levante y el Celta de Vigo&hellip;\n","protected":false},"author":2,"featured_media":214454,"comment_status":"","ping_status":"","sticky":false,"template":"","format":"standard","meta":{"footnotes":""},"categories":[93],"tags":[168,25,24,57730,11415,1945,9670,23,167],"class_list":{"0":"post-214453","1":"post","2":"type-post","3":"status-publish","4":"format-standard","5":"has-post-thumbnail","7":"category-deportes","8":"tag-deportes","9":"tag-es","10":"tag-espana","11":"tag-estadio-ciutat-de-valencia","12":"tag-levante-ud","13":"tag-primera-division","14":"tag-rc-celta-de-vigo","15":"tag-spain","16":"tag-sports"},"share_on_mastodon":{"url":"https:\/\/pubeurope.com\/@es\/115480347594511789","error":""},"_links":{"self":[{"href":"https:\/\/www.europesays.com\/es\/wp-json\/wp\/v2\/posts\/214453","targetHints":{"allow":["GET"]}}],"collection":[{"href":"https:\/\/www.europesays.com\/es\/wp-json\/wp\/v2\/posts"}],"about":[{"href":"https:\/\/www.europesays.com\/es\/wp-json\/wp\/v2\/types\/post"}],"author":[{"embeddable":true,"href":"https:\/\/www.europesays.com\/es\/wp-json\/wp\/v2\/users\/2"}],"replies":[{"embeddable":true,"href":"https:\/\/www.europesays.com\/es\/wp-json\/wp\/v2\/comments?post=214453"}],"version-history":[{"count":0,"href":"https:\/\/www.europesays.com\/es\/wp-json\/wp\/v2\/posts\/214453\/revisions"}],"wp:featuredmedia":[{"embeddable":true,"href":"https:\/\/www.europesays.com\/es\/wp-json\/wp\/v2\/media\/214454"}],"wp:attachment":[{"href":"https:\/\/www.europesays.com\/es\/wp-json\/wp\/v2\/media?parent=214453"}],"wp:term":[{"taxonomy":"category","embeddable":true,"href":"https:\/\/www.europesays.com\/es\/wp-json\/wp\/v2\/categories?post=214453"},{"taxonomy":"post_tag","embeddable":true,"href":"https:\/\/www.europesays.com\/es\/wp-json\/wp\/v2\/tags?post=214453"}],"curies":[{"name":"wp","href":"https:\/\/api.w.org\/{rel}","templated":true}]}}