{"id":214456,"date":"2025-11-02T13:31:12","date_gmt":"2025-11-02T13:31:12","guid":{"rendered":"https:\/\/www.europesays.com\/es\/214456\/"},"modified":"2025-11-02T13:31:12","modified_gmt":"2025-11-02T13:31:12","slug":"la-gran-noche-de-raphael-en-valencia","status":"publish","type":"post","link":"https:\/\/www.europesays.com\/es\/214456\/","title":{"rendered":"La gran noche de Raphael en Valencia"},"content":{"rendered":"<p>Puntual como un reloj suizo, los m\u00fasicos de Raphael tocaron los primeros acordes en el Roig Arena. &#8216;Raphael\u00edsimo&#8217; daba comienzo. M\u00e1s vivo que nunca, con  &#8230; un sonido impresionante, comenzaba un espect\u00e1culo esperado por las 7.000 personas que llenaron el nuevo auditorio de la ciudad de Valencia. Con esa sonrisa que tanto le define, Raphael daba comienzo con &#8216;La noche&#8217; y son\u00f3 como un &#8216;spoiler&#8217; de lo que iba a ser la velada.<\/p>\n<p class=\"v-p\">Con cada canci\u00f3n, el p\u00fablico estallaba de j\u00fabilo. Pese a que la asistencia en pista era con sillas, y el p\u00fablico en general vivi\u00f3 el concierto sentado, con cada final de canci\u00f3n una amplia mayor\u00eda de los congregados se levantaba a ovacionar al gran artista andaluz. Raphael, con esa actitud que le define, entonaba cada tema como el primer d\u00eda, cumpliendo as\u00ed con el objetivo de su tour 2025, ese viaje por toda su trayectoria para emocionar de nuevo a todos sus fans.<\/p>\n<p class=\"v-p\">Con el concierto en marcha, durante el tema &#8216;Digan lo que digan&#8217;, Rapael se sent\u00f3 en una butaca desde la que continu\u00f3 con su espect\u00e1culo. Y como bien dice la canci\u00f3n, digan lo que digan Raphael se mantiene fuerte, porque su energ\u00eda tal vez no estar\u00e1 em sus piernas, pero s\u00ed en esa voz que tanto le ha definido. Con &#8216;mi gran noche&#8217; volvi\u00f3 a levantarse y el p\u00fablico con \u00e9l, porque es imposible no recordar momentos estelares al escuchar este himno de la historia musical espa\u00f1ola.<\/p>\n<p class=\"v-p\">Cabe recordar que se trata del primer concierto que da en Valencia el artista de Linares, desde que <a href=\"https:\/\/www.lasprovincias.es\/culturas\/musica\/raphael-sobre-linfoma-cerebral-queria-decir-decia-20250501185012-ntrc.html\" target=\"_self\" data-voc-vtm-id=\"in-text-traffic\" title=\"sufriera un derrame cerebral\" data-mrf-link=\"www.lasprovincias.es\" rel=\"nofollow noopener\">sufriera un derrame cerebral<\/a> poco frecuente durante la grabaci\u00f3n de un programa de &#8216;La Revuelta&#8217; de Radio Televisi\u00f3n Espa\u00f1ola (RTVE). La enfermedad le mantuvo medio a\u00f1o alejado de los escenarios, pero con su espect\u00e1culo &#8216;Raphaelismo&#8217; pretend\u00eda demostrar que su m\u00fasica dando mucha guerra y todav\u00eda queda tiempo para decir adi\u00f3s a las giras y los conciertos. Y vaya si lo demostr\u00f3 en el Roig Arena.<\/p>\n<p class=\"v-p\">Y es que a veces, un show no necesita de un artista que salte, baile y se mueva todo el escenario. Algunas voces, hoy en d\u00eda ic\u00f3nicas, son capaces de servir de hilo conductor de un show memorable para los valencianos. Raphael, sentado, pero su voz, expandida por todo el recinto. Capaz de sacar las l\u00e1grimas de los presentes. De animar a ese abrazo de una hija a su madre. De arrancar ese beso de enamorados de un matrimonio jubilado que afirmaba que Raphael \u00abes un fen\u00f3meno\u00bb.<\/p>\n<p class=\"v-p\">Entre balada y balada. Se levantaba. &#8216;Padam, Padam&#8217; merec\u00eda ser cantada en pie. Pese a su 1,70 metros de estatura, Raphael se hac\u00eda gigante con cada tema que interpretaba. A los aplausos entre actuaciones se sumaban silbidos y v\u00edtores por doquier. Un p\u00fablico entregado llev\u00f3 en volandas a Raphael, que apenas descansaba entre canciones. En total, interpret\u00f3 hasta 30 caciones. &#8216;La vida en rosa&#8217;, &#8216;Estuve enamorado&#8217; o &#8216;Desde aquel d\u00eda&#8217; entre un repertorio que la gente cant\u00f3 llena de emoci\u00f3n.<\/p>\n<p><a href=\"http:\/\/www.lasprovincias.es\/culturas\/familia-valenciana-divo-raphael-20251025011046-nt.html#vtm_modulosEngag=mod-rel:culturas:noticia:1:cmp:1-not\" class=\"v-a-link\" aria-label=\"Imagen\" rel=\"nofollow noopener\" target=\"_blank\"><\/p>\n<p><img decoding=\"async\" loading=\"lazy\" src=\"https:\/\/www.europesays.com\/es\/wp-content\/uploads\/2025\/11\/1502136763-U73133262231GNx-366x256@Las Provincias.jpg\" class=\"v-a-img\" width=\"258\" height=\"180\" alt=\"\" data-voc-vtm-id=\"in-text-traffic\"\/><\/p>\n<p><\/a><\/p>\n<p class=\"v-p\">Una detr\u00e1s de otra, las canciones de Raphael resonaron en el Roig Arena uni\u00e9ndose con los coros de un p\u00fablico totalmente entregado. De cara al cierre del espect\u00e1culo, el show se convirti\u00f3 en un aut\u00e9ntico &#8216;Esc\u00e1ndalo&#8217;. Con la interpretaci\u00f3n de esta canci\u00f3n, Raphael puso el broche final perfecto a un concierto que los asistentes recordar\u00e1n para siempre. Raphael promete seguir dando guerra, y as\u00ed lo demostr\u00f3 en la exigente plaza del Roig Arena. &#8216;Amor m\u00edo&#8217;, &#8216;Cuando t\u00fa no est\u00e1s&#8217; o &#8216;\u00c1mame&#8217; sonar\u00e1n para siempre en este coliseo que ha puesto Valencia en el centro del mapa de grandes artistas nacionales e internacionales. Una noche m\u00e1s m\u00e1gica, gracias a Raphael, en su gran noche en Valencia.<\/p>\n","protected":false},"excerpt":{"rendered":"Puntual como un reloj suizo, los m\u00fasicos de Raphael tocaron los primeros acordes en el Roig Arena. &#8216;Raphael\u00edsimo&#8217;&hellip;\n","protected":false},"author":2,"featured_media":214457,"comment_status":"","ping_status":"","sticky":false,"template":"","format":"standard","meta":{"footnotes":""},"categories":[91],"tags":[146,147,25,24,3956,193,24243,23,235],"class_list":{"0":"post-214456","1":"post","2":"type-post","3":"status-publish","4":"format-standard","5":"has-post-thumbnail","7":"category-entretenimiento","8":"tag-entertainment","9":"tag-entretenimiento","10":"tag-es","11":"tag-espana","12":"tag-gran","13":"tag-noche","14":"tag-raphael","15":"tag-spain","16":"tag-valencia"},"share_on_mastodon":{"url":"https:\/\/pubeurope.com\/@es\/115480355821853485","error":""},"_links":{"self":[{"href":"https:\/\/www.europesays.com\/es\/wp-json\/wp\/v2\/posts\/214456","targetHints":{"allow":["GET"]}}],"collection":[{"href":"https:\/\/www.europesays.com\/es\/wp-json\/wp\/v2\/posts"}],"about":[{"href":"https:\/\/www.europesays.com\/es\/wp-json\/wp\/v2\/types\/post"}],"author":[{"embeddable":true,"href":"https:\/\/www.europesays.com\/es\/wp-json\/wp\/v2\/users\/2"}],"replies":[{"embeddable":true,"href":"https:\/\/www.europesays.com\/es\/wp-json\/wp\/v2\/comments?post=214456"}],"version-history":[{"count":0,"href":"https:\/\/www.europesays.com\/es\/wp-json\/wp\/v2\/posts\/214456\/revisions"}],"wp:featuredmedia":[{"embeddable":true,"href":"https:\/\/www.europesays.com\/es\/wp-json\/wp\/v2\/media\/214457"}],"wp:attachment":[{"href":"https:\/\/www.europesays.com\/es\/wp-json\/wp\/v2\/media?parent=214456"}],"wp:term":[{"taxonomy":"category","embeddable":true,"href":"https:\/\/www.europesays.com\/es\/wp-json\/wp\/v2\/categories?post=214456"},{"taxonomy":"post_tag","embeddable":true,"href":"https:\/\/www.europesays.com\/es\/wp-json\/wp\/v2\/tags?post=214456"}],"curies":[{"name":"wp","href":"https:\/\/api.w.org\/{rel}","templated":true}]}}