{"id":214470,"date":"2025-11-02T13:41:19","date_gmt":"2025-11-02T13:41:19","guid":{"rendered":"https:\/\/www.europesays.com\/es\/214470\/"},"modified":"2025-11-02T13:41:19","modified_gmt":"2025-11-02T13:41:19","slug":"sinner-aplasta-a-zverev-y-se-cita-con-auger-aliassime-en-la-final-de-paris","status":"publish","type":"post","link":"https:\/\/www.europesays.com\/es\/214470\/","title":{"rendered":"Sinner aplasta a Zverev y se cita con Auger-Aliassime en la final de Par\u00eds"},"content":{"rendered":"<p class=\"ft-text\"><a class=\"ft-link ft-link--decoration\" href=\"https:\/\/www.sport.es\/es\/noticias\/tenis\/sinner-pasos-numero-1-123242507\" rel=\"nofollow noopener\" target=\"_blank\"><strong>Jannik Sinner<\/strong><\/a><strong> <\/strong>aplast\u00f3 al defensor del t\u00edtulo, <strong>Alexander Zverev,<\/strong> visiblemente mermado f\u00edsicamente, por 6-0 y 6-1 en poco m\u00e1s de una hora y se jugar\u00e1 el t\u00edtulo contra el canadiense <strong>Felix Auger-Aliassime.<\/strong><\/p>\n<p class=\"ft-text\">Ser\u00e1 el sexto encuentro entre dos ne\u00f3fitos en la final de Par\u00eds, y el transalpino, ganador de los dos \u00faltimos duelos, ambos este a\u00f1o, tratar\u00e1 de empatar a tres el cara a cara particular con el canadiense.<strong> Sinner<\/strong>, que llega a la final sin haber perdido un set, ser\u00e1 el gran favorito y, en caso de victoria, arrebatar\u00e1 el n\u00famero 1 del mundo a <strong>Carlos Alcaraz,<\/strong> aunque este puede recuperarlo si gana tres partidos durante el<strong> Torneo de Maestros de Tur\u00edn<\/strong> y acabar as\u00ed su segunda temporada en la c\u00faspide del r\u00e1king tras <strong>2022<\/strong>.<\/p>\n<p class=\"ft-text\">El italiano opta a su primer <strong>Masters 1.000<\/strong> de un a\u00f1o peculiar para \u00e9l, que pas\u00f3 varios meses en el dique seco para purgar una sanci\u00f3n por dopaje. Pese a ello, se apunt\u00f3 cuatro torneos, <strong>dos Grand Slam, Australia y Wimbledon<\/strong>, y jug\u00f3 otras cuatro finales, dos de ellas en grandes y dos en <strong>Masters 1.000.<\/strong><\/p>\n<p><img decoding=\"async\" src=\"https:\/\/www.europesays.com\/es\/wp-content\/uploads\/2025\/11\/1e8f9c3e-fd74-46a1-bb20-6cac9f7ee4d3_alta-libre-aspect-ratio_default_0.jpg\" width=\"1200\" height=\"800\" alt=\"Italy's Jannik Sinner reacts after winning the semifinal match of the Paris Masters tennis tournament against Germany's Alexander Zverev in Paris, Saturday, Nov. 1, 2025. (AP Photo\/Christophe Ena) Associate Press\/ LaPresse Only Italy and Spain\" class=\"ft-helper-img-rd\" loading=\"lazy\" hasdataaida=\"true\"\/><\/p>\n<p class=\"ft-helper-fontColor-quaternary ft-helper-fontSize-body-S ft-helper-spacer-t-xxs\">Italy&#8217;s Jannik Sinner reacts after winning the semifinal match of the Paris Masters tennis tournament against Germany&#8217;s Alexander Zverev in Paris, Saturday, Nov. 1, 2025. (AP Photo\/Christophe Ena) Associate Press\/ LaPresse Only Italy and Spain  \/ Associated Press\/LaPresse \/ LAP<\/p>\n<p class=\"ft-text\">Contra <strong>Zverev<\/strong>, en una reedici\u00f3n de la final de Viena del pasado domingo, Sinner no tuvo piedad de un rival al que ha ganado los cuatro \u00faltimos duelos y a quien ahora adelanta en el r\u00e1nking 5-4. Con el contundente 6-0 del primer set en apenas media hora, denotaba que el germano no ten\u00eda energ\u00eda, tras la dura batalla de la v\u00edspera contra <strong>Daniil Medvedev<\/strong>, frente a quien levant\u00f3 dos bolas de partido antes de clasificase para su tercera semifinal consecutiva en <strong>Par\u00eds<\/strong>.<\/p>\n<p class=\"ft-text\">El golpe era de talla y la competencia del alem\u00e1n tampoco fue muy superior en la segunda manga, que solo sirvi\u00f3 para certificar el triunfo n\u00famero 25 consecutivo de <strong>Sinner <\/strong>bajo techo. Desde la final de <strong>Wimbledon <\/strong>el italiano solo ha perdido tres partidos, dos de ellos por retirada.<\/p>\n<p class=\"ft-text\"><strong>Auger-Aliassime <\/strong>jugar\u00e1 su primera final en <strong>Par\u00eds<\/strong>, la vig\u00e9sima de su carrera, tras haber derrotado al kazajo<strong> Alexander Bublik (<\/strong>7-6(3), 6-4) A sus 25 a\u00f1os, el canadiense logra con este triunfo izarse a la octava plaza del r\u00e1nking, sin\u00f3nimo de clasificaci\u00f3n para el <strong>Torneo de Maestros de Tur\u00edn,<\/strong> aunque con muy poca ventaja sobre <strong>Lorenzo Musetti,<\/strong> por lo que todo depender\u00e1 de los torneos de la semana que viene.<\/p>\n","protected":false},"excerpt":{"rendered":"Jannik Sinner aplast\u00f3 al defensor del t\u00edtulo, Alexander Zverev, visiblemente mermado f\u00edsicamente, por 6-0 y 6-1 en poco&hellip;\n","protected":false},"author":2,"featured_media":214471,"comment_status":"","ping_status":"","sticky":false,"template":"","format":"standard","meta":{"footnotes":""},"categories":[274],"tags":[28035,22130,7716,168,25,24,4466,23,167,327,326,12952],"class_list":{"0":"post-214470","1":"post","2":"type-post","3":"status-publish","4":"format-standard","5":"has-post-thumbnail","7":"category-tenis","8":"tag-aplasta","9":"tag-auger","10":"tag-cita","11":"tag-deportes","12":"tag-es","13":"tag-espana","14":"tag-sinner","15":"tag-spain","16":"tag-sports","17":"tag-tenis","18":"tag-tennis","19":"tag-zverev"},"share_on_mastodon":{"url":"https:\/\/pubeurope.com\/@es\/115480395023663653","error":""},"_links":{"self":[{"href":"https:\/\/www.europesays.com\/es\/wp-json\/wp\/v2\/posts\/214470","targetHints":{"allow":["GET"]}}],"collection":[{"href":"https:\/\/www.europesays.com\/es\/wp-json\/wp\/v2\/posts"}],"about":[{"href":"https:\/\/www.europesays.com\/es\/wp-json\/wp\/v2\/types\/post"}],"author":[{"embeddable":true,"href":"https:\/\/www.europesays.com\/es\/wp-json\/wp\/v2\/users\/2"}],"replies":[{"embeddable":true,"href":"https:\/\/www.europesays.com\/es\/wp-json\/wp\/v2\/comments?post=214470"}],"version-history":[{"count":0,"href":"https:\/\/www.europesays.com\/es\/wp-json\/wp\/v2\/posts\/214470\/revisions"}],"wp:featuredmedia":[{"embeddable":true,"href":"https:\/\/www.europesays.com\/es\/wp-json\/wp\/v2\/media\/214471"}],"wp:attachment":[{"href":"https:\/\/www.europesays.com\/es\/wp-json\/wp\/v2\/media?parent=214470"}],"wp:term":[{"taxonomy":"category","embeddable":true,"href":"https:\/\/www.europesays.com\/es\/wp-json\/wp\/v2\/categories?post=214470"},{"taxonomy":"post_tag","embeddable":true,"href":"https:\/\/www.europesays.com\/es\/wp-json\/wp\/v2\/tags?post=214470"}],"curies":[{"name":"wp","href":"https:\/\/api.w.org\/{rel}","templated":true}]}}