{"id":214472,"date":"2025-11-02T13:42:08","date_gmt":"2025-11-02T13:42:08","guid":{"rendered":"https:\/\/www.europesays.com\/es\/214472\/"},"modified":"2025-11-02T13:42:08","modified_gmt":"2025-11-02T13:42:08","slug":"thibau-nys-y-lucinda-brand-conquistan-koppenbergcross","status":"publish","type":"post","link":"https:\/\/www.europesays.com\/es\/214472\/","title":{"rendered":"Thibau Nys y Lucinda Brand conquistan Koppenbergcross"},"content":{"rendered":"<p>                    El arranque del X2O Trofee en Koppenbergcross depar\u00f3 los triunfos del campe\u00f3n de Europa Thibau Nys, en su debut competitivo de la temporada de ciclocross; y de Lucinda Brand, que ya suma tres victorias<\/p>\n<p class=\"c-news-list__author\">Ciclismoafondo.es. Foto: X2O Trofee.<\/p>\n<p class=\"c-mainarticle__date\">\n<p>                    1 de noviembre de 2025 (19:41 CET)<\/p>\n<p>                                                                                                                                        <img fetchpriority=\"high\" decoding=\"async\" src=\"https:\/\/www.europesays.com\/es\/wp-content\/uploads\/2025\/11\/thibau-nys-koppenbergcross.jpeg\" alt=\"Thibau Nys debuta con victoria en Koppenbergcross\" title=\"Thibau Nys debuta con victoria en Koppenbergcross\" class=\"c-mainarticle__img\" loading=\"eager\" width=\"790\" height=\"454\"\/><\/p>\n<p>                    Thibau Nys debuta con victoria en Koppenbergcross<\/p>\n<p>Espect\u00e1culo de mucho nivel en Oudenaarde, con la cita inaugural del\u00a0Trofeo X\u00b2O Badkamers.\u00a0Un certamen \u00fanico en ciclocross donde se tiene en cuenta la diferencia de segundos de cara a la clasificaci\u00f3n general. All\u00ed se dio cita en su debut de la temporada un Thibau Nys que lejos de defraudar, levant\u00f3 los brazos repitiendo su triunfo de 2024. Solo se le pudo acercar el brit\u00e1nico Cameron Mason, a 21 segundos, mientras que cerr\u00f3 el p\u00f3dium Pim Ronhaar, a 1:44.<\/p>\n<blockquote class=\"twitter-tweet\"><p>&#13;<\/p>\n<p dir=\"ltr\" lang=\"es\">\ud83d\udc66\ud83c\udffc\ud83c\udde7\ud83c\uddea El hijo de Sven se vuelve a coronar \ud83d\udc51<\/p>\n<p>Thibau Nys gana por segunda vez el <a href=\"https:\/\/twitter.com\/hashtag\/Koppenbergcross?src=hash&amp;ref_src=twsrc%5Etfw\" rel=\"nofollow noopener\" target=\"_blank\">#Koppenbergcross<\/a> -por 9 de su padre- y estrena a lo grande un invierno que puede ser de ensue\u00f1o hasta que vuelvan VDP y WVA<\/p>\n<p>\ud83d\udcfa Todo el ciclocross, en Eurosport y <a href=\"https:\/\/twitter.com\/StreamMaxES?ref_src=twsrc%5Etfw\" rel=\"nofollow noopener\" target=\"_blank\">@StreamMaxES<\/a> <a href=\"https:\/\/twitter.com\/hashtag\/LaCasaDelCiclismo?src=hash&amp;ref_src=twsrc%5Etfw\" rel=\"nofollow noopener\" target=\"_blank\">#LaCasaDelCiclismo<\/a> <a href=\"https:\/\/t.co\/m5KcOS0fIN\" rel=\"nofollow\">pic.twitter.com\/m5KcOS0fIN<\/a><\/p>\n<p>&#13;<br \/>\n\u2014 Eurosport.es (@Eurosport_ES) <a href=\"https:\/\/twitter.com\/Eurosport_ES\/status\/1984636794625732700?ref_src=twsrc%5Etfw\" rel=\"nofollow noopener\" target=\"_blank\">November 1, 2025<\/a>\n<\/p><\/blockquote>\n<p>En la manga femenina, la noticia salt\u00f3 en la primera vuelta con el abandono de Fem Van Empel. La campeona del mundo, y ganadora los tres \u00faltimos a\u00f1os en Kopenbergcross, se bajaba al paso por boxes. La pelea por la victoria se la llevaba Lucinda Brand, que tuvo que apretar hasta la misma l\u00ednea de meta ante una excepcional\u00a0C\u00e9lia Gery. La joven francesa de 19 a\u00f1os se qued\u00f3 a solo 19 segundos en la meta, mientras que Casasola complet\u00f3 el p\u00f3dium.<\/p>\n<blockquote class=\"twitter-tweet\"><p>&#13;<\/p>\n<p dir=\"ltr\" lang=\"es\">\ud83d\ude33 Fem van Empel empezaba l\u00edder el <a href=\"https:\/\/twitter.com\/hashtag\/Koppenbergcross?src=hash&amp;ref_src=twsrc%5Etfw\" rel=\"nofollow noopener\" target=\"_blank\">#Koppenbergcross<\/a>&#8230; \u00a1y se baja al primer paso por boxes!<\/p>\n<p>\ud83c\udf08 La campeona del mundo, acuciada este mismo 2025 por problemas de salud mental y que ya fue baja en Overijse, dice adi\u00f3s nada m\u00e1s comenzar<a href=\"https:\/\/twitter.com\/hashtag\/LaCasaDelCiclismo?src=hash&amp;ref_src=twsrc%5Etfw\" rel=\"nofollow noopener\" target=\"_blank\">#LaCasaDelCiclismo<\/a> <a href=\"https:\/\/t.co\/hNo3r49Gvm\" rel=\"nofollow\">pic.twitter.com\/hNo3r49Gvm<\/a><\/p>\n<p>&#13;<br \/>\n\u2014 Eurosport.es (@Eurosport_ES) <a href=\"https:\/\/twitter.com\/Eurosport_ES\/status\/1984605617638482013?ref_src=twsrc%5Etfw\" rel=\"nofollow noopener\" target=\"_blank\">November 1, 2025<\/a>\n<\/p><\/blockquote>\n<p><script async src=\"https:\/\/platform.twitter.com\/widgets.js\" charset=\"utf-8\"><\/script><\/p>\n","protected":false},"excerpt":{"rendered":"El arranque del X2O Trofee en Koppenbergcross depar\u00f3 los triunfos del campe\u00f3n de Europa Thibau Nys, en su&hellip;\n","protected":false},"author":2,"featured_media":214473,"comment_status":"","ping_status":"","sticky":false,"template":"","format":"standard","meta":{"footnotes":""},"categories":[273],"tags":[313,312,168,25,24,23,167],"class_list":{"0":"post-214472","1":"post","2":"type-post","3":"status-publish","4":"format-standard","5":"has-post-thumbnail","7":"category-ciclismo","8":"tag-ciclismo","9":"tag-cycling","10":"tag-deportes","11":"tag-es","12":"tag-espana","13":"tag-spain","14":"tag-sports"},"share_on_mastodon":{"url":"https:\/\/pubeurope.com\/@es\/115480398643010654","error":""},"_links":{"self":[{"href":"https:\/\/www.europesays.com\/es\/wp-json\/wp\/v2\/posts\/214472","targetHints":{"allow":["GET"]}}],"collection":[{"href":"https:\/\/www.europesays.com\/es\/wp-json\/wp\/v2\/posts"}],"about":[{"href":"https:\/\/www.europesays.com\/es\/wp-json\/wp\/v2\/types\/post"}],"author":[{"embeddable":true,"href":"https:\/\/www.europesays.com\/es\/wp-json\/wp\/v2\/users\/2"}],"replies":[{"embeddable":true,"href":"https:\/\/www.europesays.com\/es\/wp-json\/wp\/v2\/comments?post=214472"}],"version-history":[{"count":0,"href":"https:\/\/www.europesays.com\/es\/wp-json\/wp\/v2\/posts\/214472\/revisions"}],"wp:featuredmedia":[{"embeddable":true,"href":"https:\/\/www.europesays.com\/es\/wp-json\/wp\/v2\/media\/214473"}],"wp:attachment":[{"href":"https:\/\/www.europesays.com\/es\/wp-json\/wp\/v2\/media?parent=214472"}],"wp:term":[{"taxonomy":"category","embeddable":true,"href":"https:\/\/www.europesays.com\/es\/wp-json\/wp\/v2\/categories?post=214472"},{"taxonomy":"post_tag","embeddable":true,"href":"https:\/\/www.europesays.com\/es\/wp-json\/wp\/v2\/tags?post=214472"}],"curies":[{"name":"wp","href":"https:\/\/api.w.org\/{rel}","templated":true}]}}