{"id":214478,"date":"2025-11-02T13:46:13","date_gmt":"2025-11-02T13:46:13","guid":{"rendered":"https:\/\/www.europesays.com\/es\/214478\/"},"modified":"2025-11-02T13:46:13","modified_gmt":"2025-11-02T13:46:13","slug":"el-verdadero-motivo-por-el-que-richard-gere-y-alejandra-silva-se-van-de-espana","status":"publish","type":"post","link":"https:\/\/www.europesays.com\/es\/214478\/","title":{"rendered":"El verdadero motivo por el que Richard Gere y Alejandra Silva se van de Espa\u00f1a"},"content":{"rendered":"<p class=\"v-mdl-ath__p v-mdl-ath__p--6\">\nDomingo, 2 de noviembre 2025, 12:35<\/p>\n<p>| Actualizado 12:43h.<\/p>\n<p class=\"v-p\">Richard Gere y su mujer, Alejandra Silva, se instalaron en oto\u00f1o del pasado a\u00f1o en Espa\u00f1a con la intenci\u00f3n de pasar una larga temporada. Pero finalmente no ser\u00e1 as\u00ed. La pareja ha tomado la decisi\u00f3n de decir adi\u00f3s a su estancia en nuestro pa\u00eds y <a href=\"https:\/\/www.elcorreo.com\/gente-estilo\/richard-gere-alejandra-silva-ponen-fin-estancia-20251026151013-ntrc.html\" target=\"_blank\" title=\"Richard Gere y Alejandra Silva ponen fin a su estancia en Espa\u00f1a\" data-voc-vtm-id=\"in-text-traffic\" data-mrf-link=\"www.elcorreo.com\" rel=\"nofollow noopener\">volver a Estados Unidos<\/a>, donde residieron los primeros seis a\u00f1os de matrimonio. Pero, \u00bfpor qu\u00e9? \u00bfCu\u00e1l es el verdadero motivo que les ha llevado a cruzar de nuevo el Atl\u00e1ntico?<\/p>\n<p><a href=\"http:\/\/www.elcorreo.com\/gente-estilo\/richard-gere-alejandra-silva-ponen-fin-estancia-20251026151013-ntrc.html#vtm_modulosEngag=mod-rel:gente-estilo:noticia:1:cmp:1-not\" class=\"v-a-link\" aria-label=\"Imagen\" rel=\"nofollow noopener\" target=\"_blank\"><\/p>\n<p><img decoding=\"async\" loading=\"lazy\" src=\"https:\/\/www.europesays.com\/es\/wp-content\/uploads\/2025\/11\/clip-0066-kJTC--366x256@RC.jpg\" class=\"v-a-img\" width=\"258\" height=\"180\" alt=\"\" data-voc-vtm-id=\"in-text-traffic\"\/><\/p>\n<p><\/a><\/p>\n<p class=\"v-p\">Al parecer, todo se debe a cuestiones log\u00edsticas. Seg\u00fan detalla &#8216;Hola.com&#8217;, el principal motivo de la mudanza reside en los \u00abconstantes viajes a Estados Unidos que el actor realiza por cuestiones laborales\u00bb. \u00abAlejandra le acompa\u00f1a siempre que puede, pero tambi\u00e9n est\u00e1n sus hijos\u00bb, explica la revista en su portal web. As\u00ed las cosas, la pareja opt\u00f3 a comienzos de septiembre por mantener su hogar familiar en Nueva York y no en Madrid, como hasta ahora. <\/p>\n<p class=\"v-p\">La conocida revista del coraz\u00f3n avanza que fue la propia Alejandra quien tom\u00f3 la decisi\u00f3n de cambiar de planes a \u00faltima hora y adaptarse a las necesidades de su marido y sus hijos, que ya est\u00e1n escolarizados de nuevo en Nueva York tras pasar por las aulas del colegio Brewster de La Moraleja. Hace unos d\u00edas, el actor aseguraba que \u00ablo m\u00e1s importante que puedo decir es que Ale estaba realmente feliz -en Espa\u00f1a- por su familia, sus amigos, su cultura, su ciudad. Y la comida. Todo eso, todas esas cosas estupendas de la cultura. As\u00ed que ha sido fabuloso\u00bb. <\/p>\n<p class=\"v-p\">Todo apunta a que el matrimonio mantendr\u00e1 su el domicilio que tienen en una exclusiva urbanizaci\u00f3n de Madrid, ya que la intenci\u00f3n de la pareja es volver por motivos de trabajo y personales siempre que sea necesario. <\/p>\n<p class=\"v-p\">En cualquier caso, los compromisos laborales y ben\u00e9ficos que tiene Alejandra en Espa\u00f1a se mantendr\u00e1n intactos. Y es que uno de los motivos que llev\u00f3 a la pareja a mudarse a Madrid fue formar parte del patronato de la ONG Hogar S\u00ed. \u00abQueremos ayudar a este pa\u00eds a acabar con el sinhogarismo. Nuestro objetivo es que, de aqu\u00ed a 5 a\u00f1os, nadie duerma en la calle\u00bb, explicaba Alejandra a comienzos de a\u00f1o. \u00abLa verdad es que nos est\u00e1s viendo en nuestro momento. Estamos m\u00e1s felices que nunca. Ella, porque est\u00e1 en casa, y yo porque, si ella es feliz, yo soy feliz\u00bb, afirmaba el actor a su llegada a nuestro pa\u00eds. <\/p>\n<p>Reporta un error<\/p>\n","protected":false},"excerpt":{"rendered":"Domingo, 2 de noviembre 2025, 12:35 | Actualizado 12:43h. Richard Gere y su mujer, Alejandra Silva, se instalaron&hellip;\n","protected":false},"author":2,"featured_media":214479,"comment_status":"","ping_status":"","sticky":false,"template":"","format":"standard","meta":{"footnotes":""},"categories":[174],"tags":[255,146,147,25,24,256,12075,5135,2461,12074,23,6174,10346],"class_list":{"0":"post-214478","1":"post","2":"type-post","3":"status-publish","4":"format-standard","5":"has-post-thumbnail","7":"category-famosos","8":"tag-celebrities","9":"tag-entertainment","10":"tag-entretenimiento","11":"tag-es","12":"tag-espana","13":"tag-famosos","14":"tag-gere","15":"tag-motivo","16":"tag-mujer","17":"tag-richard","18":"tag-spain","19":"tag-van","20":"tag-verdadero"},"share_on_mastodon":{"url":"https:\/\/pubeurope.com\/@es\/115480414666609509","error":""},"_links":{"self":[{"href":"https:\/\/www.europesays.com\/es\/wp-json\/wp\/v2\/posts\/214478","targetHints":{"allow":["GET"]}}],"collection":[{"href":"https:\/\/www.europesays.com\/es\/wp-json\/wp\/v2\/posts"}],"about":[{"href":"https:\/\/www.europesays.com\/es\/wp-json\/wp\/v2\/types\/post"}],"author":[{"embeddable":true,"href":"https:\/\/www.europesays.com\/es\/wp-json\/wp\/v2\/users\/2"}],"replies":[{"embeddable":true,"href":"https:\/\/www.europesays.com\/es\/wp-json\/wp\/v2\/comments?post=214478"}],"version-history":[{"count":0,"href":"https:\/\/www.europesays.com\/es\/wp-json\/wp\/v2\/posts\/214478\/revisions"}],"wp:featuredmedia":[{"embeddable":true,"href":"https:\/\/www.europesays.com\/es\/wp-json\/wp\/v2\/media\/214479"}],"wp:attachment":[{"href":"https:\/\/www.europesays.com\/es\/wp-json\/wp\/v2\/media?parent=214478"}],"wp:term":[{"taxonomy":"category","embeddable":true,"href":"https:\/\/www.europesays.com\/es\/wp-json\/wp\/v2\/categories?post=214478"},{"taxonomy":"post_tag","embeddable":true,"href":"https:\/\/www.europesays.com\/es\/wp-json\/wp\/v2\/tags?post=214478"}],"curies":[{"name":"wp","href":"https:\/\/api.w.org\/{rel}","templated":true}]}}